{"id":109568,"date":"2024-07-05T10:30:34","date_gmt":"2024-07-05T08:30:34","guid":{"rendered":"https:\/\/www.mojevrijeme.hr\/magazin\/?p=109568"},"modified":"2024-07-05T10:30:38","modified_gmt":"2024-07-05T08:30:38","slug":"stizu-vece-mirovine-poznato-je-i-kada-sjedaju-na-racun","status":"publish","type":"post","link":"https:\/\/www.mojevrijeme.hr\/magazin\/2024\/07\/stizu-vece-mirovine-poznato-je-i-kada-sjedaju-na-racun\/","title":{"rendered":"Sti\u017eu ve\u0107e mirovine, poznato je i kada sjedaju na ra\u010dun"},"content":{"rendered":"\n<p>Prve projekcije srpanjskog uskla\u0111ivanja mirovina prije nekoliko je dana objavio mirovinski analiti\u010dar <strong>\u017deljko \u0160emper<\/strong>.  Ra\u010dunicu je temeljio na podacima Dr\u017eavnog zavoda za statistiku koji je objavio podatke o cijenama za svibanj i pla\u0107ama za travanj.<\/p>\n\n\n\n<p>Naime, stopa uskla\u0111ivanja aktualne vrijednosti mirovine, koja se primjenjuje&nbsp;<strong>1. sije\u010dnja i 1. srpnja<\/strong>&nbsp;svake kalendarske godine, odre\u0111uje se tako da se AVM uskladi po stopi koja se dobije zbrajanjem stopa promjene prosje\u010dnog indeksa potro\u0161a\u010dkih cijena i stopa promjene prosje\u010dne brutopla\u0107e svih zaposlenih u Republici Hrvatskoj u prethodnom polugodi\u0161tu u odnosu na polugodi\u0161te koje mu prethodi. Pri tome se primjenjuje formula 70:30 u korist ve\u0107eg faktora. <\/p>\n\n\n\n<p>\u201cU razdoblju sije\u010danj-travanj u odnosu na srpanj-listopad pla\u0107e su rasle za 10,2 posto pa prema jo\u0161 uvijek staroj formuli 70:30 uskla\u0111ivanje mirovina u ovom trenutku bi iznosilo 7,26 posto&#8221;, zaklju\u010dio je \u0160emper.<\/p><div id=\"mojev-1229897813\" class=\"mojev-u-tekstu mojev-entity-placement\" style=\"margin-left: auto;margin-right: auto;text-align: center;\"><div class=\"mojev-adlabel\">oglas<\/div><div style=\"height: 250px;\"><script async src=\"https:\/\/pagead2.googlesyndication.com\/pagead\/js\/adsbygoogle.js?client=ca-pub-8106111766207173\"\r\n     crossorigin=\"anonymous\"><\/script>\r\n<!-- Prikazni 1 u tekstu -->\r\n<ins class=\"adsbygoogle\"\r\n     style=\"display:block\"\r\n     data-ad-client=\"ca-pub-8106111766207173\"\r\n     data-ad-slot=\"8535551207\"\r\n     data-ad-format=\"auto\"\r\n     data-full-width-responsive=\"true\"><\/ins>\r\n<script>\r\n     (adsbygoogle = window.adsbygoogle || []).push({});\r\n<\/script><\/div><\/div><br style=\"clear: both; display: block; float: none;\"\/>\n\n\n\n<h3 class=\"wp-block-heading\">Kada sti\u017ee novac?<\/h3>\n\n\n\n<p>Ono \u0161to zanima mnoge umirovljenike jest kada \u0107e im na ra\u010dune sjesti ta ve\u0107a mirovina. Iako stupa na snagu prvog dana lipnja, uskla\u0111ivanje se provodi retroaktivno s obzirom na isplatu.<\/p>\n\n\n\n<p>Budu\u0107i da \u0107e tek 20. kolovoza Dr\u017eavni zavod za statistiku objaviti podatke o cijenama za svibanj i lipanj, za o\u010dekivati je da \u0107e ve\u0107a mirovina sjesti na ra\u010dune umirovljenika u rujnu kada se ispla\u0107uje mirovina za kolovoz. Uz tu mirovinu, isplatit \u0107e se i razlika za srpanjsku mirovinu.<\/p>\n<div id=\"mojev-2917313209\" class=\"mojev-kraj-teksta mojev-entity-placement\" style=\"margin-bottom: 20px;margin-left: auto;margin-right: auto;text-align: center;\"><div class=\"mojev-adlabel\">oglas<\/div><div style=\"height: 250px;\"><script async src=\"https:\/\/pagead2.googlesyndication.com\/pagead\/js\/adsbygoogle.js?client=ca-pub-8106111766207173\"\r\n     crossorigin=\"anonymous\"><\/script>\r\n<!-- Display-1 -->\r\n<ins class=\"adsbygoogle\"\r\n     style=\"display:block\"\r\n     data-ad-client=\"ca-pub-8106111766207173\"\r\n     data-ad-slot=\"1465712950\"\r\n     data-ad-format=\"auto\"\r\n     data-full-width-responsive=\"true\"><\/ins>\r\n<script>\r\n     (adsbygoogle = window.adsbygoogle || []).push({});\r\n<\/script><\/div><\/div>","protected":false},"excerpt":{"rendered":"<p>Do primjene novog uskla\u0111ivanja valja pri\u010dekati parametre koje \u0107e objaviti Dr\u017eavni zavod za statistiku. Poznat je i datum kada \u0107e se to dogoditi.<\/p>\n","protected":false},"author":1,"featured_media":109597,"comment_status":"closed","ping_status":"closed","sticky":false,"template":"","format":"standard","meta":{"footnotes":""},"categories":[9],"tags":[971,3706],"class_list":["post-109568","post","type-post","status-publish","format-standard","has-post-thumbnail","hentry","category-vijesti","tag-uskladivanje-mirovina","tag-zeljko-semper"],"_links":{"self":[{"href":"https:\/\/www.mojevrijeme.hr\/magazin\/wp-json\/wp\/v2\/posts\/109568","targetHints":{"allow":["GET"]}}],"collection":[{"href":"https:\/\/www.mojevrijeme.hr\/magazin\/wp-json\/wp\/v2\/posts"}],"about":[{"href":"https:\/\/www.mojevrijeme.hr\/magazin\/wp-json\/wp\/v2\/types\/post"}],"author":[{"embeddable":true,"href":"https:\/\/www.mojevrijeme.hr\/magazin\/wp-json\/wp\/v2\/users\/1"}],"replies":[{"embeddable":true,"href":"https:\/\/www.mojevrijeme.hr\/magazin\/wp-json\/wp\/v2\/comments?post=109568"}],"version-history":[{"count":0,"href":"https:\/\/www.mojevrijeme.hr\/magazin\/wp-json\/wp\/v2\/posts\/109568\/revisions"}],"wp:featuredmedia":[{"embeddable":true,"href":"https:\/\/www.mojevrijeme.hr\/magazin\/wp-json\/wp\/v2\/media\/109597"}],"wp:attachment":[{"href":"https:\/\/www.mojevrijeme.hr\/magazin\/wp-json\/wp\/v2\/media?parent=109568"}],"wp:term":[{"taxonomy":"category","embeddable":true,"href":"https:\/\/www.mojevrijeme.hr\/magazin\/wp-json\/wp\/v2\/categories?post=109568"},{"taxonomy":"post_tag","embeddable":true,"href":"https:\/\/www.mojevrijeme.hr\/magazin\/wp-json\/wp\/v2\/tags?post=109568"}],"curies":[{"name":"wp","href":"https:\/\/api.w.org\/{rel}","templated":true}]}}