{"id":109703,"date":"2024-07-02T11:08:35","date_gmt":"2024-07-02T09:08:35","guid":{"rendered":"https:\/\/www.mojevrijeme.hr\/magazin\/?p=109703"},"modified":"2024-07-02T11:08:39","modified_gmt":"2024-07-02T09:08:39","slug":"umirovljenici-gube-tri-postotna-boda-hdz-ne-zeli-rast-mirovina","status":"publish","type":"post","link":"https:\/\/www.mojevrijeme.hr\/magazin\/2024\/07\/umirovljenici-gube-tri-postotna-boda-hdz-ne-zeli-rast-mirovina\/","title":{"rendered":"&#8216;Umirovljenici gube tri postotna boda, HDZ ne \u017eeli rast mirovina&#8217;"},"content":{"rendered":"\n<p><strong>Pe\u0111a Grbin<\/strong>, predsjednik SDP-a na odlasku, komentirao je srpanjsko uskla\u0111ivanje mirovina i \u010dinjenicu da \u0107e, usprkos uskla\u0111ivanju, mirovine i dalje nastaviti zaostajati za pla\u0107ama. Naime, zbog sna\u017enog rasta pla\u0107a izazvanog reformom koeficijenata i pla\u0107a u javnom sektoru udio prosje\u010dne mirovine ponovo je pao, na 43,7 posto. <\/p>\n\n\n\n<p>&#8220;Vidimo i danas na svakom koraku kako ova nesretna i nespretna Vlada nije u stanju suvislo odlu\u010divati ni o \u010demu \u0161to je za gra\u0111ane bitno. Izdvojit \u0107u samo jednu crticu. Prije izbora, na\u0161im se umirovljenicima obe\u0107avalo da \u0107e odmah nakon formiranja Vlade biti predlo\u017eena korekcija Zakona o mirovinskom osiguranju i da \u0107e se osigurati da mirovine rastu br\u017ee&#8221;, podsje\u0107a Grbin.<\/p>\n\n\n\n<p>&#8220;To se, naravno, nije dogodilo i na\u0161i \u0107e umirovljenici ve\u0107 na ovom uskla\u0111enju izgubiti tri postotna poena, tri postotna poena koja su trebala dobiti&#8221;, kazao je prvak SDP-a.<\/p><div id=\"mojev-2206991803\" class=\"mojev-u-tekstu mojev-entity-placement\" style=\"margin-left: auto;margin-right: auto;text-align: center;\"><div class=\"mojev-adlabel\">oglas<\/div><div style=\"height: 250px;\"><script async src=\"https:\/\/pagead2.googlesyndication.com\/pagead\/js\/adsbygoogle.js?client=ca-pub-8106111766207173\"\r\n     crossorigin=\"anonymous\"><\/script>\r\n<!-- Prikazni 1 u tekstu -->\r\n<ins class=\"adsbygoogle\"\r\n     style=\"display:block\"\r\n     data-ad-client=\"ca-pub-8106111766207173\"\r\n     data-ad-slot=\"8535551207\"\r\n     data-ad-format=\"auto\"\r\n     data-full-width-responsive=\"true\"><\/ins>\r\n<script>\r\n     (adsbygoogle = window.adsbygoogle || []).push({});\r\n<\/script><\/div><\/div><br style=\"clear: both; display: block; float: none;\"\/>\n\n\n\n<h3 class=\"wp-block-heading\">Koliko \u0107e nominalno rasti mirovine?<\/h3>\n\n\n\n<p>Prve projekcije srpanjskog uskla\u0111ivanja mirovina prije nekoliko je dana objavio je mirovinski analiti\u010dar\u00a0<strong>\u017deljko \u0160emper<\/strong>. Ra\u010dunicu je temeljio na podacima Dr\u017eavnog zavoda za statistiku koji je objavio podatke o cijenama za svibanj i pla\u0107ama za travanj.<\/p>\n\n\n\n<p>Naime, stopa uskla\u0111ivanja aktualne vrijednosti mirovine, koja se primjenjuje&nbsp;<strong>1. sije\u010dnja i 1. srpnja<\/strong>&nbsp;svake kalendarske godine, odre\u0111uje se tako da se AVM uskladi po stopi koja se dobije zbrajanjem stopa promjene prosje\u010dnog indeksa potro\u0161a\u010dkih cijena i stopa promjene prosje\u010dne brutopla\u0107e svih zaposlenih u Republici Hrvatskoj u prethodnom polugodi\u0161tu u odnosu na polugodi\u0161te koje mu prethodi. Pri tome se primjenjuje formula 70:30 u korist ve\u0107eg faktora.<\/p>\n\n\n\n<p>\u201cU razdoblju sije\u010danj-travanj u odnosu na srpanj-listopad pla\u0107e su rasle za 10,2 posto pa prema jo\u0161 uvijek staroj formuli 70:30 uskla\u0111ivanje mirovina u ovom trenutku bi iznosilo 7,26 posto\u201d, zaklju\u010dio je \u0160emper.<\/p>\n<div id=\"mojev-2750328875\" class=\"mojev-kraj-teksta mojev-entity-placement\" style=\"margin-bottom: 20px;margin-left: auto;margin-right: auto;text-align: center;\"><div class=\"mojev-adlabel\">oglas<\/div><div style=\"height: 250px;\"><script async src=\"https:\/\/pagead2.googlesyndication.com\/pagead\/js\/adsbygoogle.js?client=ca-pub-8106111766207173\"\r\n     crossorigin=\"anonymous\"><\/script>\r\n<!-- Display-1 -->\r\n<ins class=\"adsbygoogle\"\r\n     style=\"display:block\"\r\n     data-ad-client=\"ca-pub-8106111766207173\"\r\n     data-ad-slot=\"1465712950\"\r\n     data-ad-format=\"auto\"\r\n     data-full-width-responsive=\"true\"><\/ins>\r\n<script>\r\n     (adsbygoogle = window.adsbygoogle || []).push({});\r\n<\/script><\/div><\/div>","protected":false},"excerpt":{"rendered":"<p>Stvarnu vrijednost prosje\u010dne mirovine pokazuje njen udio u prosje\u010dnoj pla\u0107i. Usprkos redovnim uskla\u0111ivanjima, mirovine ne da uspijevaju uhvatiti korak s pla\u0107ama, ve\u0107 kontinuirano tonu. <\/p>\n","protected":false},"author":1,"featured_media":101781,"comment_status":"closed","ping_status":"closed","sticky":false,"template":"","format":"standard","meta":{"footnotes":""},"categories":[9],"tags":[18,1227,971],"class_list":["post-109703","post","type-post","status-publish","format-standard","has-post-thumbnail","hentry","category-vijesti","tag-mirovine","tag-peda-grbin","tag-uskladivanje-mirovina"],"_links":{"self":[{"href":"https:\/\/www.mojevrijeme.hr\/magazin\/wp-json\/wp\/v2\/posts\/109703","targetHints":{"allow":["GET"]}}],"collection":[{"href":"https:\/\/www.mojevrijeme.hr\/magazin\/wp-json\/wp\/v2\/posts"}],"about":[{"href":"https:\/\/www.mojevrijeme.hr\/magazin\/wp-json\/wp\/v2\/types\/post"}],"author":[{"embeddable":true,"href":"https:\/\/www.mojevrijeme.hr\/magazin\/wp-json\/wp\/v2\/users\/1"}],"replies":[{"embeddable":true,"href":"https:\/\/www.mojevrijeme.hr\/magazin\/wp-json\/wp\/v2\/comments?post=109703"}],"version-history":[{"count":0,"href":"https:\/\/www.mojevrijeme.hr\/magazin\/wp-json\/wp\/v2\/posts\/109703\/revisions"}],"wp:featuredmedia":[{"embeddable":true,"href":"https:\/\/www.mojevrijeme.hr\/magazin\/wp-json\/wp\/v2\/media\/101781"}],"wp:attachment":[{"href":"https:\/\/www.mojevrijeme.hr\/magazin\/wp-json\/wp\/v2\/media?parent=109703"}],"wp:term":[{"taxonomy":"category","embeddable":true,"href":"https:\/\/www.mojevrijeme.hr\/magazin\/wp-json\/wp\/v2\/categories?post=109703"},{"taxonomy":"post_tag","embeddable":true,"href":"https:\/\/www.mojevrijeme.hr\/magazin\/wp-json\/wp\/v2\/tags?post=109703"}],"curies":[{"name":"wp","href":"https:\/\/api.w.org\/{rel}","templated":true}]}}