{"id":109721,"date":"2024-07-02T13:36:29","date_gmt":"2024-07-02T11:36:29","guid":{"rendered":"https:\/\/www.mojevrijeme.hr\/magazin\/?p=109721"},"modified":"2024-07-02T13:40:20","modified_gmt":"2024-07-02T11:40:20","slug":"angeline-imam-105-godina-ali-volim-raditi-popijem-i-pivo","status":"publish","type":"post","link":"https:\/\/www.mojevrijeme.hr\/magazin\/2024\/07\/angeline-imam-105-godina-ali-volim-raditi-popijem-i-pivo\/","title":{"rendered":"Angeline: &#8216;Imam 105 godina, ali volim raditi. Popijem i pivo!&#8217;"},"content":{"rendered":"\n<p><strong>Angeline Charlebois<\/strong> ima zgusnut raspored. Ova 105 godina stara umirovljena Kana\u0111anka utorkom poslijepodne karta s prijateljima u klubu za starije. Strastvena je \u010ditateljica i voli plesti. Izra\u0111uje kape za bebe za obli\u017enju bolnicu. Plesti je nau\u010dili kad je navr\u0161ila 100 godina. <\/p>\n\n\n\n<p>&#8220;Nisam netko tko samo sjedi. Motivirana sam. Radim i volim raditi&#8221;, rekla je Charlebois za <a href=\"https:\/\/www.ctvnews.ca\/lifestyle\/she-s-still-busy-at-105-what-secrets-and-science-are-behind-canada-s-super-agers-1.6941343\" target=\"_blank\" rel=\"noreferrer noopener\">The Canadian Press<\/a>. \u017divi gotovo 30 godina sama u ku\u0107i s dvije spava\u0107e sobe. Ozari se kada govori o svojoj velikoj obitelji i ponosno pokazuje slike unu\u010dadi i praunu\u010dadi na zidovima doma koji se nalazi oko 50 kilometara sjeverozapadno od Sudburyja.<\/p>\n\n\n\n<p>Izuzetno je dru\u0161tvena i ka\u017ee da vikendom voli s obitelji popiti pi\u0107e. Najvi\u0161e voli pivo i viski, a nakon mise svake nedjelje dodaje irski kremasti liker u kavu. Navikla je na ljude koji su zapanjeni njezinom energijom i dobrim zdravljem u 105. godini \u017eivota. &#8220;Nemam neku tajnu. To je samo dobro, jednostavno \u017eivljenje&#8221;, ka\u017ee novinarima.<\/p><div id=\"mojev-2003699645\" class=\"mojev-u-tekstu mojev-entity-placement\" style=\"margin-left: auto;margin-right: auto;text-align: center;\"><div class=\"mojev-adlabel\">oglas<\/div><div style=\"height: 250px;\"><script async src=\"https:\/\/pagead2.googlesyndication.com\/pagead\/js\/adsbygoogle.js?client=ca-pub-8106111766207173\"\r\n     crossorigin=\"anonymous\"><\/script>\r\n<!-- Prikazni 1 u tekstu -->\r\n<ins class=\"adsbygoogle\"\r\n     style=\"display:block\"\r\n     data-ad-client=\"ca-pub-8106111766207173\"\r\n     data-ad-slot=\"8535551207\"\r\n     data-ad-format=\"auto\"\r\n     data-full-width-responsive=\"true\"><\/ins>\r\n<script>\r\n     (adsbygoogle = window.adsbygoogle || []).push({});\r\n<\/script><\/div><\/div><br style=\"clear: both; display: block; float: none;\"\/>\n\n\n\n<h3 class=\"wp-block-heading\">Je li tajna u mozgu?<\/h3>\n\n\n\n<p><strong>Angela Roberts<\/strong> je kanadska voditeljica istra\u017eivanja u me\u0111unarodnom istra\u017eivanju koje poku\u0161ava otkriti za\u0161to &#8220;superstarci&#8221; poput Charlebois \u017eive tako dugo i zdravo. Ina\u010de, superstarci su definirani kao osobe starije od 80 godina koje imaju pam\u0107enje o\u010duvano kao da su 20 do 30 godina mla\u0111e.<\/p>\n\n\n\n<p>U tijeku su istra\u017eivanja na \u010detiri ameri\u010dka sveu\u010dili\u0161ta i ontarijskom Sveu\u010dili\u0161tu Western koja prou\u010davaju trendove me\u0111u 5.000 superstaraca. Iako bi se trebao napraviti kognitivni test da bi se potvrdilo ispunjava li Charlebois kriterije, 105-godi\u0161njakinja &#8220;definitivno zvu\u010di kao superstarica&#8221; rekla je Roberts.<\/p>\n\n\n\n<p>Kao i Charlebois, ve\u0107ina superstaraca ka\u017eu da imaju bliske, smislene odnose s prijateljima ili obitelji. &#8220;Ljudska povezanost, vi\u0111anje i bivanje s drugim ljudima licem u lice kao i emocionalna razmjena stvarno su va\u017eni \u010dimbenici&#8221; rekla je. Socijalna povezanost je klju\u010dna za mentalno zdravlje, smatra. Naime, druga istra\u017eivanja pokazuju da je socijalna izolacija \u0161tetna i mo\u017ee dovesti do demencije i pridonijeti kognitivnom propadanju.<\/p>\n\n\n\n<p>Roberts je objasnila da su u tijeku istra\u017eivanja kako bi se bolje razumjela veza izme\u0111u socijalne povezanosti i zdravog starenja te za\u0161to mozgovi super staraca izgledaju druga\u010dije u usporedbi s njihovim vr\u0161njacima. Naime, njihovi mozgovi nisu atrofirali niti su se smanjili o\u010dekivanom brzinom za njihove godine.<\/p>\n<div id=\"mojev-1938612504\" class=\"mojev-kraj-teksta mojev-entity-placement\" style=\"margin-bottom: 20px;margin-left: auto;margin-right: auto;text-align: center;\"><div class=\"mojev-adlabel\">oglas<\/div><div style=\"height: 250px;\"><script async src=\"https:\/\/pagead2.googlesyndication.com\/pagead\/js\/adsbygoogle.js?client=ca-pub-8106111766207173\"\r\n     crossorigin=\"anonymous\"><\/script>\r\n<!-- Display-1 -->\r\n<ins class=\"adsbygoogle\"\r\n     style=\"display:block\"\r\n     data-ad-client=\"ca-pub-8106111766207173\"\r\n     data-ad-slot=\"1465712950\"\r\n     data-ad-format=\"auto\"\r\n     data-full-width-responsive=\"true\"><\/ins>\r\n<script>\r\n     (adsbygoogle = window.adsbygoogle || []).push({});\r\n<\/script><\/div><\/div>","protected":false},"excerpt":{"rendered":"<p>Mozak superstaraca je puno mla\u0111i od svoje kronolo\u0161ke dobi. Znanstvenici pretpostavljaju da je to posljedica kvalitetnog starenja i socijalne uklju\u010denosti.<\/p>\n","protected":false},"author":1,"featured_media":109729,"comment_status":"closed","ping_status":"closed","sticky":false,"template":"","format":"standard","meta":{"footnotes":""},"categories":[85],"tags":[64,214,80],"class_list":["post-109721","post","type-post","status-publish","format-standard","has-post-thumbnail","hentry","category-aktivno-starenje","tag-dugovjecnost","tag-mozak","tag-starenje"],"_links":{"self":[{"href":"https:\/\/www.mojevrijeme.hr\/magazin\/wp-json\/wp\/v2\/posts\/109721","targetHints":{"allow":["GET"]}}],"collection":[{"href":"https:\/\/www.mojevrijeme.hr\/magazin\/wp-json\/wp\/v2\/posts"}],"about":[{"href":"https:\/\/www.mojevrijeme.hr\/magazin\/wp-json\/wp\/v2\/types\/post"}],"author":[{"embeddable":true,"href":"https:\/\/www.mojevrijeme.hr\/magazin\/wp-json\/wp\/v2\/users\/1"}],"replies":[{"embeddable":true,"href":"https:\/\/www.mojevrijeme.hr\/magazin\/wp-json\/wp\/v2\/comments?post=109721"}],"version-history":[{"count":0,"href":"https:\/\/www.mojevrijeme.hr\/magazin\/wp-json\/wp\/v2\/posts\/109721\/revisions"}],"wp:featuredmedia":[{"embeddable":true,"href":"https:\/\/www.mojevrijeme.hr\/magazin\/wp-json\/wp\/v2\/media\/109729"}],"wp:attachment":[{"href":"https:\/\/www.mojevrijeme.hr\/magazin\/wp-json\/wp\/v2\/media?parent=109721"}],"wp:term":[{"taxonomy":"category","embeddable":true,"href":"https:\/\/www.mojevrijeme.hr\/magazin\/wp-json\/wp\/v2\/categories?post=109721"},{"taxonomy":"post_tag","embeddable":true,"href":"https:\/\/www.mojevrijeme.hr\/magazin\/wp-json\/wp\/v2\/tags?post=109721"}],"curies":[{"name":"wp","href":"https:\/\/api.w.org\/{rel}","templated":true}]}}