{"id":109795,"date":"2024-07-08T08:10:06","date_gmt":"2024-07-08T06:10:06","guid":{"rendered":"https:\/\/www.mojevrijeme.hr\/magazin\/?p=109795"},"modified":"2024-07-08T08:10:11","modified_gmt":"2024-07-08T06:10:11","slug":"mila-ja-sam-ih-odgajala-a-on-gradio-karijeru-i-mijenjao-zene-danas-vide-samo-njega","status":"publish","type":"post","link":"https:\/\/www.mojevrijeme.hr\/magazin\/2024\/07\/mila-ja-sam-ih-odgajala-a-on-gradio-karijeru-i-mijenjao-zene-danas-vide-samo-njega\/","title":{"rendered":"Mila: &#8216;Ja sam ih odgajala, a on gradio karijeru i mijenjao \u017eene. Danas vide samo njega&#8217;"},"content":{"rendered":"\n<p>Djeca nisu na\u0161e vlasni\u0161tvo kojim mo\u017eemo upravljati i u odraslom \u017eivotu sami donose svoje odluke, bile one roditeljima prave ili krive. Gospo\u0111a Mila smatra da je svojoj djeci, a svih je troje odgajala sama, dala dobre temelje za \u017eivot. Sada, kad je u tre\u0107oj \u017eivotnoj dobi, ne po\u0161tuju je nimalo. <\/p>\n\n\n\n<p>&#8220;Pomozite mi razumjeti \u0161to se to doga\u0111a s djecom. Kad sam se razvodila, socijalni radnik mi je rekao: To \u0161to ste dobili djecu niti je vama nagrada niti je njemu kazna. Tek sada, dvadeset godina kasnije, kad sam ostavljena s njihove strane, shva\u0107am njegove rije\u010di&#8221;, pi\u0161e nam gospo\u0111a Mila u pismu.<\/p>\n\n\n\n<p>U \u017eivotu je, nastavlja, bila najsretnija kad su djeca bila uz nju, ma koliko te\u0161ko bilo. &#8220;Rodila sam ih troje i radila dva posla, prodala sam nasljedstvo, \u0161tedjela isklju\u010divo na sebi, samo da njima omogu\u0107im obrazovanje i lijepu mladost. \u010cuvala sam i unuke i bila sam tu za njih u svakom zamislivom pogledu&#8221;, napisala je.<\/p><div id=\"mojev-3540213322\" class=\"mojev-u-tekstu mojev-entity-placement\" style=\"margin-left: auto;margin-right: auto;text-align: center;\"><div class=\"mojev-adlabel\">oglas<\/div><div style=\"height: 250px;\"><script async src=\"https:\/\/pagead2.googlesyndication.com\/pagead\/js\/adsbygoogle.js?client=ca-pub-8106111766207173\"\r\n     crossorigin=\"anonymous\"><\/script>\r\n<!-- Prikazni 1 u tekstu -->\r\n<ins class=\"adsbygoogle\"\r\n     style=\"display:block\"\r\n     data-ad-client=\"ca-pub-8106111766207173\"\r\n     data-ad-slot=\"8535551207\"\r\n     data-ad-format=\"auto\"\r\n     data-full-width-responsive=\"true\"><\/ins>\r\n<script>\r\n     (adsbygoogle = window.adsbygoogle || []).push({});\r\n<\/script><\/div><\/div><br style=\"clear: both; display: block; float: none;\"\/>\n\n\n\n<h3 class=\"wp-block-heading\">Djecu je posje\u0107ivao ako je stigao<\/h3>\n\n\n\n<p>&#8220;Nakon razvoda, njihov je otac pla\u0107ao alimentaciju, ali je <strong>nastavio \u017eivjeti svoj \u017eivot<\/strong>. Zavr\u0161io je do\u0161kolovanje, gradio karijeru, stjecao kapital, mijenjao \u017eene. Djecu je posje\u0107ivao usput ako je stigao izme\u0111u svih tih aktivnosti. Ja sam mu \u010dak i na tim povremenim vi\u0111anjima s djecom bila zahvalna, zbog djece, da znaju da imaju oca&#8221;, povjerava nam.<\/p>\n\n\n\n<p>Danas je situacija takva da joj je o tome neugodno i pri\u010dati. &#8220;Njihov je otac u jako dobroj penziji, napokon ima i stabilnu vezu. Poslo\u017eio si je lijepo \u017eivot i u\u017eiva u tome. Moja penzija je nikakva, jedva pre\u017eivljavam, djece niotkuda i sve me to odvelo u te\u0161ku bolest. Ovakva, djeci sam, a to mi i pokazuju, samo teret&#8221;, po\u017ealila se.<\/p>\n\n\n\n<p>&#8220;Boli i me to \u0161to znam da su se <strong>priklonili tatinom carstvu<\/strong>. Toliko sam ubijena u pojam da sam se samo povukla. Ako me ne \u017eele posje\u0107ivati svojom voljom, ne trebaju mi ni vi\u0111anja na silu&#8221;, te\u0161ke su njezine rije\u010di.<\/p>\n\n\n\n<h3 class=\"wp-block-heading\">&#8220;Ne radite moju pogre\u0161ku&#8221;<\/h3>\n\n\n\n<p>Poku\u0161ala im je, pi\u0161e nadalje, kroz razgovor re\u0107i da bi voljela da su \u010de\u0161\u0107e kod nje, da joj u ovim te\u0161kim danima borbe s bole\u0161\u0107u treba malo razumijevanja i pa\u017enje. Ne samo da nitko od troje djece nije pokazao nimalo empatije, ve\u0107 kako ka\u017ee, nemaju ni osnovnog po\u0161tovanja. Psiholo\u0161ke ni financijske pomo\u0107i, opisuje, u njezinoj borbi s rakom, niotkuda. Snalazi se sama kako zna i umije.<\/p>\n\n\n\n<p>&#8220;<strong>Drage majke<\/strong>, ako se razvodite ili to planirate, imajte na umu ovo moje iskustvo. Naravno da \u0107ete sve dati djeci i za djecu, ali n<strong>emojte zapostaviti sebe<\/strong> i svakako od prvog dana inzistirajte na tome da vas po\u0161tuju u svemu. Meni je ovo bila velika \u0161kola, ali sada je kasno za popravak. Sve me ovo jako, jako boli&#8221;, zavr\u0161ila je svoje iskreno pismo puno bola gospo\u0111a Mila. Zbog previ\u0161e ovakvih va\u0161ih pri\u010da, \u017eelimo da svi ponovo pro\u010ditaju <a href=\"https:\/\/www.mojevrijeme.hr\/magazin\/2023\/12\/pismo-koje-bi-trebao-procitati-svatko-tko-ima-starije-roditelje\/\">ovo pismo<\/a>.<\/p>\n\n\n\n<p>Napi\u0161ite nam i svoje iskustvo.<\/p>\n\n\n\n<div id=\"crveno\"><\/p>\n\n\n\n<h3 class=\"wp-block-heading\">Zanima nas va\u0161a pri\u010da<\/h3>\n\n\n\n<p>\u017delite li i vi, posve anonimno, podijeliti svoje iskustvo i vi\u0111enje ove teme s nama i na\u0161im \u010ditateljima, mo\u017eete to u\u010diniti putem web obrasca <a rel=\"noreferrer noopener\" href=\"https:\/\/www.mojevrijeme.hr\/magazin\/povjerljivo\/\" target=\"_blank\">Povjerljivo<\/a>. Napi\u0161ite svoju pri\u010du!<\/p>\n\n\n\n<p><\/div>\n<div id=\"mojev-927855662\" class=\"mojev-kraj-teksta mojev-entity-placement\" style=\"margin-bottom: 20px;margin-left: auto;margin-right: auto;text-align: center;\"><div class=\"mojev-adlabel\">oglas<\/div><div style=\"height: 250px;\"><script async src=\"https:\/\/pagead2.googlesyndication.com\/pagead\/js\/adsbygoogle.js?client=ca-pub-8106111766207173\"\r\n     crossorigin=\"anonymous\"><\/script>\r\n<!-- Display-1 -->\r\n<ins class=\"adsbygoogle\"\r\n     style=\"display:block\"\r\n     data-ad-client=\"ca-pub-8106111766207173\"\r\n     data-ad-slot=\"1465712950\"\r\n     data-ad-format=\"auto\"\r\n     data-full-width-responsive=\"true\"><\/ins>\r\n<script>\r\n     (adsbygoogle = window.adsbygoogle || []).push({});\r\n<\/script><\/div><\/div>","protected":false},"excerpt":{"rendered":"<p>Nakon razvoda, gospo\u0111a Mila ostala je sama s troje djece. Posvetila im se i preko svojih mo\u0107i, dok je njihov otac nastavio graditi karijeru i mijenjati \u017eene. Danas je umirovljenica i bori se s rakom, na psihi\u010dkom je dnu, a djeca radije posje\u0107uju oca koji je situiran i poletan.<\/p>\n","protected":false},"author":17,"featured_media":110119,"comment_status":"closed","ping_status":"closed","sticky":false,"template":"","format":"standard","meta":{"footnotes":""},"categories":[3552],"tags":[879,3532],"class_list":["post-109795","post","type-post","status-publish","format-standard","has-post-thumbnail","hentry","category-povjerljivo","tag-otudenost","tag-roditelji-i-djeca"],"_links":{"self":[{"href":"https:\/\/www.mojevrijeme.hr\/magazin\/wp-json\/wp\/v2\/posts\/109795","targetHints":{"allow":["GET"]}}],"collection":[{"href":"https:\/\/www.mojevrijeme.hr\/magazin\/wp-json\/wp\/v2\/posts"}],"about":[{"href":"https:\/\/www.mojevrijeme.hr\/magazin\/wp-json\/wp\/v2\/types\/post"}],"author":[{"embeddable":true,"href":"https:\/\/www.mojevrijeme.hr\/magazin\/wp-json\/wp\/v2\/users\/17"}],"replies":[{"embeddable":true,"href":"https:\/\/www.mojevrijeme.hr\/magazin\/wp-json\/wp\/v2\/comments?post=109795"}],"version-history":[{"count":0,"href":"https:\/\/www.mojevrijeme.hr\/magazin\/wp-json\/wp\/v2\/posts\/109795\/revisions"}],"wp:featuredmedia":[{"embeddable":true,"href":"https:\/\/www.mojevrijeme.hr\/magazin\/wp-json\/wp\/v2\/media\/110119"}],"wp:attachment":[{"href":"https:\/\/www.mojevrijeme.hr\/magazin\/wp-json\/wp\/v2\/media?parent=109795"}],"wp:term":[{"taxonomy":"category","embeddable":true,"href":"https:\/\/www.mojevrijeme.hr\/magazin\/wp-json\/wp\/v2\/categories?post=109795"},{"taxonomy":"post_tag","embeddable":true,"href":"https:\/\/www.mojevrijeme.hr\/magazin\/wp-json\/wp\/v2\/tags?post=109795"}],"curies":[{"name":"wp","href":"https:\/\/api.w.org\/{rel}","templated":true}]}}