{"id":110014,"date":"2024-07-06T07:51:11","date_gmt":"2024-07-06T05:51:11","guid":{"rendered":"https:\/\/www.mojevrijeme.hr\/magazin\/?p=110014"},"modified":"2024-07-06T07:57:39","modified_gmt":"2024-07-06T05:57:39","slug":"tisuce-umirovljenika-ostale-su-bez-besplatnog-pokaza","status":"publish","type":"post","link":"https:\/\/www.mojevrijeme.hr\/magazin\/2024\/07\/tisuce-umirovljenika-ostale-su-bez-besplatnog-pokaza\/","title":{"rendered":"Tisu\u0107e umirovljenika ostale su bez besplatnog pokaza"},"content":{"rendered":"\n<p>Do prije nekoliko godina \u010dak 5 tisu\u0107a zadarskih umirovljenika imalo je besplatan pokaz za gradski prijevoz. Sada ga ima samo njih 1.700. Ni zdravima nije lako pje\u0161a\u010diti tijekom ljetnih vru\u0107ina, a kamoli starijima do bolnice, lije\u010dnika i nazad, javlja <a href=\"https:\/\/vijesti.hrt.hr\/hrvatska\/tisuce-zadarskih-umirovljenika-izgubilo-pravo-na-besplatan-gradski-prijevoz-11645231\" target=\"_blank\" rel=\"noreferrer noopener\">HRT<\/a>.<\/p>\n\n\n\n<p>Osamdesetogodi\u0161nji gospodin <strong>Ive<\/strong> imao je besplatan pokaz za autobus desetak godina. No od prvog svibnja vi\u0161e nema. Naime, limit mirovine je 397 eura da bi ostvario to pravo. On ima euro vi\u0161e, 398. &#8220;Pegula&#8221;, kako bi rekli Dalmatinci. &#8220;Nema. Jedan euro prelazi. Nema, sad smo bogati&#8221;, kazao je gospodin Ive.<\/p>\n\n\n\n<p>Kada smo pre\u0161li na euro i kada je Liburnija odlu\u010dila digitalizirati, plastificirati karte, odre\u0111eno je da 397 eura bude najvi\u0161i iznos mirovine da bi se besplatno vozilo. Budu\u0107i da je mirovina, zbog inflacije, pu\u017eevim korakom umirovljenicima ipak rasla, znatan dio njih ostao je bez besplatnog prijevoza.<\/p><div id=\"mojev-1908354655\" class=\"mojev-u-tekstu mojev-entity-placement\" style=\"margin-left: auto;margin-right: auto;text-align: center;\"><div class=\"mojev-adlabel\">oglas<\/div><div style=\"height: 250px;\"><script async src=\"https:\/\/pagead2.googlesyndication.com\/pagead\/js\/adsbygoogle.js?client=ca-pub-8106111766207173\"\r\n     crossorigin=\"anonymous\"><\/script>\r\n<!-- Prikazni 1 u tekstu -->\r\n<ins class=\"adsbygoogle\"\r\n     style=\"display:block\"\r\n     data-ad-client=\"ca-pub-8106111766207173\"\r\n     data-ad-slot=\"8535551207\"\r\n     data-ad-format=\"auto\"\r\n     data-full-width-responsive=\"true\"><\/ins>\r\n<script>\r\n     (adsbygoogle = window.adsbygoogle || []).push({});\r\n<\/script><\/div><\/div><br style=\"clear: both; display: block; float: none;\"\/>\n\n\n\n<p>&#8220;Imali smo u jednom trenutku preko 5000 pokaza umirovljenika prije 3,4,5 godina mo\u017eda. Trenutno imamo oko 1.700 umirovljenika koji udovoljavaju tim kriterijima&#8221;, rekao je <strong>Slobodan Erslan<\/strong>, voditelj Prometno-operativnog odjela Liburnije. Oni koji ne zadovoljavaju uvjete moraju platiti 20 eura mjese\u010dno ili na bicikl.<\/p>\n\n\n\n<p>&#8220;Imam samo jednog prijatelja s Bokanjca s ni\u017eim primanjima koji ispunjava uvjete za dobivanje gradske pokazne karte&#8221;, otkrio je <a href=\"https:\/\/vijesti.hrt.hr\/hrvatska\/tisuce-zadarskih-umirovljenika-izgubilo-pravo-na-besplatan-gradski-prijevoz-11645231\" target=\"_blank\" rel=\"noreferrer noopener\">HRT<\/a>-u Branko, umirovljenik iz Zadra. No nisu svi ovako vitalni da se gradom mogu kretati na biciklu. <\/p>\n\n\n\n<p>&#8220;Imali smo naznaka da bi grad i\u0161ao korigirati taj cenzus&#8221;, ka\u017ee Erslan. No zasad su to samo naznake. Za kroni\u010dan nedostatak voza\u010da u Zadru, Hrvatskoj, Europi svi znaju. U Liburniji ka\u017eu, danas je dobar dan za njih jer su, nakon godinu dana sre\u0111ivanja dokumenata, uspjeli zaposliti voza\u010da &#8211; Filipinca.<\/p>\n<div id=\"mojev-3369284634\" class=\"mojev-kraj-teksta mojev-entity-placement\" style=\"margin-bottom: 20px;margin-left: auto;margin-right: auto;text-align: center;\"><div class=\"mojev-adlabel\">oglas<\/div><div style=\"height: 250px;\"><script async src=\"https:\/\/pagead2.googlesyndication.com\/pagead\/js\/adsbygoogle.js?client=ca-pub-8106111766207173\"\r\n     crossorigin=\"anonymous\"><\/script>\r\n<!-- Display-1 -->\r\n<ins class=\"adsbygoogle\"\r\n     style=\"display:block\"\r\n     data-ad-client=\"ca-pub-8106111766207173\"\r\n     data-ad-slot=\"1465712950\"\r\n     data-ad-format=\"auto\"\r\n     data-full-width-responsive=\"true\"><\/ins>\r\n<script>\r\n     (adsbygoogle = window.adsbygoogle || []).push({});\r\n<\/script><\/div><\/div>","protected":false},"excerpt":{"rendered":"<p>Mirovine rastu pu\u017eevim korakom, \u010desto na \u0161tetu samih umirovljenika. Mnogi su tako izgubili prava \u010dija je vrijednost daleko iznad samog porasta primanja.<\/p>\n","protected":false},"author":1,"featured_media":56290,"comment_status":"closed","ping_status":"closed","sticky":false,"template":"","format":"standard","meta":{"footnotes":""},"categories":[2],"tags":[878,192],"class_list":["post-110014","post","type-post","status-publish","format-standard","has-post-thumbnail","hentry","category-mozaik","tag-javni-prijevoz","tag-zadar"],"_links":{"self":[{"href":"https:\/\/www.mojevrijeme.hr\/magazin\/wp-json\/wp\/v2\/posts\/110014","targetHints":{"allow":["GET"]}}],"collection":[{"href":"https:\/\/www.mojevrijeme.hr\/magazin\/wp-json\/wp\/v2\/posts"}],"about":[{"href":"https:\/\/www.mojevrijeme.hr\/magazin\/wp-json\/wp\/v2\/types\/post"}],"author":[{"embeddable":true,"href":"https:\/\/www.mojevrijeme.hr\/magazin\/wp-json\/wp\/v2\/users\/1"}],"replies":[{"embeddable":true,"href":"https:\/\/www.mojevrijeme.hr\/magazin\/wp-json\/wp\/v2\/comments?post=110014"}],"version-history":[{"count":0,"href":"https:\/\/www.mojevrijeme.hr\/magazin\/wp-json\/wp\/v2\/posts\/110014\/revisions"}],"wp:featuredmedia":[{"embeddable":true,"href":"https:\/\/www.mojevrijeme.hr\/magazin\/wp-json\/wp\/v2\/media\/56290"}],"wp:attachment":[{"href":"https:\/\/www.mojevrijeme.hr\/magazin\/wp-json\/wp\/v2\/media?parent=110014"}],"wp:term":[{"taxonomy":"category","embeddable":true,"href":"https:\/\/www.mojevrijeme.hr\/magazin\/wp-json\/wp\/v2\/categories?post=110014"},{"taxonomy":"post_tag","embeddable":true,"href":"https:\/\/www.mojevrijeme.hr\/magazin\/wp-json\/wp\/v2\/tags?post=110014"}],"curies":[{"name":"wp","href":"https:\/\/api.w.org\/{rel}","templated":true}]}}