{"id":110100,"date":"2025-07-07T09:14:33","date_gmt":"2025-07-07T07:14:33","guid":{"rendered":"https:\/\/www.mojevrijeme.hr\/magazin\/?p=110100"},"modified":"2025-07-07T09:15:15","modified_gmt":"2025-07-07T07:15:15","slug":"druga-runda-koje-povrce-sijati-i-saditi-za-jesen","status":"publish","type":"post","link":"https:\/\/www.mojevrijeme.hr\/magazin\/2025\/07\/druga-runda-koje-povrce-sijati-i-saditi-za-jesen\/","title":{"rendered":"Druga runda: Koje povr\u0107e sijati i saditi za jesen"},"content":{"rendered":"\n<p>Po\u010detkom srpnja po\u010dinjemo u\u017eivati u izobilju koje nam vrt pru\u017ea, no dobra vijest je da je to vrijeme kada dobri vrtlari sade i siju povrtne vrste za kasne berbe. Ili za cijeloljetne berbe, kada se radi o salatama. Uz to, &#8220;ljetni rok&#8221; je prava sre\u0107a za vrtlare kojima je nevrijeme uni\u0161tilo trud.<\/p>\n\n\n\n<h3 class=\"wp-block-heading\">Salata<\/h3>\n\n\n\n<p>Salata koja se beru u glavicama, ali i salate koje podnose trganje li\u0161\u0107a, brzi su i lak usjev, Prakti\u010dki ih mo\u017eete neprekidno sijati sve do rujna kako biste imali vlastitu svje\u017eu salatu tijekom cijele godine. Za dobru ljetnu salatu klju\u010dni su voda i pozicija za\u0161ti\u0107ena od pripeke. Isto\u010dne pozicije, zasjenjene u poslijepodnevnim satima su idealne. O uzgoju salate vi\u0161e pro\u010ditajte <a href=\"https:\/\/www.mojevrijeme.hr\/magazin\/2023\/05\/uzgojiti-vlastitu-salatu-moze-svatko-na-gredici-ili-na-balkonu\/\" data-type=\"post\" data-id=\"74218\" target=\"_blank\" rel=\"noreferrer noopener\">ovdje<\/a>.<\/p>\n\n\n\n<h3 class=\"wp-block-heading\">Mrkva<\/h3>\n\n\n\n<p>Srpanj se smatra zadnjim mjesecom za sjetvu mrkve za jesensku berbu. Sijte izravno i rijetko u plitke jarke. Toliko rijetko da u kona\u010dnici izbjegnete prorje\u0111ivanje biljaka. Naime, prilikom prorje\u0111ivanja, mrkva osloba\u0111a miris koji privla\u010di \u0161tetnike, pogotovo omra\u017eenu mrkvinu muhu. <\/p><div id=\"mojev-3561146843\" class=\"mojev-u-tekstu mojev-entity-placement\" style=\"margin-left: auto;margin-right: auto;text-align: center;\"><div class=\"mojev-adlabel\">oglas<\/div><div style=\"height: 250px;\"><script async src=\"https:\/\/pagead2.googlesyndication.com\/pagead\/js\/adsbygoogle.js?client=ca-pub-8106111766207173\"\r\n     crossorigin=\"anonymous\"><\/script>\r\n<!-- Prikazni 1 u tekstu -->\r\n<ins class=\"adsbygoogle\"\r\n     style=\"display:block\"\r\n     data-ad-client=\"ca-pub-8106111766207173\"\r\n     data-ad-slot=\"8535551207\"\r\n     data-ad-format=\"auto\"\r\n     data-full-width-responsive=\"true\"><\/ins>\r\n<script>\r\n     (adsbygoogle = window.adsbygoogle || []).push({});\r\n<\/script><\/div><\/div><br style=\"clear: both; display: block; float: none;\"\/>\n\n\n\n<h3 class=\"wp-block-heading\">Repa<\/h3>\n\n\n\n<p>Ova zanemarena povrtna vrsta vam mo\u017ee pru\u017eiti dvije berbe iz jedne biljke. Naime, jestivi su korijen, ali i listovi koje mo\u017eete oprezno brati tijekom sezone i pripremati ih &#8220;na varivo&#8221;. Repu sijte u plitke jar\u010di\u0107e za jesensku berbu. <\/p>\n\n\n\n<h3 class=\"wp-block-heading\">Rotkvice<\/h3>\n\n\n\n<p>Brzo sazrijevaju, lako se uzgajaju i gotovo da ne zahtijevaju za\u0161titu. Rotkvice daju svje\u017einu i pikantnost svakoj salati. Uz to, mogu se uzgajati kao sekundarni usjev na gredicama s drugim povr\u0107em. <\/p>\n\n\n\n<h3 class=\"wp-block-heading\">Niske mahune<\/h3>\n\n\n\n<p>Kao i kod mrkve, srpanj je posljednji mjesec za sjetvu mahuna. Nakon sjetve na otvorenom, dobro zalijte. U svje\u017eijim godinama urod kasno sijanih mahuna mo\u017ee biti kvalitetniji i obilniji od rano sijanih. <\/p>\n\n\n\n<h3 class=\"wp-block-heading\">Kasni kupus<\/h3>\n\n\n\n<p>Puno smo pisali o sjetvi i sadnji <a href=\"https:\/\/www.mojevrijeme.hr\/magazin\/2023\/06\/vrijeme-je-za-sadnju-kasnog-kupusa-znamo-i-idealno-mjesto-za-to\/\" data-type=\"post\" data-id=\"78265\" target=\"_blank\" rel=\"noreferrer noopener\">kasnog kupusa<\/a>. Sada je najbolje vrijeme za sadnju, budu\u0107i da \u0107e imati dovoljno vremena za sazrijevanje prije pada temperatura u jesen. Presadnice sadite na razmak od 45 cm, ostavljaju\u0107i 60 cm izme\u0111u redova. Nje\u017eno u\u010dvrstite i dobro zalijte. Mo\u017eda \u0107ete trebati upotrijebiti mre\u017eu kako biste svoje kupusnja\u010de za\u0161titili od gusjenica kupusovog bijelca i kupusnih sovica, o \u010demu smo tako\u0111er <a href=\"https:\/\/www.mojevrijeme.hr\/magazin\/2023\/07\/gusjenice-na-kupusnjacama-moze-li-bez-kemije\/\" data-type=\"post\" data-id=\"78864\" target=\"_blank\" rel=\"noreferrer noopener\">pisali ovdje<\/a>. <em>(r)<\/em><\/p>\n\n\n<i>Na\u0161a rubrika <strong>Vrt<\/strong> ima svoju Facebook grupu. Pridru\u017eite se ljubiteljima vrtlarstva, pohvalite se uspjesima, pitajte stru\u010dnjake, razmijenite savjete i inspirirajte se. <a style=\"text-decoration: none; font-weight: bold;\" href=\"https:\/\/www.facebook.com\/groups\/635825835756841\" target=\"_blank\" rel=\"noopener noreferrer\">\nKliknite ovdje<\/a> i postanite dio na\u0161e zajednice.<\/i><div id=\"mojev-3898932576\" class=\"mojev-kraj-teksta mojev-entity-placement\" style=\"margin-bottom: 20px;margin-left: auto;margin-right: auto;text-align: center;\"><div class=\"mojev-adlabel\">oglas<\/div><div style=\"height: 250px;\"><script async src=\"https:\/\/pagead2.googlesyndication.com\/pagead\/js\/adsbygoogle.js?client=ca-pub-8106111766207173\"\r\n     crossorigin=\"anonymous\"><\/script>\r\n<!-- Display-1 -->\r\n<ins class=\"adsbygoogle\"\r\n     style=\"display:block\"\r\n     data-ad-client=\"ca-pub-8106111766207173\"\r\n     data-ad-slot=\"1465712950\"\r\n     data-ad-format=\"auto\"\r\n     data-full-width-responsive=\"true\"><\/ins>\r\n<script>\r\n     (adsbygoogle = window.adsbygoogle || []).push({});\r\n<\/script><\/div><\/div>","protected":false},"excerpt":{"rendered":"<p>Srpanj nije samo za berbu \u2013 iskusni vrtlari znaju da je to pravo vrijeme za novu sjetvu i sadnju. Evo koje vrste povr\u0107a jo\u0161 uvijek stignete posijati i posaditi za bogat kasni urod.<\/p>\n","protected":false},"author":1,"featured_media":79442,"comment_status":"closed","ping_status":"closed","sticky":false,"template":"","format":"standard","meta":{"footnotes":""},"categories":[3497],"tags":[3588,3604,468,3912,3520,3605],"class_list":["post-110100","post","type-post","status-publish","format-standard","has-post-thumbnail","hentry","category-vrt","tag-kupus","tag-mahune","tag-mrkva","tag-povrtnjak","tag-salate","tag-sjetva"],"_links":{"self":[{"href":"https:\/\/www.mojevrijeme.hr\/magazin\/wp-json\/wp\/v2\/posts\/110100","targetHints":{"allow":["GET"]}}],"collection":[{"href":"https:\/\/www.mojevrijeme.hr\/magazin\/wp-json\/wp\/v2\/posts"}],"about":[{"href":"https:\/\/www.mojevrijeme.hr\/magazin\/wp-json\/wp\/v2\/types\/post"}],"author":[{"embeddable":true,"href":"https:\/\/www.mojevrijeme.hr\/magazin\/wp-json\/wp\/v2\/users\/1"}],"replies":[{"embeddable":true,"href":"https:\/\/www.mojevrijeme.hr\/magazin\/wp-json\/wp\/v2\/comments?post=110100"}],"version-history":[{"count":2,"href":"https:\/\/www.mojevrijeme.hr\/magazin\/wp-json\/wp\/v2\/posts\/110100\/revisions"}],"predecessor-version":[{"id":137697,"href":"https:\/\/www.mojevrijeme.hr\/magazin\/wp-json\/wp\/v2\/posts\/110100\/revisions\/137697"}],"wp:featuredmedia":[{"embeddable":true,"href":"https:\/\/www.mojevrijeme.hr\/magazin\/wp-json\/wp\/v2\/media\/79442"}],"wp:attachment":[{"href":"https:\/\/www.mojevrijeme.hr\/magazin\/wp-json\/wp\/v2\/media?parent=110100"}],"wp:term":[{"taxonomy":"category","embeddable":true,"href":"https:\/\/www.mojevrijeme.hr\/magazin\/wp-json\/wp\/v2\/categories?post=110100"},{"taxonomy":"post_tag","embeddable":true,"href":"https:\/\/www.mojevrijeme.hr\/magazin\/wp-json\/wp\/v2\/tags?post=110100"}],"curies":[{"name":"wp","href":"https:\/\/api.w.org\/{rel}","templated":true}]}}