{"id":11041,"date":"2017-11-17T11:26:04","date_gmt":"2017-11-17T10:26:04","guid":{"rendered":"http:\/\/www.mojevrijeme.hr\/magazin\/?p=11041"},"modified":"2017-11-17T20:07:01","modified_gmt":"2017-11-17T19:07:01","slug":"od-jucer-imamo-nova-stroza-pravila-i-kazne-za-bicikliste","status":"publish","type":"post","link":"https:\/\/www.mojevrijeme.hr\/magazin\/2017\/11\/od-jucer-imamo-nova-stroza-pravila-i-kazne-za-bicikliste\/","title":{"rendered":"Od ju\u010der imamo nova stro\u017ea pravila i kazne za bicikliste"},"content":{"rendered":"<p>Na snagu je stupio izmijenjeni Zakon o sigurnosti prometa na cestama koji propisuje stroge uvjete za sudjelovanje biciklista u prometu.<\/p>\n<p>Od ju\u010der voza\u010d bicikla koji se kre\u0107e kolnikom na svim cestama du\u017ean je no\u0107u i danju u slu\u010daju smanjene vidljivosti biti ozna\u010den reflektiraju\u0107im prslukom ili reflektiraju\u0107om biciklisti\u010dkom odje\u0107om ili drugom reflektiraju\u0107om oznakom.<\/p>\n<p>\u201cDruga reflektiraju\u0107a oznaka\u201d, sukladno tuma\u010denju MUP-a, zna\u010dila bi da biciklisti mogu, osim posebnom biciklisti\u010dkom odje\u0107om, biti ozna\u010deni i nekom drugom oznakom, materijom ili samoljepljivom trakicom koja reflektira svjetlo, a koja ih \u010dini uo\u010dljivijima na cesti.\u00a0\u00a0Kazna za nepridr\u017eavanje ove odredbe je 300 kn, objavio je Sindikat biciklista.<\/p><div id=\"mojev-2311458549\" class=\"mojev-u-tekstu mojev-entity-placement\" style=\"margin-left: auto;margin-right: auto;text-align: center;\"><div class=\"mojev-adlabel\">oglas<\/div><div style=\"height: 250px;\"><script async src=\"https:\/\/pagead2.googlesyndication.com\/pagead\/js\/adsbygoogle.js?client=ca-pub-8106111766207173\"\r\n     crossorigin=\"anonymous\"><\/script>\r\n<!-- Prikazni 1 u tekstu -->\r\n<ins class=\"adsbygoogle\"\r\n     style=\"display:block\"\r\n     data-ad-client=\"ca-pub-8106111766207173\"\r\n     data-ad-slot=\"8535551207\"\r\n     data-ad-format=\"auto\"\r\n     data-full-width-responsive=\"true\"><\/ins>\r\n<script>\r\n     (adsbygoogle = window.adsbygoogle || []).push({});\r\n<\/script><\/div><\/div><br style=\"clear: both; display: block; float: none;\"\/>\n<p>Zakonodavac se tako, umjesto da po uzoru na druge naprednije dr\u017eave ograni\u010di kretanje automobila po gradovima i otvori ih biciklima, odlu\u010dio dodatno zakomplicirati \u017eivot biciklistima. Jer, iako je bicikl vi\u0161estruko zdravo prijevozno sredstvo, ne koristi gorivo s bezbroj nametnutih tro\u0161arina, a ni skupe javne gara\u017ee koje su proteklih godina preplavile ve\u0107e gradove.<\/p>\n<div id=\"mojev-4205524609\" class=\"mojev-kraj-teksta mojev-entity-placement\" style=\"margin-bottom: 20px;margin-left: auto;margin-right: auto;text-align: center;\"><div class=\"mojev-adlabel\">oglas<\/div><div style=\"height: 250px;\"><script async src=\"https:\/\/pagead2.googlesyndication.com\/pagead\/js\/adsbygoogle.js?client=ca-pub-8106111766207173\"\r\n     crossorigin=\"anonymous\"><\/script>\r\n<!-- Display-1 -->\r\n<ins class=\"adsbygoogle\"\r\n     style=\"display:block\"\r\n     data-ad-client=\"ca-pub-8106111766207173\"\r\n     data-ad-slot=\"1465712950\"\r\n     data-ad-format=\"auto\"\r\n     data-full-width-responsive=\"true\"><\/ins>\r\n<script>\r\n     (adsbygoogle = window.adsbygoogle || []).push({});\r\n<\/script><\/div><\/div>","protected":false},"excerpt":{"rendered":"<p>Od ju\u010der voza\u010d bicikla koji se kre\u0107e kolnikom na svim cestama du\u017ean je no\u0107u i danju u slu\u010daju smanjene vidljivosti biti ozna\u010den reflektiraju\u0107im prslukom ili reflektiraju\u0107om biciklisti\u010dkom odje\u0107om ili drugom reflektiraju\u0107om oznakom.\u00a0<\/p>\n","protected":false},"author":1,"featured_media":5767,"comment_status":"closed","ping_status":"closed","sticky":false,"template":"","format":"standard","meta":{"footnotes":""},"categories":[9],"tags":[266,610],"class_list":["post-11041","post","type-post","status-publish","format-standard","has-post-thumbnail","hentry","category-vijesti","tag-bicikli","tag-promet"],"_links":{"self":[{"href":"https:\/\/www.mojevrijeme.hr\/magazin\/wp-json\/wp\/v2\/posts\/11041","targetHints":{"allow":["GET"]}}],"collection":[{"href":"https:\/\/www.mojevrijeme.hr\/magazin\/wp-json\/wp\/v2\/posts"}],"about":[{"href":"https:\/\/www.mojevrijeme.hr\/magazin\/wp-json\/wp\/v2\/types\/post"}],"author":[{"embeddable":true,"href":"https:\/\/www.mojevrijeme.hr\/magazin\/wp-json\/wp\/v2\/users\/1"}],"replies":[{"embeddable":true,"href":"https:\/\/www.mojevrijeme.hr\/magazin\/wp-json\/wp\/v2\/comments?post=11041"}],"version-history":[{"count":0,"href":"https:\/\/www.mojevrijeme.hr\/magazin\/wp-json\/wp\/v2\/posts\/11041\/revisions"}],"wp:featuredmedia":[{"embeddable":true,"href":"https:\/\/www.mojevrijeme.hr\/magazin\/wp-json\/wp\/v2\/media\/5767"}],"wp:attachment":[{"href":"https:\/\/www.mojevrijeme.hr\/magazin\/wp-json\/wp\/v2\/media?parent=11041"}],"wp:term":[{"taxonomy":"category","embeddable":true,"href":"https:\/\/www.mojevrijeme.hr\/magazin\/wp-json\/wp\/v2\/categories?post=11041"},{"taxonomy":"post_tag","embeddable":true,"href":"https:\/\/www.mojevrijeme.hr\/magazin\/wp-json\/wp\/v2\/tags?post=11041"}],"curies":[{"name":"wp","href":"https:\/\/api.w.org\/{rel}","templated":true}]}}