{"id":11045,"date":"2017-11-17T18:49:12","date_gmt":"2017-11-17T17:49:12","guid":{"rendered":"http:\/\/www.mojevrijeme.hr\/magazin\/?p=11045"},"modified":"2017-11-17T19:42:08","modified_gmt":"2017-11-17T18:42:08","slug":"umirovljenici-brodsko-posavske-zupanije-su-najugrozeniji-siromastvom","status":"publish","type":"post","link":"https:\/\/www.mojevrijeme.hr\/magazin\/2017\/11\/umirovljenici-brodsko-posavske-zupanije-su-najugrozeniji-siromastvom\/","title":{"rendered":"Umirovljenici Brodsko \u2013 posavske \u017eupanije su najugro\u017eeniji siroma\u0161tvom"},"content":{"rendered":"<p>\u201eNa\u017ealost, Brodsko- posavska \u017eupanija me\u0111u najnerazvijenijima je u Hrvatskoj, rizik od siroma\u0161tva dvostruko je ve\u0107i nego u Hrvatskoj, nezaposlenost dvostruko ve\u0107a nego u Hrvatskoj, kao i to da su pla\u0107e i mirovine manje nego u ostatku Hrvatske, \u0161to \u017eitelje \u017eupanije \u010dini izuzetno ranjivima pogotovo kada govorimo o kontekstu siroma\u0161tva\u201c, kazala je pu\u010dka pravobraniteljica <strong>Lora Vidovi\u0107<\/strong> prilikom sastanka s brodsko \u2013 posavskim \u017eupanom <strong>Danijelom Maru\u0161i\u0107em<\/strong>, prenosi\u00a0<strong><a href=\"http:\/\/www.ebrod.net\/slavonski-brod\/clanak\/lora-vidovic:-zitelji-brodsko--posavske-zupanije-imaju-najmanje-place-i-mirovine-i-to-ih-cini-izuzetno-ranjivima-pogotovo-kada-govorimo-o-kontekstu-si-21512.html\" target=\"_blank\" rel=\"noopener\">ebrod.net<\/a><\/strong>.<\/p>\n<p>\u201eNajve\u0107i problemi koji ti\u0161te \u017eitelje \u017eupanije, kada govorimo o ljudskim pravima, spadaju u domenu materijalnih prava, nezaposlenost prva, i to nezaposlenost ranjivih skupina \u017eena i mladih, ima prostora za pobolj\u0161anje zdravstvenih usluga u ruralnim podru\u010djima, pristupa invalidnih osoba. Prostora za pobolj\u0161anje uvijek ima, dobili smo sugestiju da napravimo sastanak s udrugama, vije\u0107ima nacionalnih manjina, gradona\u010delnicima i na\u010delnicima. S odre\u0111enim projektima i sami radimo na rje\u0161avanju svega onoga \u0161to je u na\u0161oj domeni a komunikacija prema Uredu pravobraniteljica zasigurno \u0107e i\u0107i u smjeru rje\u0161avanja \u0161to ve\u0107eg broja problema s kojima se na\u0161i gra\u0111ani susre\u0107u\u201c, izjavio je \u017eupan Maru\u0161i\u0107.<\/p>\n<div id=\"mojev-2641492435\" class=\"mojev-kraj-teksta mojev-entity-placement\" style=\"margin-bottom: 20px;margin-left: auto;margin-right: auto;text-align: center;\"><div class=\"mojev-adlabel\">oglas<\/div><div style=\"height: 250px;\"><script async src=\"https:\/\/pagead2.googlesyndication.com\/pagead\/js\/adsbygoogle.js?client=ca-pub-8106111766207173\"\r\n     crossorigin=\"anonymous\"><\/script>\r\n<!-- Display-1 -->\r\n<ins class=\"adsbygoogle\"\r\n     style=\"display:block\"\r\n     data-ad-client=\"ca-pub-8106111766207173\"\r\n     data-ad-slot=\"1465712950\"\r\n     data-ad-format=\"auto\"\r\n     data-full-width-responsive=\"true\"><\/ins>\r\n<script>\r\n     (adsbygoogle = window.adsbygoogle || []).push({});\r\n<\/script><\/div><\/div>","protected":false},"excerpt":{"rendered":"<p>Pla\u0107e i mirovine su manje nego u ostatku Hrvatske, \u0161to \u017eitelje \u017eupanije \u010dini izuzetno ranjivima pogotovo kada govorimo o kontekstu siroma\u0161tva, kazala je pu\u010dka pravobraniteljica Lora Vidovi\u0107 <\/p>\n","protected":false},"author":1,"featured_media":3328,"comment_status":"closed","ping_status":"closed","sticky":false,"template":"","format":"standard","meta":{"footnotes":""},"categories":[9],"tags":[1012,18,237],"class_list":["post-11045","post","type-post","status-publish","format-standard","has-post-thumbnail","hentry","category-vijesti","tag-lora-vidovic","tag-mirovine","tag-siromastvo"],"_links":{"self":[{"href":"https:\/\/www.mojevrijeme.hr\/magazin\/wp-json\/wp\/v2\/posts\/11045","targetHints":{"allow":["GET"]}}],"collection":[{"href":"https:\/\/www.mojevrijeme.hr\/magazin\/wp-json\/wp\/v2\/posts"}],"about":[{"href":"https:\/\/www.mojevrijeme.hr\/magazin\/wp-json\/wp\/v2\/types\/post"}],"author":[{"embeddable":true,"href":"https:\/\/www.mojevrijeme.hr\/magazin\/wp-json\/wp\/v2\/users\/1"}],"replies":[{"embeddable":true,"href":"https:\/\/www.mojevrijeme.hr\/magazin\/wp-json\/wp\/v2\/comments?post=11045"}],"version-history":[{"count":0,"href":"https:\/\/www.mojevrijeme.hr\/magazin\/wp-json\/wp\/v2\/posts\/11045\/revisions"}],"wp:featuredmedia":[{"embeddable":true,"href":"https:\/\/www.mojevrijeme.hr\/magazin\/wp-json\/wp\/v2\/media\/3328"}],"wp:attachment":[{"href":"https:\/\/www.mojevrijeme.hr\/magazin\/wp-json\/wp\/v2\/media?parent=11045"}],"wp:term":[{"taxonomy":"category","embeddable":true,"href":"https:\/\/www.mojevrijeme.hr\/magazin\/wp-json\/wp\/v2\/categories?post=11045"},{"taxonomy":"post_tag","embeddable":true,"href":"https:\/\/www.mojevrijeme.hr\/magazin\/wp-json\/wp\/v2\/tags?post=11045"}],"curies":[{"name":"wp","href":"https:\/\/api.w.org\/{rel}","templated":true}]}}