{"id":110536,"date":"2024-07-19T07:57:13","date_gmt":"2024-07-19T05:57:13","guid":{"rendered":"https:\/\/www.mojevrijeme.hr\/magazin\/?p=110536"},"modified":"2024-07-19T07:57:17","modified_gmt":"2024-07-19T05:57:17","slug":"vesna-67-kci-me-prekrizila-jer-ljubujem-sa-susjedom","status":"publish","type":"post","link":"https:\/\/www.mojevrijeme.hr\/magazin\/2024\/07\/vesna-67-kci-me-prekrizila-jer-ljubujem-sa-susjedom\/","title":{"rendered":"Vesna (67): &#8216;K\u0107i me prekri\u017eila jer ljubujem sa susjedom&#8217;"},"content":{"rendered":"\n<p>I dok je za malo me\u0111iimursko mjesto vrijedila ona stara izreka &#8220;svakog \u010duda tri dana dosta&#8221; pa su nju i susjeda sumje\u0161tani ubrzo pustili na miru, k\u0107i gospo\u0111i Vesni nikad nije oprostila novu ljubav. Na pisanje ispovijesti odva\u017eila se, pi\u0161e nam ona, nakon \u0161to je \u010ditala <strong><a href=\"https:\/\/www.mojevrijeme.hr\/magazin\/2024\/07\/veronika-ne-smijem-vidati-unuke-jer-sam-se-udala-za-obiteljskog-prijatelja\/\">o sudbini na\u0161e \u010ditateljice Veronike<\/a><\/strong> i shvatila da nije jedina koja ispa\u0161ta samo zato \u0161to je odlu\u010dila \u017eivjeti po svom.<\/p>\n\n\n\n<p>&#8220;Kad sam k\u0107eri rekla da namjeravam preseliti kod susjeda jer smo se zavoljeli i ljep\u0161e nam je biti u dvoje nego samima, potpuno se izobli\u010dila. Po\u010dela je vikati da joj se otac, moj pokojni suprug koji je umro prije tri godine, okre\u0107e u grobu i da ona to ne\u0107e tolerirati. Urlala je da sigurno pijemo zajedno, jer moji potezi nisu zdravorazumski. Vrije\u0111ala me kao mladog majmuna&#8221;, napisala nam je u pismu.<\/p>\n\n\n\n<h3 class=\"wp-block-heading\">Trauma zbog gubitka oca<\/h3>\n\n\n\n<p>S jedne strane, razumije k\u0107i, ali k\u0107i nimalo ne razumije nju. &#8220;Rane su ve\u0107 tri godina na njezinom srcu, stra\u0161no je voljela oca. Bolovao je dugo i svi smo do\u017eivjeli traumu. No, ona bi s 38 godina trebala mo\u0107i prihvatiti kako smrt oca, tako i nastavak svog i mog \u017eivota. Voljela bih da ode psihologu, ali to uporno odbija&#8221;, doznajemo nadalje.<\/p><div id=\"mojev-2680259032\" class=\"mojev-u-tekstu mojev-entity-placement\" style=\"margin-left: auto;margin-right: auto;text-align: center;\"><div class=\"mojev-adlabel\">oglas<\/div><div style=\"height: 250px;\"><script async src=\"https:\/\/pagead2.googlesyndication.com\/pagead\/js\/adsbygoogle.js?client=ca-pub-8106111766207173\"\r\n     crossorigin=\"anonymous\"><\/script>\r\n<!-- Prikazni 1 u tekstu -->\r\n<ins class=\"adsbygoogle\"\r\n     style=\"display:block\"\r\n     data-ad-client=\"ca-pub-8106111766207173\"\r\n     data-ad-slot=\"8535551207\"\r\n     data-ad-format=\"auto\"\r\n     data-full-width-responsive=\"true\"><\/ins>\r\n<script>\r\n     (adsbygoogle = window.adsbygoogle || []).push({});\r\n<\/script><\/div><\/div><br style=\"clear: both; display: block; float: none;\"\/>\n\n\n\n<p>K\u0107i, ka\u017ee nadalje, odrje\u0161itim odbijanjem majke \u0161teti svima \u2013 njoj, sebi, zetu, maloj djeci. &#8220;Ne \u017eeli dolaziti k nama, ne \u017eeli mi dovesti ni unuke. Nema joj tko pri\u010duvati djecu, evo \u0161to radi inat i netolerancija. Do\u0111e samo ponekad zet i doveze mi ih nakratko, da se izgrlimo. Ona to zna i pu\u0161ta ih, ne zbog mene nego valjda da djeca znaju da imaju baku. Susreti s djecom su bolni, rastanci su jo\u0161 bolniji. \u0160to da vam ka\u017eem dalje od toga&#8221;, iskrena je izrazila bol.<\/p>\n\n\n\n<h3 class=\"wp-block-heading\">&#8216;Ne\u0107u se odre\u0107i sre\u0107e&#8217;<\/h3>\n\n\n\n<p>&#8220;Naravno da \u0107e moja k\u0107i jedinica naslijediti ku\u0107u, \u017eelim da to dalje pripadne unucima. Ja i dalje sve odr\u017eavam, ali kako starim smatram da se trebamo malo dogovarati oko svega. Nekako se jo\u0161 uvijek nadam da \u0107e razum kod moje k\u0107eri prevladati i da \u0107emo se s vremenom izmiriti. Jedno je sigurno: ja se ni zbog koga ne mislim odre\u0107i svoje sre\u0107e&#8221;, stoji u zaklju\u010dku pisma odlu\u010dne umirovljenice Vesne.<\/p>\n\n\n\n<div id=\"crveno\"><\/p>\n\n\n\n<h3 class=\"wp-block-heading\">Zanima nas va\u0161a pri\u010da<\/h3>\n\n\n\n<p>\u017delite li i vi, posve anonimno, podijeliti svoje iskustvo i vi\u0111enje ove teme s nama i na\u0161im \u010ditateljima, mo\u017eete to u\u010diniti putem web obrasca <a rel=\"noreferrer noopener\" href=\"https:\/\/www.mojevrijeme.hr\/magazin\/povjerljivo\/\" target=\"_blank\">Povjerljivo<\/a>. Napi\u0161ite svoju pri\u010du!<\/p>\n\n\n\n<p><\/div>\n\n\n\n<p><\/p>\n<div id=\"mojev-3646654854\" class=\"mojev-kraj-teksta mojev-entity-placement\" style=\"margin-bottom: 20px;margin-left: auto;margin-right: auto;text-align: center;\"><div class=\"mojev-adlabel\">oglas<\/div><div style=\"height: 250px;\"><script async src=\"https:\/\/pagead2.googlesyndication.com\/pagead\/js\/adsbygoogle.js?client=ca-pub-8106111766207173\"\r\n     crossorigin=\"anonymous\"><\/script>\r\n<!-- Display-1 -->\r\n<ins class=\"adsbygoogle\"\r\n     style=\"display:block\"\r\n     data-ad-client=\"ca-pub-8106111766207173\"\r\n     data-ad-slot=\"1465712950\"\r\n     data-ad-format=\"auto\"\r\n     data-full-width-responsive=\"true\"><\/ins>\r\n<script>\r\n     (adsbygoogle = window.adsbygoogle || []).push({});\r\n<\/script><\/div><\/div>","protected":false},"excerpt":{"rendered":"<p>Umirovljenici Vesni \u010dinilo se posve prirodnim, a njezinoj k\u0107eri posve neprirodnim, da se ona nakon suprugove smrti zbli\u017ei sa susjedom, koji je tako\u0111er udovac. Ne samo da ju je zbog toga odbacila ro\u0111ena k\u0107i, ve\u0107 ju je ogovaralo cijelo mjesto i trebalo joj je dosta vremena da se poslo\u017ei.<\/p>\n","protected":false},"author":17,"featured_media":111008,"comment_status":"closed","ping_status":"closed","sticky":false,"template":"","format":"standard","meta":{"footnotes":""},"categories":[3552],"tags":[3600,800,1825],"class_list":["post-110536","post","type-post","status-publish","format-standard","has-post-thumbnail","hentry","category-povjerljivo","tag-majke-i-kceri","tag-udovice","tag-zaljubljenost"],"_links":{"self":[{"href":"https:\/\/www.mojevrijeme.hr\/magazin\/wp-json\/wp\/v2\/posts\/110536","targetHints":{"allow":["GET"]}}],"collection":[{"href":"https:\/\/www.mojevrijeme.hr\/magazin\/wp-json\/wp\/v2\/posts"}],"about":[{"href":"https:\/\/www.mojevrijeme.hr\/magazin\/wp-json\/wp\/v2\/types\/post"}],"author":[{"embeddable":true,"href":"https:\/\/www.mojevrijeme.hr\/magazin\/wp-json\/wp\/v2\/users\/17"}],"replies":[{"embeddable":true,"href":"https:\/\/www.mojevrijeme.hr\/magazin\/wp-json\/wp\/v2\/comments?post=110536"}],"version-history":[{"count":0,"href":"https:\/\/www.mojevrijeme.hr\/magazin\/wp-json\/wp\/v2\/posts\/110536\/revisions"}],"wp:featuredmedia":[{"embeddable":true,"href":"https:\/\/www.mojevrijeme.hr\/magazin\/wp-json\/wp\/v2\/media\/111008"}],"wp:attachment":[{"href":"https:\/\/www.mojevrijeme.hr\/magazin\/wp-json\/wp\/v2\/media?parent=110536"}],"wp:term":[{"taxonomy":"category","embeddable":true,"href":"https:\/\/www.mojevrijeme.hr\/magazin\/wp-json\/wp\/v2\/categories?post=110536"},{"taxonomy":"post_tag","embeddable":true,"href":"https:\/\/www.mojevrijeme.hr\/magazin\/wp-json\/wp\/v2\/tags?post=110536"}],"curies":[{"name":"wp","href":"https:\/\/api.w.org\/{rel}","templated":true}]}}