{"id":110669,"date":"2024-07-14T11:22:26","date_gmt":"2024-07-14T09:22:26","guid":{"rendered":"https:\/\/www.mojevrijeme.hr\/magazin\/?p=110669"},"modified":"2024-07-16T20:51:13","modified_gmt":"2024-07-16T18:51:13","slug":"gordana-ostalo-je-malo-inteligentnih-muskaraca-ostali-traze-spremacicu-i-daljinski","status":"publish","type":"post","link":"https:\/\/www.mojevrijeme.hr\/magazin\/2024\/07\/gordana-ostalo-je-malo-inteligentnih-muskaraca-ostali-traze-spremacicu-i-daljinski\/","title":{"rendered":"Gordana: Ostalo je malo inteligentnih mu\u0161karaca, ostali tra\u017ee sprema\u010dicu"},"content":{"rendered":"\n<p><strong>Gordana Ga\u0161pari\u0107 Vrbljanin<\/strong> bila je kandidatkinja prve sezone romanti\u010dnog zbiljokaza &#8220;Brak na prvu&#8221; u kojoj su je stru\u010dnjaci spojili s <strong>Milanom Toki\u0107em<\/strong>. Razvili su prijateljski odnos koji se nastavio nakon zavr\u0161etka sociolo\u0161kog eksperimenta, no onda su prekinuli svaki kontakt. Gordana je objasnila da je tome uzrok Milanova nova partnerica, javlja <a href=\"https:\/\/www.rtl.hr\/tv-emisije\/brak-na-prvu\/gordana-iz-braka-na-prvu-o-problemu-s-muskarcima-svaki-trazi-kauc-daljinski-i-spremanje.html\" target=\"_blank\" rel=\"noreferrer noopener\">RTL<\/a>.<\/p>\n\n\n\n<p>Gordana je nedavno kazala kako u njezinom ljubavnom \u017eivotu nema ni\u0161ta novo, a otkrila je i za\u0161to. &#8220;Ostalo je malo inteligentnih mu\u0161karaca te je ve\u0107ina takvih ve\u0107 zauzeta. Ne \u017eelim biti s bilo kime. Onog \u0161to \u017eelim, nema.&#8221;<\/p>\n\n\n\n<p>Ova zgodna plavu\u0161a ka\u017ee da bi voljela bih imati nekoga za dru\u017eenje, prijateljstvo, ples, neku zabavu, putovanje. &#8220;Vidim tu kod umirovljenika da svatko ima nekoga, svog para. Svaki mu\u0161karac koji se pojavi, tra\u017ei kau\u010d, daljinski i spremanje&#8221;, ispri\u010dala je.<\/p><div id=\"mojev-1826294929\" class=\"mojev-u-tekstu mojev-entity-placement\" style=\"margin-left: auto;margin-right: auto;text-align: center;\"><div class=\"mojev-adlabel\">oglas<\/div><div style=\"height: 250px;\"><script async src=\"https:\/\/pagead2.googlesyndication.com\/pagead\/js\/adsbygoogle.js?client=ca-pub-8106111766207173\"\r\n     crossorigin=\"anonymous\"><\/script>\r\n<!-- Prikazni 1 u tekstu -->\r\n<ins class=\"adsbygoogle\"\r\n     style=\"display:block\"\r\n     data-ad-client=\"ca-pub-8106111766207173\"\r\n     data-ad-slot=\"8535551207\"\r\n     data-ad-format=\"auto\"\r\n     data-full-width-responsive=\"true\"><\/ins>\r\n<script>\r\n     (adsbygoogle = window.adsbygoogle || []).push({});\r\n<\/script><\/div><\/div><br style=\"clear: both; display: block; float: none;\"\/>\n\n\n\n<p>Osvrnula se i na svoj odnos s Milanom. &#8220;Njegova partnerica me blokirala na dru\u0161tvenoj mre\u017ei, a kad sam to rekla pro\u0161le godine, nazvala me i tvrdila da nije. Znam da se Milan u takve stvari ne razumije. Ne znam za\u0161to je njegova partnerica ljubomorna na mene.&#8221;<\/p>\n\n\n\n<p>&#8220;U &#8216;Braku na prvu&#8217; smo se samo poljubili u obraz. Bilo mi je prekrasno u showu, nikad to ne\u0107u zaboraviti. Milan je divan \u010dovjek. Nismo rekli ni\u0161ta ru\u017eno jedno protiv drugog. \u0160to ja mogu \u0161to je njegova partnerica ljubomorna na mene?&#8221; ispri\u010dala je. Istaknula je da bi voljela znati kako je jer je ranije bio bolestan.<\/p>\n\n\n\n<p>Kazala je i da ima samo lijepa sje\u0107anja na &#8220;Brak na prvu&#8221; te da se \u010duje s Valentinom, Nadijom i Dejanom. &#8220;Ponovila bih to&#8221;, izjavila je za <a href=\"https:\/\/www.rtl.hr\/tv-emisije\/brak-na-prvu\/gordana-iz-braka-na-prvu-o-problemu-s-muskarcima-svaki-trazi-kauc-daljinski-i-spremanje.html\" target=\"_blank\" rel=\"noreferrer noopener\">RTL<\/a>.<\/p>\n<div id=\"mojev-2145142085\" class=\"mojev-kraj-teksta mojev-entity-placement\" style=\"margin-bottom: 20px;margin-left: auto;margin-right: auto;text-align: center;\"><div class=\"mojev-adlabel\">oglas<\/div><div style=\"height: 250px;\"><script async src=\"https:\/\/pagead2.googlesyndication.com\/pagead\/js\/adsbygoogle.js?client=ca-pub-8106111766207173\"\r\n     crossorigin=\"anonymous\"><\/script>\r\n<!-- Display-1 -->\r\n<ins class=\"adsbygoogle\"\r\n     style=\"display:block\"\r\n     data-ad-client=\"ca-pub-8106111766207173\"\r\n     data-ad-slot=\"1465712950\"\r\n     data-ad-format=\"auto\"\r\n     data-full-width-responsive=\"true\"><\/ins>\r\n<script>\r\n     (adsbygoogle = window.adsbygoogle || []).push({});\r\n<\/script><\/div><\/div>","protected":false},"excerpt":{"rendered":"<p>Odmjerena Gordana objasnila je za\u0161to je nastavila \u017eivot bez mu\u0161karca, dok je njen televizijski parter prona\u0161ao novu ljubav.<\/p>\n","protected":false},"author":1,"featured_media":110670,"comment_status":"closed","ping_status":"closed","sticky":false,"template":"","format":"standard","meta":{"footnotes":""},"categories":[84],"tags":[2251,4056,4057],"class_list":["post-110669","post","type-post","status-publish","format-standard","has-post-thumbnail","hentry","category-show","tag-brak-na-prvu","tag-gordana-gasparic-vrbljanin","tag-milan-tokic"],"_links":{"self":[{"href":"https:\/\/www.mojevrijeme.hr\/magazin\/wp-json\/wp\/v2\/posts\/110669","targetHints":{"allow":["GET"]}}],"collection":[{"href":"https:\/\/www.mojevrijeme.hr\/magazin\/wp-json\/wp\/v2\/posts"}],"about":[{"href":"https:\/\/www.mojevrijeme.hr\/magazin\/wp-json\/wp\/v2\/types\/post"}],"author":[{"embeddable":true,"href":"https:\/\/www.mojevrijeme.hr\/magazin\/wp-json\/wp\/v2\/users\/1"}],"replies":[{"embeddable":true,"href":"https:\/\/www.mojevrijeme.hr\/magazin\/wp-json\/wp\/v2\/comments?post=110669"}],"version-history":[{"count":0,"href":"https:\/\/www.mojevrijeme.hr\/magazin\/wp-json\/wp\/v2\/posts\/110669\/revisions"}],"wp:featuredmedia":[{"embeddable":true,"href":"https:\/\/www.mojevrijeme.hr\/magazin\/wp-json\/wp\/v2\/media\/110670"}],"wp:attachment":[{"href":"https:\/\/www.mojevrijeme.hr\/magazin\/wp-json\/wp\/v2\/media?parent=110669"}],"wp:term":[{"taxonomy":"category","embeddable":true,"href":"https:\/\/www.mojevrijeme.hr\/magazin\/wp-json\/wp\/v2\/categories?post=110669"},{"taxonomy":"post_tag","embeddable":true,"href":"https:\/\/www.mojevrijeme.hr\/magazin\/wp-json\/wp\/v2\/tags?post=110669"}],"curies":[{"name":"wp","href":"https:\/\/api.w.org\/{rel}","templated":true}]}}