{"id":110723,"date":"2024-08-15T17:50:21","date_gmt":"2024-08-15T15:50:21","guid":{"rendered":"https:\/\/www.mojevrijeme.hr\/magazin\/?p=110723"},"modified":"2024-08-15T17:50:48","modified_gmt":"2024-08-15T15:50:48","slug":"visnja-59-20-godina-mi-sestra-nije-dosla-u-kucu-a-zivimo-u-istom-selu","status":"publish","type":"post","link":"https:\/\/www.mojevrijeme.hr\/magazin\/2024\/08\/visnja-59-20-godina-mi-sestra-nije-dosla-u-kucu-a-zivimo-u-istom-selu\/","title":{"rendered":"Vi\u0161nja (59): &#8217;20 godina mi sestra nije do\u0161la u ku\u0107u, a \u017eivimo u istom selu&#8217;"},"content":{"rendered":"\n<p>Ne zna, ka\u017ee nam gospo\u0111a Vi\u0161nja, \u0161to si je sestra zamislila kad je sa suprugom i k\u0107eri dolazila k&nbsp;njoj na more, ali zna da prije toga uop\u0107e nisu razgovarale o tome kako \u0107e funkcionirati dvije obitelji u zajedni\u010dkom ku\u0107anstvu. A upravo je tu nastao nesporazum me\u0111u sestrama.<\/p>\n\n\n\n<p>&#8220;Deset smo godina suprug i ja gradili malu ku\u0107u na moru. Mukotrpno, vikende i vikende sam ostavljala dole i kuhala radnicima i odra\u0111ivala sa suprugom sve \u0161to je bilo u na\u0161oj mo\u0107i. Kad je ku\u0107a bila gotova, s veseljem sam na tjedan dana pozvala sestru, \u0161ogora i njihovu tada desetogodi\u0161nju k\u0107i. U ku\u0107i smo bili i moj suprug, 11 godina stara k\u0107i, osmogodi\u0161nji sin i ja. Nije zavr\u0161ilo dobro. Od tada se pitam ima li smisla bilo koga zvati&#8221;, otkrila nam je gospo\u0111a Vi\u0161nja.<\/p>\n\n\n\n<p>&#8220;Doputovali su u vrijeme ru\u010dka, do\u010dekala sam ih umorne i iscrpljene od duge vo\u017enje, s ru\u010dkom. Sve je bilo u najboljem redu. Dala sam im jednu sobu i rekla sestri neka se osje\u0107a kao doma, sve joj je na raspolaganju i svatko \u0107e neoptere\u0107eno funkcionirati za sebe \u0161to se ti\u010de dolazaka, odlazaka, kuhanja.&#8221;<\/p><div id=\"mojev-3343633322\" class=\"mojev-u-tekstu mojev-entity-placement\" style=\"margin-left: auto;margin-right: auto;text-align: center;\"><div class=\"mojev-adlabel\">oglas<\/div><div style=\"height: 250px;\"><script async src=\"https:\/\/pagead2.googlesyndication.com\/pagead\/js\/adsbygoogle.js?client=ca-pub-8106111766207173\"\r\n     crossorigin=\"anonymous\"><\/script>\r\n<!-- Prikazni 1 u tekstu -->\r\n<ins class=\"adsbygoogle\"\r\n     style=\"display:block\"\r\n     data-ad-client=\"ca-pub-8106111766207173\"\r\n     data-ad-slot=\"8535551207\"\r\n     data-ad-format=\"auto\"\r\n     data-full-width-responsive=\"true\"><\/ins>\r\n<script>\r\n     (adsbygoogle = window.adsbygoogle || []).push({});\r\n<\/script><\/div><\/div><br style=\"clear: both; display: block; float: none;\"\/>\n\n\n\n<p>&#8220;Nije pro\u0161lo ni tri dana, krenula je <em>frkati nosom<\/em>, a da ni sama nisam shvatila za\u0161to. Imali smo druga\u010diji bioritam i nisam vidjela problem u tome, nave\u010der bi se opet okupili na terasi i zabavljali se. No oni se nave\u010der vi\u0161e nisu pojavljivali ve\u0107 su i\u0161li do mjesta. Nisu vi\u0161e normalno komunicirali s nama sve do dana odlaska&#8221;, doznajemo.<\/p>\n\n\n\n<h3 class=\"wp-block-heading\">Oti\u0161la bez pozdrava<\/h3>\n\n\n\n<p>Deseti dan su rano ujutro potrpali stvari u auto i oti\u0161li ku\u0107i. Ni rije\u010di, ni pozdrava. &#8220;Tek sam kasnije saznala da su se uvrijedili \u0161to nisam napunila fri\u017eider i ponudila ih doru\u010dkom, ru\u010dkom, ve\u010derom i jo\u0161 valjda prala su\u0111e za njima, jer su ONI do\u0161li na odmor. To \u0161to smo mi dio svog odmora od tri tjedna planirali provesti s njima bila velika pogre\u0161ka&#8221;, ka\u017ee nam.<\/p>\n\n\n\n<p>Potom je objasnila da je ona jutarnji tip, za doru\u010dak si je u njenoj obitelji uzimao tko je \u0161to na\u0161ao, a ru\u010dali su ne\u0161to lagano i tek oko tri popodne. Za ve\u010deru bi bilo kruha, namaza i vo\u0107a, nije dvaput kuhala. &#8220;Mislila sam, kad sam joj rekla da ima cijelu ku\u0107u na raspolaganju, da \u0107e se oni poslo\u017eiti kako im odgovara i da ne o\u010dekuje da ih ja slu\u017eim. Prevarila sam se. Eto, to je razlog zbog kojeg ona ni \u0161ogor ne razgovaraju sa mnom.&#8221;<\/p>\n\n\n\n<h3 class=\"wp-block-heading\">Odgoj nije kriv<\/h3>\n\n\n\n<p>&#8220;Samo sam jo\u0161 jednom nazvala i pitala \u0161to mi ima za re\u0107i, pa mi je tada rekla da smo ih ignorirali i da nije bilo ni\u010deg u ku\u0107i. Mo\u017eete li to vjerovati? Nakon toga, nisam se vi\u0161e trudila stupiti u kontakt s njom. Stra\u0161na je spoznaja zbog \u010dega se uvrijedila, ali ja s tim mogu \u017eivjeti. Ne znam mo\u017ee li i ona&#8221;, ka\u017ee nam.<\/p>\n\n\n\n<p>Potom otkriva da se njezina, danas odrasla djeca, i sestrina k\u0107i, ipak pozdravljaju kad se vide, \u010destitaju si ro\u0111endane i me\u0111u njima nema zle krvi. &#8220;Roditelji nas nisu tako odgajali, naprotiv, uvijek su za \u017eivota poticali obiteljska okupljanja i dru\u017eenja. \u0160to se u nju uvuklo da tolike godine meni zamjera, ne znam. Mo\u017eda je svemu kumovala i ljubomora, \u0161to ja imam ku\u0107u na moru, tko \u0107e znati, jer mi zvu\u010di nevjerojatno da se sa mnom zakrvila jer nije dobila uslugu kao da je u hotelu&#8221;, razmi\u0161ljanja su na\u0161e sugovornice Vi\u0161nje.\u00a0<\/p>\n\n\n\n<div id=\"crveno\"><\/p>\n\n\n\n<h3 class=\"wp-block-heading\">Zanima nas va\u0161a pri\u010da<\/h3>\n\n\n\n<p>\u017delite li i vi, posve anonimno, podijeliti svoje iskustvo i vi\u0111enje ove teme s nama i na\u0161im \u010ditateljima, mo\u017eete to u\u010diniti putem web obrasca <a rel=\"noreferrer noopener\" href=\"https:\/\/www.mojevrijeme.hr\/magazin\/povjerljivo\/\" target=\"_blank\">Povjerljivo<\/a>. Napi\u0161ite svoju pri\u010du!<\/p>\n\n\n\n<p><\/div>\n<div id=\"mojev-4141939015\" class=\"mojev-kraj-teksta mojev-entity-placement\" style=\"margin-bottom: 20px;margin-left: auto;margin-right: auto;text-align: center;\"><div class=\"mojev-adlabel\">oglas<\/div><div style=\"height: 250px;\"><script async src=\"https:\/\/pagead2.googlesyndication.com\/pagead\/js\/adsbygoogle.js?client=ca-pub-8106111766207173\"\r\n     crossorigin=\"anonymous\"><\/script>\r\n<!-- Display-1 -->\r\n<ins class=\"adsbygoogle\"\r\n     style=\"display:block\"\r\n     data-ad-client=\"ca-pub-8106111766207173\"\r\n     data-ad-slot=\"1465712950\"\r\n     data-ad-format=\"auto\"\r\n     data-full-width-responsive=\"true\"><\/ins>\r\n<script>\r\n     (adsbygoogle = window.adsbygoogle || []).push({});\r\n<\/script><\/div><\/div>","protected":false},"excerpt":{"rendered":"<p>Gospo\u0111a Vi\u0161nja (59) je prije 20 godina pozvala sestru s obitelji na more, u svoju vikendicu na samom jugu Dalmacije. Deset dana kasnije, sestra se vratila ku\u0107i bez rije\u010di i bez pozdrava, bez jednog jedinog &#8216;hvala&#8217;. Tek je kasnije gospo\u0111a Vi\u0161nja saznala za\u0161to se uvrijedila.<\/p>\n","protected":false},"author":17,"featured_media":113200,"comment_status":"closed","ping_status":"closed","sticky":false,"template":"","format":"standard","meta":{"footnotes":""},"categories":[3552],"tags":[585,3437,3805],"class_list":["post-110723","post","type-post","status-publish","format-standard","has-post-thumbnail","hentry","category-povjerljivo","tag-ljetovanje","tag-obiteljski-odnosi","tag-sestre"],"_links":{"self":[{"href":"https:\/\/www.mojevrijeme.hr\/magazin\/wp-json\/wp\/v2\/posts\/110723","targetHints":{"allow":["GET"]}}],"collection":[{"href":"https:\/\/www.mojevrijeme.hr\/magazin\/wp-json\/wp\/v2\/posts"}],"about":[{"href":"https:\/\/www.mojevrijeme.hr\/magazin\/wp-json\/wp\/v2\/types\/post"}],"author":[{"embeddable":true,"href":"https:\/\/www.mojevrijeme.hr\/magazin\/wp-json\/wp\/v2\/users\/17"}],"replies":[{"embeddable":true,"href":"https:\/\/www.mojevrijeme.hr\/magazin\/wp-json\/wp\/v2\/comments?post=110723"}],"version-history":[{"count":0,"href":"https:\/\/www.mojevrijeme.hr\/magazin\/wp-json\/wp\/v2\/posts\/110723\/revisions"}],"wp:featuredmedia":[{"embeddable":true,"href":"https:\/\/www.mojevrijeme.hr\/magazin\/wp-json\/wp\/v2\/media\/113200"}],"wp:attachment":[{"href":"https:\/\/www.mojevrijeme.hr\/magazin\/wp-json\/wp\/v2\/media?parent=110723"}],"wp:term":[{"taxonomy":"category","embeddable":true,"href":"https:\/\/www.mojevrijeme.hr\/magazin\/wp-json\/wp\/v2\/categories?post=110723"},{"taxonomy":"post_tag","embeddable":true,"href":"https:\/\/www.mojevrijeme.hr\/magazin\/wp-json\/wp\/v2\/tags?post=110723"}],"curies":[{"name":"wp","href":"https:\/\/api.w.org\/{rel}","templated":true}]}}