{"id":110796,"date":"2024-07-16T16:26:24","date_gmt":"2024-07-16T14:26:24","guid":{"rendered":"https:\/\/www.mojevrijeme.hr\/magazin\/?p=110796"},"modified":"2024-07-16T16:28:40","modified_gmt":"2024-07-16T14:28:40","slug":"omiljena-brankica-vraca-se-na-male-ekrane-treca-sreca-bit-ce-svacega","status":"publish","type":"post","link":"https:\/\/www.mojevrijeme.hr\/magazin\/2024\/07\/omiljena-brankica-vraca-se-na-male-ekrane-treca-sreca-bit-ce-svacega\/","title":{"rendered":"Omiljena Brankica vra\u0107a se na male ekrane: Tre\u0107a sre\u0107a, bit \u0107e sva\u010dega!"},"content":{"rendered":"\n<p>S nestrpljenjem o\u010dekujemo 17. sezonu ruralnog zbiljokaza &#8220;Ljubav je na selu&#8221; koji se najesen vra\u0107a na male ekrane. Iako se obo\u017eavatelji nadaju da \u0107e se <strong>Bahra Zahirovi\u0107<\/strong> predomisliti i vratiti u popularni <em>show<\/em>, RTL je objavio povratak druge, tako\u0111er omiljene, veteranke. Tre\u0107u sre\u0107u \u0107e pred kamerama potra\u017eiti zgodna njegovateljica <strong>Brankica Kobasi\u0107<\/strong> (60).<\/p>\n\n\n\n<p>Farmer kojemu je odlu\u010dila poslati ljubavno pismo ove sezone osvojio ju je, ka\u017ee, simpati\u010dno\u0161\u0107u, karakterom i smirenom energijom, a iskrica je bilo s obje strane, javlja <a href=\"https:\/\/www.rtl.hr\/tv-emisije\/ljubav-je-na-selu\/hoce-li-treca-biti-sreca-brankica-ponovno-stize-u-ljubav-je-na-selu-vec-mi-je-slao-signale.html\" target=\"_blank\" rel=\"noreferrer noopener\">RTL<\/a>.<\/p>\n\n\n\n<p>&#8220;On mi je ve\u0107 slao signale na <em>speed dateu<\/em>, malo smo razgovarali, otvoreno mi je rekao da mu se svi\u0111am. Mislila sam da \u0107e ga moje godine pokolebati, ali ni\u0161ta to ne zna\u010di. Ali znate kakvi su mu\u0161karci, vrlo prevrtljivi, tu mo\u017ee biti sva\u0161ta&#8221;, najavljuje oprezno.<\/p><div id=\"mojev-854061515\" class=\"mojev-u-tekstu mojev-entity-placement\" style=\"margin-left: auto;margin-right: auto;text-align: center;\"><div class=\"mojev-adlabel\">oglas<\/div><div style=\"height: 250px;\"><script async src=\"https:\/\/pagead2.googlesyndication.com\/pagead\/js\/adsbygoogle.js?client=ca-pub-8106111766207173\"\r\n     crossorigin=\"anonymous\"><\/script>\r\n<!-- Prikazni 1 u tekstu -->\r\n<ins class=\"adsbygoogle\"\r\n     style=\"display:block\"\r\n     data-ad-client=\"ca-pub-8106111766207173\"\r\n     data-ad-slot=\"8535551207\"\r\n     data-ad-format=\"auto\"\r\n     data-full-width-responsive=\"true\"><\/ins>\r\n<script>\r\n     (adsbygoogle = window.adsbygoogle || []).push({});\r\n<\/script><\/div><\/div><br style=\"clear: both; display: block; float: none;\"\/>\n\n\n\n<p>Brankica isti\u010de kako \u0107e i u ovoj sezoni ostati takva kakva jest, a ima i poruku za konkurenciju. &#8220;Dobra sam kao kruh, ali ako vidim da je netko bezobrazan, onda pucam. Nisam ljubomorna, ali ne volim podbadanja. Ako vidim da trza na mene, volim se boriti, ali ne\u0107u pritom nikog omalova\u017eavati, lagati, \u0161iriti tra\u010deve, to ne. Ali na sebe ne dam. Ne\u0107u se mijenjati jer ne znam muljati ni glumatati&#8221;, poru\u010duje.<\/p>\n\n\n\n<p>Ova simpati\u010dna njegovateljica u sretnom je braku bila 25 godina te ima tri sina, a nakon smrti supruga, imala je jo\u0161 jednu du\u017eu vezu. Od ljubavi, ka\u017ee, nikad ne misli odustati.<\/p>\n\n\n\n<p>&#8220;Ja sam stvarno osoba koja nikad ne gubi vjeru u ljubav i dok god imam potrebu imati nekoga uza sebe, ja \u0107u tra\u017eiti. Drago mi je da sam ponovno tu u novoj sezoni showa&#8221;, isti\u010de Brankica te zaklju\u010duje: &#8220;Nadam se da \u0107e stvarno biti tre\u0107a sre\u0107a. U nadi je spas! Farmer kojem sam pisala mi se jako svi\u0111a. Treba ga malo usmjeriti i probati s njim na\u0107i neku zlatnu sredinu. Bit \u0107e tu sva\u0161ta!&#8221;<\/p>\n<div id=\"mojev-3165830441\" class=\"mojev-kraj-teksta mojev-entity-placement\" style=\"margin-bottom: 20px;margin-left: auto;margin-right: auto;text-align: center;\"><div class=\"mojev-adlabel\">oglas<\/div><div style=\"height: 250px;\"><script async src=\"https:\/\/pagead2.googlesyndication.com\/pagead\/js\/adsbygoogle.js?client=ca-pub-8106111766207173\"\r\n     crossorigin=\"anonymous\"><\/script>\r\n<!-- Display-1 -->\r\n<ins class=\"adsbygoogle\"\r\n     style=\"display:block\"\r\n     data-ad-client=\"ca-pub-8106111766207173\"\r\n     data-ad-slot=\"1465712950\"\r\n     data-ad-format=\"auto\"\r\n     data-full-width-responsive=\"true\"><\/ins>\r\n<script>\r\n     (adsbygoogle = window.adsbygoogle || []).push({});\r\n<\/script><\/div><\/div>","protected":false},"excerpt":{"rendered":"<p>Ostat \u0107e svoja, obo\u017eavateljima poru\u010duje simpati\u010dna Brankica. Novi farmer joj se, dodaje, jako svi\u0111a. <\/p>\n","protected":false},"author":1,"featured_media":92083,"comment_status":"closed","ping_status":"closed","sticky":false,"template":"","format":"standard","meta":{"footnotes":""},"categories":[84],"tags":[3821,3054,142],"class_list":["post-110796","post","type-post","status-publish","format-standard","has-post-thumbnail","hentry","category-show","tag-brankica-kobasic","tag-ljubav-je-na-selu","tag-televizija"],"_links":{"self":[{"href":"https:\/\/www.mojevrijeme.hr\/magazin\/wp-json\/wp\/v2\/posts\/110796","targetHints":{"allow":["GET"]}}],"collection":[{"href":"https:\/\/www.mojevrijeme.hr\/magazin\/wp-json\/wp\/v2\/posts"}],"about":[{"href":"https:\/\/www.mojevrijeme.hr\/magazin\/wp-json\/wp\/v2\/types\/post"}],"author":[{"embeddable":true,"href":"https:\/\/www.mojevrijeme.hr\/magazin\/wp-json\/wp\/v2\/users\/1"}],"replies":[{"embeddable":true,"href":"https:\/\/www.mojevrijeme.hr\/magazin\/wp-json\/wp\/v2\/comments?post=110796"}],"version-history":[{"count":0,"href":"https:\/\/www.mojevrijeme.hr\/magazin\/wp-json\/wp\/v2\/posts\/110796\/revisions"}],"wp:featuredmedia":[{"embeddable":true,"href":"https:\/\/www.mojevrijeme.hr\/magazin\/wp-json\/wp\/v2\/media\/92083"}],"wp:attachment":[{"href":"https:\/\/www.mojevrijeme.hr\/magazin\/wp-json\/wp\/v2\/media?parent=110796"}],"wp:term":[{"taxonomy":"category","embeddable":true,"href":"https:\/\/www.mojevrijeme.hr\/magazin\/wp-json\/wp\/v2\/categories?post=110796"},{"taxonomy":"post_tag","embeddable":true,"href":"https:\/\/www.mojevrijeme.hr\/magazin\/wp-json\/wp\/v2\/tags?post=110796"}],"curies":[{"name":"wp","href":"https:\/\/api.w.org\/{rel}","templated":true}]}}