{"id":11096,"date":"2017-11-20T08:33:59","date_gmt":"2017-11-20T07:33:59","guid":{"rendered":"http:\/\/www.mojevrijeme.hr\/magazin\/?p=11096"},"modified":"2017-11-20T08:37:09","modified_gmt":"2017-11-20T07:37:09","slug":"izvanredna-postignuca-u-kasnim-godinama","status":"publish","type":"post","link":"https:\/\/www.mojevrijeme.hr\/magazin\/2017\/11\/izvanredna-postignuca-u-kasnim-godinama\/","title":{"rendered":"Izvanredna postignu\u0107a u kasnim godinama"},"content":{"rendered":"<p>Nakon dugog i te\u0161kog radnog vijeka, razumljivo je da mnogi ljudi biraju itekako zaslu\u017eeni odmor za svoje kasne godine. Ipak, za neke druge, dolazak u dob za umirovljenje nipo\u0161to nije razlog za usporavanje tempa.<\/p>\n<p>Postoji mnogo primjera koji pokazuju da ljudi mogu posti\u0107i nevjerojatne stvari u svojim kasnijim godinama. U nastavku navodimo primjere ljudi starijih od 50 godina koji su napravili nevjerojatne stvari poput uspona na Mount Everest, tr\u010danja maratona, pisanja bestsellera i stvaranja inovativnih modnih ideja.\u00a0Evo nekih od najzna\u010dajnih podviga koje su ostvarili ljudi u starijoj \u017eivotnoj dobi.<\/p>\n<h3>Nikad nije prekasno da upi\u0161ete formalno obrazovanje<\/h3>\n<p><strong>Ime: Priscilla Sitienei<\/strong><\/p><div id=\"mojev-2114172208\" class=\"mojev-u-tekstu mojev-entity-placement\" style=\"margin-left: auto;margin-right: auto;text-align: center;\"><div class=\"mojev-adlabel\">oglas<\/div><div style=\"height: 250px;\"><script async src=\"https:\/\/pagead2.googlesyndication.com\/pagead\/js\/adsbygoogle.js?client=ca-pub-8106111766207173\"\r\n     crossorigin=\"anonymous\"><\/script>\r\n<!-- Prikazni 1 u tekstu -->\r\n<ins class=\"adsbygoogle\"\r\n     style=\"display:block\"\r\n     data-ad-client=\"ca-pub-8106111766207173\"\r\n     data-ad-slot=\"8535551207\"\r\n     data-ad-format=\"auto\"\r\n     data-full-width-responsive=\"true\"><\/ins>\r\n<script>\r\n     (adsbygoogle = window.adsbygoogle || []).push({});\r\n<\/script><\/div><\/div><br style=\"clear: both; display: block; float: none;\"\/>\n<p><strong>Dob postignu\u0107a: 90 godina<\/strong><\/p>\n<p>Nakon \u0161to je cijeli \u017eivot radila kao primalja, kenijska pra-prabaka odlu\u010dila se upisati u osnovnu \u0161kolu kako bi nau\u010dila \u010ditati i pisati, s obzirom da nije to bila u mogu\u0107nosti napraviti kao dijete. Zbog svojega pripovjeda\u010dkoga talenta postala je iznimno popularna me\u0111u svojim kolegama iz razreda koji su stari izme\u0111u 10 i 14 godina, a mnoge od njih je ona sama porodila za svojeg radnog vijeka primalje.<br \/>\n<iframe loading=\"lazy\" style=\"border: none; overflow: hidden;\" src=\"https:\/\/www.facebook.com\/plugins\/post.php?href=https%3A%2F%2Fwww.facebook.com%2Fphoto.php%3Ffbid%3D110258676406000%26set%3Da.110258709739330.1073741826.100022656043259%26type%3D3&amp;width=500\" width=\"500\" height=\"609\" frameborder=\"0\" scrolling=\"no\"><\/iframe><\/p>\n<p>&nbsp;<\/p>\n<h3>Nikad nije prekasno da nastavite tr\u010dati<\/h3>\n<p><strong>Ime: Fauja Singh<\/strong><\/p>\n<p><strong>Dob postignu\u0107a: 104 godine<\/strong><\/p>\n<p>Britanski gra\u0111anin indijskoga podrijetla, stogodi\u0161njak koji je postao globalno poznat po svome istr\u010davanju punih maratona, pritom \u010desto obaraju\u0107i rekorde za svoju dobnu kategoriju. Kontinuirano sudjeluje u sli\u010dnim testovima izdr\u017eljivosti. Dobio je medalju britanskog carstva i telegram od kraljice Elizabete II. S 92 godine istr\u010dao je 42 kilometra maratona za 5 sati i 40 minuta. Godinu kasnije pojavio se u Adidasovoj reklami prikladnog slogana &#8220;Ni\u0161ta nije nemogu\u0107e&#8221;.<\/p>\n<div id=\"fb-root\"><\/div>\n<p><script async=\"1\" defer=\"1\" crossorigin=\"anonymous\" src=\"https:\/\/connect.facebook.net\/de_DE\/sdk.js#xfbml=1&amp;version=v3.2\"><\/script><\/p>\n<div class=\"fb-post\" data-href=\"https:\/\/www.facebook.com\/225889357609\/photos\/a.432300177609.238392.225889357609\/10150333510387610\/?type=3&amp;theater\" data-width=\"740\">\n<blockquote cite=\"https:\/\/www.facebook.com\/225889357609\/photos\/a.432300177609\/10150333510387610\/?type=3\" class=\"fb-xfbml-parse-ignore\"><p>Gepostet von <a href=\"https:\/\/www.facebook.com\/Fauja-Singh-225889357609\/\">Fauja Singh<\/a> am&nbsp;<a href=\"https:\/\/www.facebook.com\/225889357609\/photos\/a.432300177609\/10150333510387610\/?type=3\">Montag, 24. Oktober 2011<\/a><\/p><\/blockquote>\n<\/div>\n<p>&nbsp;<\/p>\n<p>&nbsp;<\/p>\n<h3>Nikad nije prekasno da otkrijete istra\u017eiva\u010da u sebi<\/h3>\n<p><strong>Ime: Sir Ranulph Fiennes<\/strong><\/p>\n<p><strong>Dob postignu\u0107a: 65 godina<\/strong><\/p>\n<p>Ovaj neustra\u0161ivi istra\u017eiva\u010d popeo se na Mount Everest u dobi za umirovljenje a od tada je sudjelovao i u 156 kilometara dugoj utrci kroz Saharu. Prije nego \u0161to je osvojio najvi\u0161i svjetski vrh, slu\u017eio je u britanskim zra\u010dnim snagama, pomogao je osnovati nacionalnu armiju u Omanu, zaokru\u017eio je zemlju preko sjevernog i ju\u017enog pola, sam prepje\u0161a\u010dio Antarktiku za 93 dana gdje si je morao otkinuti prste zbog nepodno\u0161ljive boli uslijed promrzlina.<\/p>\n<p><iframe loading=\"lazy\" width=\"740\" height=\"416\" src=\"https:\/\/www.youtube.com\/embed\/PcrOUEWHukE?feature=oembed\" frameborder=\"0\" allow=\"accelerometer; autoplay; encrypted-media; gyroscope; picture-in-picture\" allowfullscreen><\/iframe><\/p>\n<p>&nbsp;<\/p>\n<h3>Nikad nije prekasno da postanete uspje\u0161na spisateljica ili pisac<\/h3>\n<p><strong>Ime: Mary Wesley<\/strong><\/p>\n<p><strong>Dob postignu\u0107a: 70 godina<\/strong><\/p>\n<p>Engleska spisateljica po\u010dela je pisati u svojim \u0161ezdesetim godinama, a napunila je 70 kad je objavila svoj prvi roman <em>&#8220;Jumping in the Queue&#8221;<\/em> koji je postao bestseler. Prije nego \u0161to je objavila navedeni roman, sedam izdava\u010da ga je odbilo izdati. Nakon toga je napisala 10 knjiga koje su postale bestseleri, uklju\u010duju\u0107i <em>&#8220;The Chamomile lawn&#8221;<\/em>, koji je kasnije adaptiran u TV seriju.<\/p>\n<p><iframe loading=\"lazy\" style=\"border: none; overflow: hidden;\" src=\"https:\/\/www.facebook.com\/plugins\/post.php?href=https%3A%2F%2Fwww.facebook.com%2FMaryWesleyAuthor%2Fphotos%2Fa.444565218983338.1073741825.444564502316743%2F444565225650004%2F%3Ftype%3D3&amp;width=500\" width=\"500\" height=\"501\" frameborder=\"0\" scrolling=\"no\"><\/iframe><\/p>\n<p>&nbsp;<\/p>\n<h3>Nikad nije prekasno da postanete filmska zvijezda<\/h3>\n<p><strong>Ime: Judy Dench<\/strong><\/p>\n<p><strong>Dob postignu\u0107a: 60 godina<\/strong><\/p>\n<p>Ova britanska glumica bila je istaknuta kazali\u0161na glumica vi\u0161e od 30 godina prije nego \u0161to se prebacila na televiziju. Bila je u svojim \u0161ezdesetima kad je stekla me\u0111unarodnu slavu u 1995. godini igraju\u0107i ulogu M u serijalu o Jamesu Bondu u filmu &#8220;Zlatno oko&#8221;. Odigrala je istu ulogu u narednih 6 filmova o Bondu te dobila Oscara za najbolju sporednu ulogu 1998. u filmu &#8220;Zaljubljeni Shakespeare&#8221;. Dobila je brojne nagrade za svoju glumu, uklju\u010duju\u0107i 6 nagrada britanske filmske akademije, 4 nagrade BAFTA, 7 Oliviera i dva Zlatna Globusa.<\/p>\n<div id=\"fb-root\"><\/div>\n<p><script async=\"1\" defer=\"1\" crossorigin=\"anonymous\" src=\"https:\/\/connect.facebook.net\/de_DE\/sdk.js#xfbml=1&amp;version=v3.2\"><\/script><\/p>\n<div class=\"fb-post\" data-href=\"https:\/\/www.facebook.com\/24586168168\/photos\/rpp.24586168168\/10152911407828169\/?type=3&amp;theater\" data-width=\"740\">\n<blockquote cite=\"https:\/\/www.facebook.com\/24586168168\/photos\/a.10152911407918169\/10152911407828169\/?type=3\" class=\"fb-xfbml-parse-ignore\"><p>Gepostet von <a href=\"https:\/\/www.facebook.com\/Dame-Judi-Dench-24586168168\/\">Dame Judi Dench<\/a> am&nbsp;<a href=\"https:\/\/www.facebook.com\/24586168168\/photos\/a.10152911407918169\/10152911407828169\/?type=3\">Freitag, 14. November 2014<\/a><\/p><\/blockquote>\n<\/div>\n<p>&nbsp;<\/p>\n<h3>Nikad nije prekasno da se popnete visoko na korporativnim ljestvama<\/h3>\n<p><strong>Ime: Pukovnik Harland Sanders<\/strong><\/p>\n<p><strong>Dob postignu\u0107a: 62 godine<\/strong><\/p>\n<p>Osniva\u010d <em>Kentucky Fried Chickena<\/em> postao je profesionalni kuhar tek s 40 godina. Prije toga je radio mnoge neatraktivne poslova a onda je kupio servisnu stanicu i po\u010deo pripremati jela za motoriste. Njegov veliki uspjeh je uslijedio 1952. godine kad je prodao svoj \u010duveni recept u zamjenu za autorske honorare. Pro\u0161ao je tisu\u0107e kilometara kako bi promovirao KFC i kona\u010dno u 1965. prodao fran\u0161izu za tada\u0161njih 2 milijuna dolara (ekvivalentno dana\u0161njih 15 milijuna). Tada je imao 75 godina.<\/p>\n<p><iframe loading=\"lazy\" width=\"740\" height=\"555\" src=\"https:\/\/www.youtube.com\/embed\/videoseries?list=RDcF4ph_gKcpI\" frameborder=\"0\" allow=\"accelerometer; autoplay; encrypted-media; gyroscope; picture-in-picture\" allowfullscreen><\/iframe><\/p>\n<p>&nbsp;<\/p>\n<h3>Nikad nije prekasno da ostavite svoj trag u zdravstvu<\/h3>\n<p><strong>Ime: Rosa Branicka<\/strong><\/p>\n<p><strong>Dob postignu\u0107a: 63 godine<\/strong><\/p>\n<p>Ovoj poljskoj plemkinji dijagnosticiran je rak dojke u njezinim ranim \u0161ezdesetima te joj je preporu\u010den hitan kirur\u0161ki zahvat. Ipak, ona je odbila zahvat i umjesto toga putovala po Njema\u010dkoj, \u0160vicarskoj i Francuskoj kako bi sastavila alate koji \u0107e joj pomo\u0107i da uspje\u0161no obavi zahvat na sebi. Zahvat joj je omogu\u0107io da \u017eivi narednih 19 godina. Njezina operacija je pomogla u razvoju kirur\u0161kih tehnika koji se koriste i danas, 175 godina kasnije.<\/p>\n<p>&nbsp;<\/p>\n<h3>Nikad nije prekasno da postanete modna ikona<\/h3>\n<p><strong>Ime: Karl Lagerfeld<\/strong><\/p>\n<p><strong>Dob postignu\u0107a: 51 godina<\/strong><\/p>\n<p>Njema\u010dki modni dizajner bio je u svojim 50ima kad je razvio svoju istoimenu liniju odje\u0107e koju je 20 godina kasnije prodao Tommyju Hilfigeru. Tako\u0111er, bio je u ranim pedesetima kada ga je zaposlio Chanel i tako je po\u010deo dizajnirati odje\u0107u za tu slavnu modnu ku\u0107u. Danas ima 84 godine i jo\u0161 proizvodi odje\u0107u za Chanel kao njihov glavni dizajner. Sa 68 godina je smr\u0161avio skoro 50 kilograma kako bi mogao nositi odje\u0107u dizajniranu za mr\u0161ave kakvu je kreirao.<\/p>\n<div id=\"fb-root\"><\/div>\n<p><script async=\"1\" defer=\"1\" crossorigin=\"anonymous\" src=\"https:\/\/connect.facebook.net\/de_DE\/sdk.js#xfbml=1&amp;version=v3.2\"><\/script><\/p>\n<div class=\"fb-post\" data-href=\"https:\/\/www.facebook.com\/karllagerfeld\/photos\/a.334151083282933.84868.303772682987440\/1594289127269116\/?type=3&amp;theater\" data-width=\"740\">\n<blockquote cite=\"https:\/\/www.facebook.com\/karllagerfeld\/photos\/a.334151083282933\/1594289127269116\/?type=3\" class=\"fb-xfbml-parse-ignore\"><p>Gepostet von <a href=\"https:\/\/www.facebook.com\/karllagerfeld\/\">KARL LAGERFELD<\/a> am&nbsp;<a href=\"https:\/\/www.facebook.com\/karllagerfeld\/photos\/a.334151083282933\/1594289127269116\/?type=3\">Sonntag, 11. Juni 2017<\/a><\/p><\/blockquote>\n<\/div>\n<p>&nbsp;<\/p>\n<h3>Nikad nije prekasno da na\u0111ete pravu ljubav<\/h3>\n<p><strong>Ime: Marjorie Liggins i Norman Camm<\/strong><\/p>\n<p><strong>Dob postignu\u0107a: 92 i 86 godina<\/strong><\/p>\n<p>Ovaj stariji par iz Sheffielda upoznao se na satovima plesa nakon \u010dega su postali plesni partneri. Na kraju je Norman iznenadio Marjorie tako \u0161to se pojavio na njezinim vratima i zaprosio je. Par je bio zaru\u010den 6 tjedana prije nego \u0161to su se vjen\u010dali, \u0161to je bilo otprilike 70 godina nakon prvog Marjorienog braka.<\/p>\n<div id=\"mojev-142086328\" class=\"mojev-kraj-teksta mojev-entity-placement\" style=\"margin-bottom: 20px;margin-left: auto;margin-right: auto;text-align: center;\"><div class=\"mojev-adlabel\">oglas<\/div><div style=\"height: 250px;\"><script async src=\"https:\/\/pagead2.googlesyndication.com\/pagead\/js\/adsbygoogle.js?client=ca-pub-8106111766207173\"\r\n     crossorigin=\"anonymous\"><\/script>\r\n<!-- Display-1 -->\r\n<ins class=\"adsbygoogle\"\r\n     style=\"display:block\"\r\n     data-ad-client=\"ca-pub-8106111766207173\"\r\n     data-ad-slot=\"1465712950\"\r\n     data-ad-format=\"auto\"\r\n     data-full-width-responsive=\"true\"><\/ins>\r\n<script>\r\n     (adsbygoogle = window.adsbygoogle || []).push({});\r\n<\/script><\/div><\/div>","protected":false},"excerpt":{"rendered":"<p>&#8220;Ma za mene je sada ve\u0107 kasno!&#8221; &#8211; koliko ste puta \u010duli taj odgovor? Ljudi misle da postoji prava dob za odre\u0111ene aktivnosti i ako ne\u0161to nisi napravio dotad, nikada ni ne\u0107e\u0161 jer je naprosto &#8211; kasno. No ovi ljudi dokazuju da se i u kasnijoj dobi mo\u017ee puno posti\u0107i. <\/p>\n","protected":false},"author":4,"featured_media":1324,"comment_status":"closed","ping_status":"closed","sticky":false,"template":"","format":"standard","meta":{"footnotes":""},"categories":[85],"tags":[1014,98,259,80],"class_list":["post-11096","post","type-post","status-publish","format-standard","has-post-thumbnail","hentry","category-aktivno-starenje","tag-akti","tag-karijera","tag-ljubav","tag-starenje"],"_links":{"self":[{"href":"https:\/\/www.mojevrijeme.hr\/magazin\/wp-json\/wp\/v2\/posts\/11096","targetHints":{"allow":["GET"]}}],"collection":[{"href":"https:\/\/www.mojevrijeme.hr\/magazin\/wp-json\/wp\/v2\/posts"}],"about":[{"href":"https:\/\/www.mojevrijeme.hr\/magazin\/wp-json\/wp\/v2\/types\/post"}],"author":[{"embeddable":true,"href":"https:\/\/www.mojevrijeme.hr\/magazin\/wp-json\/wp\/v2\/users\/4"}],"replies":[{"embeddable":true,"href":"https:\/\/www.mojevrijeme.hr\/magazin\/wp-json\/wp\/v2\/comments?post=11096"}],"version-history":[{"count":0,"href":"https:\/\/www.mojevrijeme.hr\/magazin\/wp-json\/wp\/v2\/posts\/11096\/revisions"}],"wp:featuredmedia":[{"embeddable":true,"href":"https:\/\/www.mojevrijeme.hr\/magazin\/wp-json\/wp\/v2\/media\/1324"}],"wp:attachment":[{"href":"https:\/\/www.mojevrijeme.hr\/magazin\/wp-json\/wp\/v2\/media?parent=11096"}],"wp:term":[{"taxonomy":"category","embeddable":true,"href":"https:\/\/www.mojevrijeme.hr\/magazin\/wp-json\/wp\/v2\/categories?post=11096"},{"taxonomy":"post_tag","embeddable":true,"href":"https:\/\/www.mojevrijeme.hr\/magazin\/wp-json\/wp\/v2\/tags?post=11096"}],"curies":[{"name":"wp","href":"https:\/\/api.w.org\/{rel}","templated":true}]}}