{"id":1113,"date":"2014-10-05T16:46:23","date_gmt":"2014-10-05T14:46:23","guid":{"rendered":"http:\/\/www.mojevrijeme.hr\/magazin\/?p=1113"},"modified":"2016-05-23T16:04:17","modified_gmt":"2016-05-23T14:04:17","slug":"gruntovcani-regica-i-dudek-proslavili-40-rodendan","status":"publish","type":"post","link":"https:\/\/www.mojevrijeme.hr\/magazin\/2014\/10\/gruntovcani-regica-i-dudek-proslavili-40-rodendan\/","title":{"rendered":"Regica i Dudek proslavili 40. ro\u0111endan Gruntov\u010dana"},"content":{"rendered":"<p>U\u00a0Sigecu kod Koprivnice obilje\u017eena je 40. obljetnica od snimanja kultne hrvatske televizijske serije &#8220;Gruntov\u010dani&#8221;, po scenariju <strong>Mladena Kerstnera<\/strong> i u re\u017eiji <strong>Kre\u0161e Golika<\/strong>, a na proslavi se pojavila i glavna gluma\u010dka ekipa &#8211; <strong>Smiljka Bencet<\/strong> (Regica) te <strong>Martin Sagner<\/strong> (Andrija Kataleni\u0107, Dudek).\u00a0Pridru\u017eio im se i glumac <strong>Mi\u0161ka Novosel<\/strong>, iz Gruntov\u010dana poznatiji kao Tuna Pi\u0161pekov, javlja Hina.<\/p>\n<p>Obilje\u017eavanje godi\u0161njice je\u00a0organizirala Udruga \u017eena Sige\u010dko srce te KUD Gruntovec, a osim glumaca iz &#8220;Gruntov\u010dana&#8221;, sudjelovali su i brojni mje\u0161tani, 20-ak udruga \u017eena iz Koprivni\u010dko-kri\u017eeva\u010dke \u017eupanije, te osobe iz javnoga \u017eivota.<\/p>\n<p>Posjetitelje je najvi\u0161e odu\u0161evio dolazak glavnih glumaca &#8211; Dudeka i Regice, odnosno Martina Sagnera i Smiljke Bencet, koji su se fotografirali s mje\u0161tanima i prisjetili se kako je to u Sigecu izgledalo 1974. godine, kada su snimali Gruntov\u010dane.<\/p><div id=\"mojev-488279762\" class=\"mojev-u-tekstu mojev-entity-placement\" style=\"margin-left: auto;margin-right: auto;text-align: center;\"><div class=\"mojev-adlabel\">oglas<\/div><div style=\"height: 250px;\"><script async src=\"https:\/\/pagead2.googlesyndication.com\/pagead\/js\/adsbygoogle.js?client=ca-pub-8106111766207173\"\r\n     crossorigin=\"anonymous\"><\/script>\r\n<!-- Prikazni 1 u tekstu -->\r\n<ins class=\"adsbygoogle\"\r\n     style=\"display:block\"\r\n     data-ad-client=\"ca-pub-8106111766207173\"\r\n     data-ad-slot=\"8535551207\"\r\n     data-ad-format=\"auto\"\r\n     data-full-width-responsive=\"true\"><\/ins>\r\n<script>\r\n     (adsbygoogle = window.adsbygoogle || []).push({});\r\n<\/script><\/div><\/div><br style=\"clear: both; display: block; float: none;\"\/>\n<p>Podsjetimo, Sagner je za portal\u00a0<a title=\"eVarazdin.hr\" href=\"http:\/\/www.evarazdin.hr\/\" target=\"_blank\">eVarazdin<\/a> po\u010detkom godine objasnio za\u0161to ga vi\u0161e nema u javnosti. &#8221;\u00a0Tu sam ti ja sa svojim knjigama, s onim kaj pisuckam, sa svojom frulicom i violinom. Nisam u javnosti jer s njome mi je previ\u0161e te\u0161ko. Do\u0161lo je do toga da nikome ne mo\u017ee\u0161, kak mi kajkavci to lijepo velimo, nikaj dopovedati. Ili te ne\u0107e slu\u0161ati ili te ne razme ili te bagatelizira. A zakaj, zato jer si normalan i nema\u0161 puno penez. Deca, peneze treba zaslu\u017eiti, ali oni ne smiju biti bog, zlatno tele&#8221;, poru\u010dio je ovaj 81-godi\u0161njak.<\/p>\n<p>&#8220;Igrom slu\u010daja sam postala Regica. Nela Er\u017ei\u0161nik se razboljela, pa je bilo pitanje tko \u0107e sada snimati njene scene. \u0160ermentovi su se sjetili mene i nazvali me u 11 nave\u010der, mogu li do\u0107i po mene ujutro. Ja sam im rekla za boga miloga nisam nikad snimala i bila pred kamerom. I onda smo moj mu\u017e Jagari\u0107 i ja rekli to je sad ili ili. Mo\u017eda te vi\u0161e nikad ne budu ni zvali. Sna\u0161la si se u teatru za\u0161to ne bi i tu&#8217;, ispri\u010dala je za <a title=\"Dnevnik.hr\" href=\"http:\/\/dnevnik.hr\/\" target=\"_blank\">Novu TV<\/a>\u00a0\u00a0u kolovozu Smiljka koja s Regicom nema puno dodirnih to\u010daka. \u00a0&#8220;Regica mi je dala mogu\u0107nost da izrazim ono \u0161to se ina\u010de nisam usudila privatno, kak se ka\u017ee zlo\u010desto\u0107u. Volim se svadit, a nemam se s kim&#8221;, ka\u017ee 80-godi\u0161nja Bencet koja je jo\u0161 uvijek je zadr\u017eala zaigrani duh u sebi.<\/p>\n<div id=\"mojev-2818761799\" class=\"mojev-kraj-teksta mojev-entity-placement\" style=\"margin-bottom: 20px;margin-left: auto;margin-right: auto;text-align: center;\"><div class=\"mojev-adlabel\">oglas<\/div><div style=\"height: 250px;\"><script async src=\"https:\/\/pagead2.googlesyndication.com\/pagead\/js\/adsbygoogle.js?client=ca-pub-8106111766207173\"\r\n     crossorigin=\"anonymous\"><\/script>\r\n<!-- Display-1 -->\r\n<ins class=\"adsbygoogle\"\r\n     style=\"display:block\"\r\n     data-ad-client=\"ca-pub-8106111766207173\"\r\n     data-ad-slot=\"1465712950\"\r\n     data-ad-format=\"auto\"\r\n     data-full-width-responsive=\"true\"><\/ins>\r\n<script>\r\n     (adsbygoogle = window.adsbygoogle || []).push({});\r\n<\/script><\/div><\/div>","protected":false},"excerpt":{"rendered":"<p>Posjetitelje je najvi\u0161e odu\u0161evio dolazak glavnih glumaca &#8211; Dudeka i Regice, odnosno Martina Sagnera i Smiljke Bencet, koji su se fotografirali s mje\u0161tanima i prisjetili se kako je to u Sigecu izgledalo 1974. godine, kada su snimali Gruntov\u010dane.<\/p>\n","protected":false},"author":1,"featured_media":1117,"comment_status":"closed","ping_status":"open","sticky":false,"template":"","format":"standard","meta":{"footnotes":""},"categories":[84],"tags":[201,142],"class_list":["post-1113","post","type-post","status-publish","format-standard","has-post-thumbnail","hentry","category-show","tag-glumci","tag-televizija"],"_links":{"self":[{"href":"https:\/\/www.mojevrijeme.hr\/magazin\/wp-json\/wp\/v2\/posts\/1113","targetHints":{"allow":["GET"]}}],"collection":[{"href":"https:\/\/www.mojevrijeme.hr\/magazin\/wp-json\/wp\/v2\/posts"}],"about":[{"href":"https:\/\/www.mojevrijeme.hr\/magazin\/wp-json\/wp\/v2\/types\/post"}],"author":[{"embeddable":true,"href":"https:\/\/www.mojevrijeme.hr\/magazin\/wp-json\/wp\/v2\/users\/1"}],"replies":[{"embeddable":true,"href":"https:\/\/www.mojevrijeme.hr\/magazin\/wp-json\/wp\/v2\/comments?post=1113"}],"version-history":[{"count":0,"href":"https:\/\/www.mojevrijeme.hr\/magazin\/wp-json\/wp\/v2\/posts\/1113\/revisions"}],"wp:featuredmedia":[{"embeddable":true,"href":"https:\/\/www.mojevrijeme.hr\/magazin\/wp-json\/wp\/v2\/media\/1117"}],"wp:attachment":[{"href":"https:\/\/www.mojevrijeme.hr\/magazin\/wp-json\/wp\/v2\/media?parent=1113"}],"wp:term":[{"taxonomy":"category","embeddable":true,"href":"https:\/\/www.mojevrijeme.hr\/magazin\/wp-json\/wp\/v2\/categories?post=1113"},{"taxonomy":"post_tag","embeddable":true,"href":"https:\/\/www.mojevrijeme.hr\/magazin\/wp-json\/wp\/v2\/tags?post=1113"}],"curies":[{"name":"wp","href":"https:\/\/api.w.org\/{rel}","templated":true}]}}