{"id":11200,"date":"2017-11-28T17:02:49","date_gmt":"2017-11-28T16:02:49","guid":{"rendered":"http:\/\/www.mojevrijeme.hr\/magazin\/?p=11200"},"modified":"2017-11-28T17:15:36","modified_gmt":"2017-11-28T16:15:36","slug":"beus-richemberg-zakon-o-pravima-hrvatskih-branitelja-je-nemoralan","status":"publish","type":"post","link":"https:\/\/www.mojevrijeme.hr\/magazin\/2017\/11\/beus-richemberg-zakon-o-pravima-hrvatskih-branitelja-je-nemoralan\/","title":{"rendered":"Beus Richembergh: &#8216;Zakon o pravima branitelja je nemoralan&#8217;"},"content":{"rendered":"<p>Saborski zastupnik <strong>Goran Beus Richembergh<\/strong> (GLAS) putem svog Facebook profila kritizirao je novi <strong>Zakon o pravim hrvatskih branitelja<\/strong> i tro\u0161ak kojeg on generira. Ka\u017ee, rije\u010d je o jednom od <strong>najnemoralnijih<\/strong> zakona u povijesti Hrvatskog sabora.<\/p>\n<p>\u201eZnadete li koliko \u0107e ukupno ko\u0161tati mirovine hrvatskih branitelja od 2018. do 2025. godine? Ni manje ni vi\u0161e nego <strong>55,7 milijardi kuna<\/strong>. Samo iz prora\u010duna za te \u0107e se potrebe izdvojiti 39,5 milijardi kuna\u201c, objavio je Beus Richembergh pa dodaje: \u201eSamo za mirovine po ovom zakonu 2025. g. izdvajat \u0107e se godi\u0161nje 8,3 milijarde kuna (danas 5,5), od \u010dega \u0107e se iz dr\u017eavnoga prora\u010duna morati osigurati 5,7 milijardi kn (danas 4,1). Dakle, samo za mirovine, mimo doprinosa, svi hrvatski poreski obveznici morat \u0107e od 2018. do 2025. g. kumulativno izdvojiti 3,75 milijardi kuna vi\u0161e nego po dosada\u0161njem zakonu. K tome jo\u0161 treba u tom razdoblju dodati gotovo 2 milijarde kuna vi\u0161e za \u010ditav niz drugih financijskih i materijalnih prava koja do sada nisu postojala ili su primjenjivana na manji broj korisnika.\u201c<\/p>\n<p>Nadalje, ovaj politi\u010dar vladu proziva neodgovornom, \u0161to je vidljivo ne samo kroz stvaranje novih prava i pove\u0107anje broja onih koji \u0107e ih koristiti, ve\u0107 i kroz \u201ebezobraznu najavu da \u0107e fiskalne u\u010dinke ovoga zakona procijeniti tek nakon dvije godine od njegova stupanja na snagu\u201c.<\/p><div id=\"mojev-864387805\" class=\"mojev-u-tekstu mojev-entity-placement\" style=\"margin-left: auto;margin-right: auto;text-align: center;\"><div class=\"mojev-adlabel\">oglas<\/div><div style=\"height: 250px;\"><script async src=\"https:\/\/pagead2.googlesyndication.com\/pagead\/js\/adsbygoogle.js?client=ca-pub-8106111766207173\"\r\n     crossorigin=\"anonymous\"><\/script>\r\n<!-- Prikazni 1 u tekstu -->\r\n<ins class=\"adsbygoogle\"\r\n     style=\"display:block\"\r\n     data-ad-client=\"ca-pub-8106111766207173\"\r\n     data-ad-slot=\"8535551207\"\r\n     data-ad-format=\"auto\"\r\n     data-full-width-responsive=\"true\"><\/ins>\r\n<script>\r\n     (adsbygoogle = window.adsbygoogle || []).push({});\r\n<\/script><\/div><\/div><br style=\"clear: both; display: block; float: none;\"\/>\n<p>\u201eNjime se zapravo do kraja nastoji ubiti potreba \u010dovjeka da se ostvari vlastitim radom i kreativno\u0161\u0107u, da bude ponosan na plemenitost svoje nesebi\u010dne namjere da obrani dom i domovinu, a da za to nikome ne ispostavi materijalni ra\u010dun jer se s plemenito\u0161\u0107u ne trguje. Njegova duboka nemoralnost je u namjeri da se stvara i \u0161iri ultimativna socijalna ovisnost o dr\u017eavi i da se ona promovira kao po\u017eeljna vrlina preko koje se ostvaruje lojalnost prema politi\u010dkoj eliti koja dijeli povlastice. Tako\u0111er i u namjeri da se prodube nejednakosti i nepravednost dr\u017eave u odnosu prema osobama s invaliditetom. Vlada prijedlogom ovoga zakona stvara ogromne nove fiskalne obveze ne samo novim davanjima za postoje\u0107e nego i za nove korisnike\u201c, zaklju\u010duje Goran Beus Richembergh.<\/p>\n<p><iframe loading=\"lazy\" style=\"border: none; overflow: hidden;\" src=\"https:\/\/www.facebook.com\/plugins\/post.php?href=https%3A%2F%2Fwww.facebook.com%2Fgoran.beusrichembergh%2Fposts%2F10210559266199099&amp;width=640&amp;show_text=false&amp;appId=702830876459350&amp;height=480\" width=\"640\" height=\"480\" frameborder=\"0\" scrolling=\"no\"><\/iframe><\/p>\n<div id=\"mojev-1046423378\" class=\"mojev-kraj-teksta mojev-entity-placement\" style=\"margin-bottom: 20px;margin-left: auto;margin-right: auto;text-align: center;\"><div class=\"mojev-adlabel\">oglas<\/div><div style=\"height: 250px;\"><script async src=\"https:\/\/pagead2.googlesyndication.com\/pagead\/js\/adsbygoogle.js?client=ca-pub-8106111766207173\"\r\n     crossorigin=\"anonymous\"><\/script>\r\n<!-- Display-1 -->\r\n<ins class=\"adsbygoogle\"\r\n     style=\"display:block\"\r\n     data-ad-client=\"ca-pub-8106111766207173\"\r\n     data-ad-slot=\"1465712950\"\r\n     data-ad-format=\"auto\"\r\n     data-full-width-responsive=\"true\"><\/ins>\r\n<script>\r\n     (adsbygoogle = window.adsbygoogle || []).push({});\r\n<\/script><\/div><\/div>","protected":false},"excerpt":{"rendered":"<p>&#8216;Za mirovine branitelja do 2025. godine treba osigurati ni manje ni vi\u0161e nego 55,7 milijardi kuna. Samo iz prora\u010duna za te \u0107e se potrebe izdvojiti 39,5 milijardi kuna&#8217;, objavio je Beus Richembergh.<\/p>\n","protected":false},"author":1,"featured_media":11202,"comment_status":"closed","ping_status":"closed","sticky":false,"template":"","format":"standard","meta":{"footnotes":""},"categories":[9],"tags":[1019,627,934,1020],"class_list":["post-11200","post","type-post","status-publish","format-standard","has-post-thumbnail","hentry","category-vijesti","tag-beus-richembergh","tag-branitelji","tag-povlastene-mirovine","tag-stranka-glas"],"_links":{"self":[{"href":"https:\/\/www.mojevrijeme.hr\/magazin\/wp-json\/wp\/v2\/posts\/11200","targetHints":{"allow":["GET"]}}],"collection":[{"href":"https:\/\/www.mojevrijeme.hr\/magazin\/wp-json\/wp\/v2\/posts"}],"about":[{"href":"https:\/\/www.mojevrijeme.hr\/magazin\/wp-json\/wp\/v2\/types\/post"}],"author":[{"embeddable":true,"href":"https:\/\/www.mojevrijeme.hr\/magazin\/wp-json\/wp\/v2\/users\/1"}],"replies":[{"embeddable":true,"href":"https:\/\/www.mojevrijeme.hr\/magazin\/wp-json\/wp\/v2\/comments?post=11200"}],"version-history":[{"count":0,"href":"https:\/\/www.mojevrijeme.hr\/magazin\/wp-json\/wp\/v2\/posts\/11200\/revisions"}],"wp:featuredmedia":[{"embeddable":true,"href":"https:\/\/www.mojevrijeme.hr\/magazin\/wp-json\/wp\/v2\/media\/11202"}],"wp:attachment":[{"href":"https:\/\/www.mojevrijeme.hr\/magazin\/wp-json\/wp\/v2\/media?parent=11200"}],"wp:term":[{"taxonomy":"category","embeddable":true,"href":"https:\/\/www.mojevrijeme.hr\/magazin\/wp-json\/wp\/v2\/categories?post=11200"},{"taxonomy":"post_tag","embeddable":true,"href":"https:\/\/www.mojevrijeme.hr\/magazin\/wp-json\/wp\/v2\/tags?post=11200"}],"curies":[{"name":"wp","href":"https:\/\/api.w.org\/{rel}","templated":true}]}}