{"id":112362,"date":"2024-08-04T20:48:07","date_gmt":"2024-08-04T18:48:07","guid":{"rendered":"https:\/\/www.mojevrijeme.hr\/magazin\/?p=112362"},"modified":"2024-08-04T23:43:54","modified_gmt":"2024-08-04T21:43:54","slug":"fatalni-milko-73-zabavljam-se-s-bivsom-suprugom-druge-me-ne-zanimaju","status":"publish","type":"post","link":"https:\/\/www.mojevrijeme.hr\/magazin\/2024\/08\/fatalni-milko-73-zabavljam-se-s-bivsom-suprugom-druge-me-ne-zanimaju\/","title":{"rendered":"Fatalni Milko (73): Zabavljam se s biv\u0161om suprugom, druge me ne zanimaju"},"content":{"rendered":"\n<p><strong>Milan Ercegovi\u0107 <\/strong>zvan Milko osvajao je dame u ruralnom zbiljokazu &#8220;Ljubav je na selu&#8221; , a za \u0160iben\u010daninom su poludjele sve kandidatkinje. Ljubav nije prona\u0161ao, a za <a href=\"https:\/\/www.rtl.hr\/tv-emisije\/ljubav-je-na-selu\/milko-iz-ljubav-je-na-selu-za-rtlhr-o-ljubavnom-zivotu-to-je-bivsa-i-sadasnja-gospoda.html\" target=\"_blank\" rel=\"noreferrer noopener\">RTL.hr<\/a> je otkrio kako je sada i kako provodi dane te je li napokon prona\u0161ao ljubav.<\/p>\n\n\n\n<p>&#8220;Super sam, lijepo se provodim. Odmaram se i ba\u0161 \u010dekam prijatelje da se dogovorimo \u0161to \u0107emo pojesti i kada \u0107emo na pla\u017eu&#8221;, otkrio je veselo Milko, koji je ovaj tjedan proslavio 73. ro\u0111endan. &#8220;Ro\u0161tiljali smo, bilo je puno prijatelja i jako je lijepo bilo. Malo smo i zapjevali&#8221;, otkrio je.<\/p>\n\n\n\n<p>\u0160to se pak ljubavnog \u017eivota ti\u010de, Milko je priznao kako ima mnogo obo\u017eavateljica. &#8220;Javlja mi se puno gospodi\u010dna, me\u0111utim nisu mi interesantne. Imam jednu prijateljicu s kojom tu i tamo popijem kavu, malo popri\u010damo, no nije do\u0161lo do nikakvog bliskog susreta&#8221;, priznao je. <\/p><div id=\"mojev-2043591258\" class=\"mojev-u-tekstu mojev-entity-placement\" style=\"margin-left: auto;margin-right: auto;text-align: center;\"><div class=\"mojev-adlabel\">oglas<\/div><div style=\"height: 250px;\"><script async src=\"https:\/\/pagead2.googlesyndication.com\/pagead\/js\/adsbygoogle.js?client=ca-pub-8106111766207173\"\r\n     crossorigin=\"anonymous\"><\/script>\r\n<!-- Prikazni 1 u tekstu -->\r\n<ins class=\"adsbygoogle\"\r\n     style=\"display:block\"\r\n     data-ad-client=\"ca-pub-8106111766207173\"\r\n     data-ad-slot=\"8535551207\"\r\n     data-ad-format=\"auto\"\r\n     data-full-width-responsive=\"true\"><\/ins>\r\n<script>\r\n     (adsbygoogle = window.adsbygoogle || []).push({});\r\n<\/script><\/div><\/div><br style=\"clear: both; display: block; float: none;\"\/>\n\n\n\n<p>Dodao je kako je u odli\u010dnim odnosima s biv\u0161om gospo\u0111om. &#8220;To je zapravo biv\u0161a i sada\u0161nja gospo\u0111a. \u010cesto odemo na ve\u010deru, ima 59 godina i savr\u0161eno izgleda. U jako smo dobrom odnosu i druge me ne zanimaju&#8221;, priznao je.<\/p>\n\n\n\n<p>Milko je umirovljeni pomorac koji je radio kao mehani\u010dar za nekoliko kompanija te brodom obi\u0161ao cijeli svijet, no uvijek ga je natrag vukao rodni grad. Jo\u0161 jedna velika Milkova ljubav je kuhanje, a to je i pokazao u RTL-ovim kulinarskim showovima, a dodaje kako je na pohvale bliskih ljudi za svoje specijalitete ve\u0107 dobro navikao.<\/p>\n\n\n\n<p>&#8220;Za svoje godine, koliko ih imam, moj \u017eivotni metabolizam izgleda dosta mla\u0111e u odnosu na moje godine, daju mi oko \u0161ezdeset godina. Ipak, volio bih da su mla\u0111e, da mi daju inspiraciju da ja budem u elementu. Izme\u0111u 45 i 50 godina bilo bi idealno. Tra\u017eim \u017eenu koja zra\u010di pozitivnom energijom. Iz te energije, ona dobije i sve ostale atribute, izjavio je prije dvije godine.<\/p>\n<div id=\"mojev-650519898\" class=\"mojev-kraj-teksta mojev-entity-placement\" style=\"margin-bottom: 20px;margin-left: auto;margin-right: auto;text-align: center;\"><div class=\"mojev-adlabel\">oglas<\/div><div style=\"height: 250px;\"><script async src=\"https:\/\/pagead2.googlesyndication.com\/pagead\/js\/adsbygoogle.js?client=ca-pub-8106111766207173\"\r\n     crossorigin=\"anonymous\"><\/script>\r\n<!-- Display-1 -->\r\n<ins class=\"adsbygoogle\"\r\n     style=\"display:block\"\r\n     data-ad-client=\"ca-pub-8106111766207173\"\r\n     data-ad-slot=\"1465712950\"\r\n     data-ad-format=\"auto\"\r\n     data-full-width-responsive=\"true\"><\/ins>\r\n<script>\r\n     (adsbygoogle = window.adsbygoogle || []).push({});\r\n<\/script><\/div><\/div>","protected":false},"excerpt":{"rendered":"<p>Tra\u017eim \u017eenu koja zra\u010di pozitivnom energijom. Iz te energije, ona dobije i sve ostale atribute, izjavio je pri ulasku u popularni zbiljokaz.<\/p>\n","protected":false},"author":1,"featured_media":112364,"comment_status":"closed","ping_status":"closed","sticky":false,"template":"","format":"standard","meta":{"footnotes":""},"categories":[84],"tags":[3054,4113,142],"class_list":["post-112362","post","type-post","status-publish","format-standard","has-post-thumbnail","hentry","category-show","tag-ljubav-je-na-selu","tag-milko-ercegovic","tag-televizija"],"_links":{"self":[{"href":"https:\/\/www.mojevrijeme.hr\/magazin\/wp-json\/wp\/v2\/posts\/112362","targetHints":{"allow":["GET"]}}],"collection":[{"href":"https:\/\/www.mojevrijeme.hr\/magazin\/wp-json\/wp\/v2\/posts"}],"about":[{"href":"https:\/\/www.mojevrijeme.hr\/magazin\/wp-json\/wp\/v2\/types\/post"}],"author":[{"embeddable":true,"href":"https:\/\/www.mojevrijeme.hr\/magazin\/wp-json\/wp\/v2\/users\/1"}],"replies":[{"embeddable":true,"href":"https:\/\/www.mojevrijeme.hr\/magazin\/wp-json\/wp\/v2\/comments?post=112362"}],"version-history":[{"count":0,"href":"https:\/\/www.mojevrijeme.hr\/magazin\/wp-json\/wp\/v2\/posts\/112362\/revisions"}],"wp:featuredmedia":[{"embeddable":true,"href":"https:\/\/www.mojevrijeme.hr\/magazin\/wp-json\/wp\/v2\/media\/112364"}],"wp:attachment":[{"href":"https:\/\/www.mojevrijeme.hr\/magazin\/wp-json\/wp\/v2\/media?parent=112362"}],"wp:term":[{"taxonomy":"category","embeddable":true,"href":"https:\/\/www.mojevrijeme.hr\/magazin\/wp-json\/wp\/v2\/categories?post=112362"},{"taxonomy":"post_tag","embeddable":true,"href":"https:\/\/www.mojevrijeme.hr\/magazin\/wp-json\/wp\/v2\/tags?post=112362"}],"curies":[{"name":"wp","href":"https:\/\/api.w.org\/{rel}","templated":true}]}}