{"id":1126,"date":"2014-10-06T14:29:13","date_gmt":"2014-10-06T12:29:13","guid":{"rendered":"http:\/\/www.mojevrijeme.hr\/magazin\/?p=1126"},"modified":"2023-05-14T13:11:07","modified_gmt":"2023-05-14T11:11:07","slug":"milena-dravic-danas-ne-bih-mogla-ostvariti-takvu-karijeru","status":"publish","type":"post","link":"https:\/\/www.mojevrijeme.hr\/magazin\/2014\/10\/milena-dravic-danas-ne-bih-mogla-ostvariti-takvu-karijeru\/","title":{"rendered":"Milena Dravi\u0107: Danas ne bih mogla ostvariti takvu karijeru!"},"content":{"rendered":"<p><em><strong>Milena Dravi\u0107<\/strong> jedna je od najzna\u010dajnijih glumica s ovih prostora. Miljenica dr\u017eave koja je nekada brojala 22 milijuna stanovnika, i danas je neizostavan\u00a0dio nacionalnih kinematografija nastalih raspadom SFRJ, jer Milena je o\u017eivjela likove kako hrvatskih, tako i srpskih pa i slovenskih redatelja. \u00a0U svojoj bogatoj karijeri snimila je vi\u0161e od stotinu filmova i sudjelovala u brojnim kazali\u0161nim i televizijskim projektima. S <strong>Malenom<\/strong>\u00a0iz <strong>&#8220;Prekobrojne&#8221;<\/strong>,<strong> Nadom<\/strong>\u00a0iz <strong>&#8220;Bitke na Neretvi&#8221;<\/strong>, <strong>Spomenkom Vihorec<\/strong> iz serije <strong>&#8220;Lud, zbunjen, normalan&#8221; <\/strong>razgovarali smo dan uo\u010di njenog ro\u0111endana.<strong>\u00a0<\/strong>Kako je mlada balerina sa\u00a0Dor\u0107ola postala ljubimica publike, po \u010demu pamti snimanja\u00a0s disidentom Makavejevim te kako se razlikuju nekada\u0161nja i sada\u0161nja filmska industrija, pro\u010ditajte u ekskluzivnom razgovoru za <strong>MojeVrijeme.hr<\/strong>.\u00a0<\/em><\/p>\n<p>&nbsp;<\/p>\n<p><strong>5. listopada slavite\u00a074. ro\u0111endan. Koje je razdoblje u va\u0161em \u017eivotu za vas bilo najbolje? Je li to upravo ovo sada?<\/strong><\/p>\n<p>Ja zapravo ne slavim ro\u0111endane. To\u010dno je da je to taj datum, ali ne slavim ro\u0111endane. A \u0161to se ti\u010de razdoblja, \u00a0to su svakako te sedamdesete i osamdesete godine. To je svakako najbolji period za mene.<\/p><div id=\"mojev-3838849427\" class=\"mojev-u-tekstu mojev-entity-placement\" style=\"margin-left: auto;margin-right: auto;text-align: center;\"><div class=\"mojev-adlabel\">oglas<\/div><div style=\"height: 250px;\"><script async src=\"https:\/\/pagead2.googlesyndication.com\/pagead\/js\/adsbygoogle.js?client=ca-pub-8106111766207173\"\r\n     crossorigin=\"anonymous\"><\/script>\r\n<!-- Prikazni 1 u tekstu -->\r\n<ins class=\"adsbygoogle\"\r\n     style=\"display:block\"\r\n     data-ad-client=\"ca-pub-8106111766207173\"\r\n     data-ad-slot=\"8535551207\"\r\n     data-ad-format=\"auto\"\r\n     data-full-width-responsive=\"true\"><\/ins>\r\n<script>\r\n     (adsbygoogle = window.adsbygoogle || []).push({});\r\n<\/script><\/div><\/div><br style=\"clear: both; display: block; float: none;\"\/>\n<p><strong>\u0160to sada znate, a voljeli biste da ste znali ranije? \u0160to biste savjetovali mladoj Mileni Dravi\u0107?<\/strong><\/p>\n<p>Pa znate \u0161to, ne bih imala \u0161to da joj savjetujem ili preporu\u010dim sada u ovom vremenu. Imala sam sre\u0107e da sam radila u takvim vremenima da sam imala prilike napraviti toliko mnogo posla. I na filmu, i na televiziji, i u kazali\u0161tu. Da se razumijemo, ja nisam jugonostalgi\u010dar, niti netko tko uvijek misli da je prije bilo bolje, ali sada, kad se slo\u017ee kockice, i kad pogledam \u0161to je sve iza mene, u ovom novom vremenu apsolutno ne bih mogla to sve ostvariti. Pri tome mislim prije svega na odnos ovog novog vremena prema kulturi i umjetnicima koji je katastrofalan. U takvoj jednoj atmosferi gdje se prema umjetnicima odnose tako, nemogu\u0107e je ostvariti veliku karijeru.<\/p>\n<p><strong>\u010citatelji novina i portala mogu ste\u0107i dojam da je \u017eivot glumaca samo sjaj i blje\u0161tavilo, ali daleko je od toga.<\/strong><\/p>\n<p>\u010citatelji su na\u017ealost \u010desto dezinformirani. I mi postajemo dezinformirani. Ne znam kako zapravo do\u0107i do pravih informacija. Dobro, meni tu poma\u017ee iskustvo, ali vidim i mladog svijeta, naro\u010dito me\u0111u piscima. Netko mo\u017ee misliti da je taj posao sjaj i blje\u0161tavilo jedino ako je dezinformiran. A iza toga stoji mnogo muke, truda, strpljenja, \u017ertvovanja, odricanja. Mnogo.<\/p>\n<p><strong>\u0160to trenutno radite?<\/strong><\/p>\n<p>Upravo sam se vratila iz Sarajeva gdje sam zajedno s Aljo\u0161om Vu\u010dkovi\u0107em sudjelovala u jubilarnoj 200. epizodi serije \u201cLud, zbunjen, normalan\u201d koja je jako popularna na podru\u010dju \u010ditave biv\u0161e dr\u017eave. Cijelo ljeto igrala sam u tivatskom kazali\u0161tu, a s njima idem i na gostovanje u Novi sad s predstavom \u201cBoke\u0161ki D-mol\u201d. U Beogradu me \u010dekaju \u201cHarold i Mod\u201d u Beogradskom dramskom pozori\u0161tu i \u201cLeri Tompson, tragedija jedne mladosti\u201d koju sam imala sre\u0107e igrati i u Zagrebu, 2004. godine tijekom jedne velike turneje. Tako\u0111er, imam ponudu za rad na novom komadu o na\u0161em velikom i izuzetnom piscu Milo\u0161u Crnjanskom i njegovoj supruzi. To bih trebala igrati u beogradskom kazali\u0161tu \u201cMadlenianum\u201d.<\/p>\n<p><strong>Za vas nema odmora!<\/strong><\/p>\n<p>Ja radim. Aktivna sam. Dosta mojih kolega i mojih vr\u0161njaka, a i onih mnogo starijih, rade i\u00a0u pokretu su. Tu je \u0161ampion \u0110uza Stojiljkovi\u0107 koji je ve\u0107 stvarno fenomen po tom pitanju i uzor svima nama \u201cmla\u0111ima\u201d. (smijeh)<\/p>\n<p><strong>Volite li vi\u0161e film ili kazali\u0161te?<\/strong><\/p>\n<p>Nema tu nikakvog dijeljenja! Vidite to je jo\u0161 jedna dezinformacija. Ne mo\u017ee jedan suvremeni glumac odvajati ta dva medija i re\u0107i da vi\u0161e voli jedno ili drugo. Jer jedno bez drugoga ne ide.<\/p>\n<div id=\"attachment_1094\" style=\"width: 646px\" class=\"wp-caption alignnone\"><img loading=\"lazy\" decoding=\"async\" aria-describedby=\"caption-attachment-1094\" class=\"size-medium wp-image-1094\" src=\"http:\/\/www.mojevrijeme.hr\/magazin\/wp-content\/uploads\/2014\/10\/milena_dravic_wr-636x352.jpg\" alt=\"Milena Dravi\u0107, WR: Misterije organizma, 1971.\" width=\"636\" height=\"352\" srcset=\"https:\/\/www.mojevrijeme.hr\/magazin\/wp-content\/uploads\/2014\/10\/milena_dravic_wr-636x352.jpg 636w, https:\/\/www.mojevrijeme.hr\/magazin\/wp-content\/uploads\/2014\/10\/milena_dravic_wr.jpg 740w\" sizes=\"auto, (max-width: 636px) 100vw, 636px\" \/><p id=\"caption-attachment-1094\" class=\"wp-caption-text\">Milena Dravi\u0107, WR: Misterije organizma, 1971.<\/p><\/div>\n<p><strong>Snimali ste s brojnim slavnim redateljima od kojih su neki bili i prili\u010dno kontroverzni, poput primjerice Du\u0161ana Makavejeva. Po \u010demu pamtite rad s njim?<\/strong><\/p>\n<p>On je prije svega jedan genijalac koji je napravio brojna djela zna\u010dajna za kinematografiju ne samo u okviru biv\u0161e dr\u017eave Jugoslavije i sada Srbije, nego zna\u010dajna i u europskim i svjetskim okvirima. Njegovi filmovi, i filmovi jo\u0161 nekih poznatih redatelja iz takozvanog \u201cCrnog talasa\u201d, pohranjeni su u Metropolitanu u New Yorku da ostanu sa\u010duvani za sva vremena. Raditi s takvim jednim redateljem za mene je bila velika \u010dast i sre\u0107a.<\/p>\n<p><strong>Makavejevljevi filmovi bili su dugo zabranjeni u biv\u0161oj Jugoslaviji. Jeste li osje\u0107ali posljedice politi\u010dke zabrane prikazivanja? Jesu li glumci imali problema zbog sudjelovanja u takvim subverzivnim projektima?<\/strong><\/p>\n<p>Na cijelom biv\u0161em prostoru postojali su redatelji koji su imali tih problema. Od Lordana Zafranovi\u0107a u Hrvatskoj, Hladnika u Sloveniji, Bate \u010cengi\u0107a u Bosni, Bore Dra\u0161kovi\u0107e, \u017dike Pavlovi\u0107a\u2026 Imali su ljudi problema. Imali smo donekle i mi glumci, bio je postavljen taj neki stakleni zid, nismo mogli da radimo. Bila je nezgodna situacija. No to je, \u0161to se nas glumaca ticalo, kratko trajalo, a Makavejev je morao da napusti zemlju, tako da je kasnije radio projekte samo vani.<\/p>\n<p><strong>Doga\u0111aju li se takve stvari na neki na\u010din i danas?<\/strong><\/p>\n<p>Danas se to ipak vi\u0161e ne doga\u0111a. Ali danas vi\u0161e nema ni takvih projekata. To je bila jugoslovenska kinematografija, sa svim republikama gdje se godi\u0161nje puno snimalo: u Srbiji 36 filmova, u Hrvatskoj 30, u Sloveniji 20\u2026 Sto filmova godi\u0161nje i tu prestaje svaka usporedba.<\/p>\n<p><strong>Koji vam je va\u0161 film intimno najdra\u017ei?<\/strong><\/p>\n<p>Pa ne mogu od 107 filmova re\u0107i koji mi je najdra\u017ei. Ima ih iz raznih faza, od mladosti do ovih godina sada. Ima tu jedno desetak filmova koji su mi dragi. Prva je tu \u201cPrekobrojna\u201d koja me izbacila u orbitu, to je moja prva Zlatna arena i taj film je na neki na\u010din moj osobni pe\u010dat. Iz tog filma pamtim rad s divnim redateljem Brankom Bauerom i savr\u0161enom gluma\u010dkom ekipom sa svih strana biv\u0161e zemlje. Onda tu je i Makavejev, i \u0110or\u0111evi\u0107, kod Vrdoljaka sam imala sjajnu ulogu\u00a0 u filmu \u201cDeps\u201d, pa onda rad s Ivandom, sa \u017dikom Mitrovi\u0107em, a i s mnogim mladim redateljima. U zadnje vrijeme najva\u017enije stvari sam napravila sa Stefanom Arsenijevi\u0107em.<\/p>\n<p><strong>Ima li neki film ili projekt u kojem biste voljeli da niste sudjelovali?<\/strong><\/p>\n<p>Pa ne znam\u2026 Mo\u017eda poneka komercijalna komedija. Zapravo, nazovi komedija. Komediju je ina\u010de jako te\u0161ko raditi, ali ima slu\u010dajeva kada su ljudi nazivali te neke svoje neuspjele stvari komedijom, a bila je u stvari tragikomedija. (smijeh) Ima tu dvije-tri stvari, ali to je bilo u vremenima kad nisi imao od \u010dega \u017eivjeti, prema tome radio si jer si morao. Uostalom, to je na\u0161 posao. Bilo je vremena kad nisi mogao birati.<\/p>\n<p><strong>Jugoslavenski se film nije bojao golog ljudskog tijela i od toga se nije pravio veliki problem. Osje\u0107a li se i u Srbiji, kao i u Hrvatskoj, bujanje tog nekog novog konzervativizma. Ograni\u010dava li to umjetnost?<\/strong><\/p>\n<p>Pa nisam vi\u0161e toliko u tome \u0161to se ti\u010de filma, jer ipak film je taj koji takvo \u0161to mo\u017ee najvi\u0161e pokazati, ali nisam \u00a0primijetila da bi itko imao problema te vrste. Vidjela sam ne\u0161to od novih filmova i takvih scena, ali nisam primijetila ili \u010ditala da je bilo kakvih problema.<\/p>\n<div id=\"attachment_1093\" style=\"width: 646px\" class=\"wp-caption alignnone\"><img loading=\"lazy\" decoding=\"async\" aria-describedby=\"caption-attachment-1093\" class=\"size-medium wp-image-1093\" src=\"http:\/\/www.mojevrijeme.hr\/magazin\/wp-content\/uploads\/2014\/10\/dragan_nikolic-636x352.jpg\" alt=\"Dragan Nikoli\u0107, Ilustrovana politika 1968.\" width=\"636\" height=\"352\" srcset=\"https:\/\/www.mojevrijeme.hr\/magazin\/wp-content\/uploads\/2014\/10\/dragan_nikolic-636x352.jpg 636w, https:\/\/www.mojevrijeme.hr\/magazin\/wp-content\/uploads\/2014\/10\/dragan_nikolic.jpg 740w\" sizes=\"auto, (max-width: 636px) 100vw, 636px\" \/><p id=\"caption-attachment-1093\" class=\"wp-caption-text\">Dragan Nikoli\u0107, Ilustrovana politika 1968.<\/p><\/div>\n<p><strong>U braku ste s tako\u0111er glumcem Draganom Nikoli\u0107em. Sigurno su vas ovo ve\u0107 puno puta pitali, ali u \u010demu je tajna uspje\u0161nog i dugog braka?<\/strong><\/p>\n<p>Ne volim vi\u0161e o tome da pri\u010dam jer nismo jedini koji imamo dug brak. Jedino \u0161to smo poznati pa je to ljudima zanimljivo. Naravno, tu je prije svega jedno veliko razumijevanje, ljubav, strpljenje.<\/p>\n<p><strong>Vjerujete li u ljubav na prvi pogled?<\/strong><\/p>\n<p>Doga\u0111a se i jedno i drugo. Doga\u0111a se da bude i na prvi pogled i da se izrodi iz ne\u010dega kad se najmanje nada\u0161.<\/p>\n<p><strong>Neki ka\u017eu da ne vole raditi sa svojim supru\u017enikom jer onda su zajedno i na poslu i kod ku\u0107e &#8211; \u0161to je mo\u017eda previ\u0161e. Kako vi na to gledate?<\/strong><\/p>\n<p>Dragan i ja nismo radili zajedno ba\u0161 previ\u0161e. \u0160to se filma konkretno ti\u010de i njemu i meni je \u017eao \u0161to nismo imali prilike vi\u0161e raditi zajedno. Radili smo skupa u samo 3-4 filma i to jednom ili dva puta da smo bili direktni partneri. Bili smo ponekad u istom filmu, ali nismo bili partneri. Ono \u0161to je ve\u0107 poznato, to je bio na\u0161 zajedni\u010dki rad na \u0161ou programu \u201cObraz uz obraz\u201d gdje smo odlu\u010dno sura\u0111ivali. Radili smo i\u00a0dvije-tri predstave, isto vrlo uspje\u0161no. Jako mi je drago \u0161to smo to radili zajedno jer Dragan je prije svega fantasti\u010dan gluma\u010dki partner, to znaju i sve druge kolege. Prema tome ja sam imala privilegiju da radim s njim i da budem sigurna da me u sceni ne\u0107e remetiti, da tako ka\u017eem. No, svatko od nas je imao neki svoj put u ovom poslu. Nama privatno nije moglo da remeti poslovno jer svatko je vodio svoju karijeru.<\/p>\n<p><strong>Kako brinete o sebi? Iz sportske ste obitelji. Vje\u017ebate li? Kako odr\u017eavate vitalnost?<\/strong><\/p>\n<p>Od najranijeg djetinjstva sam bila u baletu, za potrebe nekih snimanja sam po\u010dela i trenirati, bila sam i u sportu. Radila sam \u010dak i kasetu s jednim programom na Zlatiboru s fantasti\u010dnim vje\u017ebama. To je oti\u0161lo i u Europu i tako su dovodili goste. To sam dosta uspje\u0161no napravila. Radila sam i jednu kasetu aerobika u Sloveniji. Dosta sam bila aktivna. Me\u0111utim, sve sam to nekako napustila i ono \u0161to mi je sada najzna\u010dajnije je plivanje. No kako je ovo ljeto bilo dosta lo\u0161e vrijeme, imala sam malo prilike plivati, no to mi je sada najdra\u017ei sport.<\/p>\n<p><iframe loading=\"lazy\" src=\"\/\/www.youtube.com\/embed\/NwO0pLA9NPc?rel=0&amp;showinfo=0\" width=\"636\" height=\"477\" frameborder=\"0\" allowfullscreen=\"allowfullscreen\"><\/iframe><br \/>\n<em>Milena Dravi\u0107, Helga Vlahovi\u0107 i Dragan Nikoli\u0107 (Obraz uz obraz, 1974.)<\/em><\/p>\n<p>&nbsp;<\/p>\n<p><strong>Rekli ste nam da puno radite i da imate puno projekata. No biste li rekli da ima dovoljno uloga za zrelije glumice?<\/strong><\/p>\n<p>Nema! Nema uop\u0107e. \u0160to se ti\u010de kazali\u0161ta, tu nema problema, to su sve zna\u010dajne uloge, ali \u0161to se ti\u010de filma, za glumice moje generacije apsolutno nema uloga.<\/p>\n<p><strong>Zemlja u kojoj ste stekli slavu raspala se na najgori mogu\u0107i na\u010din i mi smo svi skupa jo\u0161 u fazi oporavka. Oporavljaju se i nekada\u0161nje spone umjetnika s njihovom publikom, no vi \u010dini se nikada niste ni imali problema s hrvatskom publikom?<\/strong><\/p>\n<p>Niti s jednom drugom publikom na cijelom biv\u0161em prostoru! Ja sam zaista svugdje gostovala, i u Makedoniji, i u Bosni, i u Sloveniji. Ja osobno zaista s publikom nemam taj problem. \u017dalosno je \u0161to se to sve dogodilo i mislim da smo svi gubitnici. Vrijeme \u0107e pokazati, mo\u017eda \u0107e me i demantirati, ali te\u0161ko.<\/p>\n<p><strong>Kako to obja\u0161njavate? Za\u0161to vas publika voli?<\/strong><\/p>\n<p>Mislim da je publika od mog prvog pojavljivanja u \u201cPrekobrojnoj\u201d i svega ostalog \u0161to sam radila na filmu i televiziji, voljela moj odnos prema poslu i prema samoj publici. Nisam izigravala nikakvu zvijezdu. Kod nas uostalom nije bilo ni mogu\u0107e biti zvijezda u svjetskom smislu te rije\u010di. To glumcima nije bilo mogu\u0107e. Nismo imali svoje agente i nismo mogli biti plasirani na na\u010din na koji su neki glumci trebali biti. Jedno desetak glumaca je apsolutno moglo biti u rangu poznatih europskih gluma\u010dkih imena. Na\u017ealost, mi nismo imali tu mogu\u0107nost, ali smo bili sretni da puno radimo. To se svidjelo publici, filmovi su punili kino dvorane. Kad se prikazivala neka moja serija na tv-u, ulice su bile puste. I sad kad igram u kazali\u0161tu, dvorana je puna iako je te\u0161ko vrijeme i ljudi nemaju novca da plate kartu. Zaista, za sada mogu pokucati u drvo, jer predstave u kojima igram su pune.<\/p>\n<div id=\"attachment_1143\" style=\"width: 646px\" class=\"wp-caption alignnone\"><img loading=\"lazy\" decoding=\"async\" aria-describedby=\"caption-attachment-1143\" class=\"wp-image-1143 size-medium\" src=\"http:\/\/www.mojevrijeme.hr\/magazin\/wp-content\/uploads\/2014\/10\/aerobika-636x352.jpg\" alt=\"aerobika\" width=\"636\" height=\"352\" srcset=\"https:\/\/www.mojevrijeme.hr\/magazin\/wp-content\/uploads\/2014\/10\/aerobika-636x352.jpg 636w, https:\/\/www.mojevrijeme.hr\/magazin\/wp-content\/uploads\/2014\/10\/aerobika.jpg 740w\" sizes=\"auto, (max-width: 636px) 100vw, 636px\" \/><p id=\"caption-attachment-1143\" class=\"wp-caption-text\">Aerobika s Milenom Dravi\u0107, 1983.<\/p><\/div>\n<div id=\"mojev-954397332\" class=\"mojev-kraj-teksta mojev-entity-placement\" style=\"margin-bottom: 20px;margin-left: auto;margin-right: auto;text-align: center;\"><div class=\"mojev-adlabel\">oglas<\/div><div style=\"height: 250px;\"><script async src=\"https:\/\/pagead2.googlesyndication.com\/pagead\/js\/adsbygoogle.js?client=ca-pub-8106111766207173\"\r\n     crossorigin=\"anonymous\"><\/script>\r\n<!-- Display-1 -->\r\n<ins class=\"adsbygoogle\"\r\n     style=\"display:block\"\r\n     data-ad-client=\"ca-pub-8106111766207173\"\r\n     data-ad-slot=\"1465712950\"\r\n     data-ad-format=\"auto\"\r\n     data-full-width-responsive=\"true\"><\/ins>\r\n<script>\r\n     (adsbygoogle = window.adsbygoogle || []).push({});\r\n<\/script><\/div><\/div>","protected":false},"excerpt":{"rendered":"<p>Jedna od najve\u0107ih glumica s ovih prostora, Milena Dravi\u0107, otkrila nam je \u0161to je va\u017eno za uspje\u0161nu karijeru, koje su tajne sretnog braka i op\u0107enito ispunjenog \u017eivota. Kako je mlada balerina sa Dor\u0107ola postala ljubimica publike, po \u010demu pamti snimanja s disidentom Makavejevim te kako se razlikuju nekada\u0161nja i sada\u0161nja filmska industrija, pro\u010ditajte u ekskluzivnom razgovoru za MojeVrijeme.hr. <\/p>\n","protected":false},"author":4,"featured_media":1095,"comment_status":"closed","ping_status":"open","sticky":false,"template":"","format":"standard","meta":{"footnotes":""},"categories":[2],"tags":[45,201,234,168,233,142],"class_list":["post-1126","post","type-post","status-publish","format-standard","has-post-thumbnail","hentry","category-mozaik","tag-film","tag-glumci","tag-intervju","tag-kazaliste","tag-milena-dravic","tag-televizija"],"_links":{"self":[{"href":"https:\/\/www.mojevrijeme.hr\/magazin\/wp-json\/wp\/v2\/posts\/1126","targetHints":{"allow":["GET"]}}],"collection":[{"href":"https:\/\/www.mojevrijeme.hr\/magazin\/wp-json\/wp\/v2\/posts"}],"about":[{"href":"https:\/\/www.mojevrijeme.hr\/magazin\/wp-json\/wp\/v2\/types\/post"}],"author":[{"embeddable":true,"href":"https:\/\/www.mojevrijeme.hr\/magazin\/wp-json\/wp\/v2\/users\/4"}],"replies":[{"embeddable":true,"href":"https:\/\/www.mojevrijeme.hr\/magazin\/wp-json\/wp\/v2\/comments?post=1126"}],"version-history":[{"count":0,"href":"https:\/\/www.mojevrijeme.hr\/magazin\/wp-json\/wp\/v2\/posts\/1126\/revisions"}],"wp:featuredmedia":[{"embeddable":true,"href":"https:\/\/www.mojevrijeme.hr\/magazin\/wp-json\/wp\/v2\/media\/1095"}],"wp:attachment":[{"href":"https:\/\/www.mojevrijeme.hr\/magazin\/wp-json\/wp\/v2\/media?parent=1126"}],"wp:term":[{"taxonomy":"category","embeddable":true,"href":"https:\/\/www.mojevrijeme.hr\/magazin\/wp-json\/wp\/v2\/categories?post=1126"},{"taxonomy":"post_tag","embeddable":true,"href":"https:\/\/www.mojevrijeme.hr\/magazin\/wp-json\/wp\/v2\/tags?post=1126"}],"curies":[{"name":"wp","href":"https:\/\/api.w.org\/{rel}","templated":true}]}}