{"id":112674,"date":"2024-08-08T21:10:11","date_gmt":"2024-08-08T19:10:11","guid":{"rendered":"https:\/\/www.mojevrijeme.hr\/magazin\/?p=112674"},"modified":"2024-08-10T08:29:26","modified_gmt":"2024-08-10T06:29:26","slug":"dr-branka-tonkovic-80-nedostajat-ce-mi-pacijenti-ali-stvarno-bih-u-mirovinu","status":"publish","type":"post","link":"https:\/\/www.mojevrijeme.hr\/magazin\/2024\/08\/dr-branka-tonkovic-80-nedostajat-ce-mi-pacijenti-ali-stvarno-bih-u-mirovinu\/","title":{"rendered":"Dr. Branka Tonkovi\u0107 (80): Nedostajat \u0107e mi pacijenti, ali stvarno bih u mirovinu"},"content":{"rendered":"\n<p>&#8220;Imam 80 godina. Ja sam u mirovini, me\u0111utim, mirovinu sam stavila u mirovanje i sada radim.&#8221; Bile su dovoljne samo te dvije re\u010denice u RTL-ovom prilogu o prosvjedu lije\u010dnika na otoku Krku da zaintrigiraju hrvatsku javnost. Tko je ta lije\u010dnica? Za\u0161to radi u tako ozbiljnoj dobi puno radno vrijeme u ordinaciji obiteljske medicine? Zato jer nema tko drugi, a pacijenti zaslu\u017euju zdravstveni skrb, doznajemo od nje same. Ni sama ne broji koliko je godina u slu\u017ebi naroda.<\/p>\n\n\n\n<p>&#8220;Te\u0161ko je re\u0107i jesam li najstarija aktivna lije\u010dnica. Mo\u017eda ipak nisam&#8221;, ka\u017ee u razgovoru za MojeVrijeme.hr <strong>dr. Branka Tonkovi\u0107<\/strong>, specijalistica obiteljske medicine, koja se prvi puta umirovila prije 12 godina. Pa ipak, tih 12 godina malo je u\u017eivala u mirovini, budu\u0107i da je nastavila raditi. &#8220;Zadnje dvije godine mijenjam lije\u010dnicu koja je na porodiljnom&#8221;, ka\u017ee.<\/p>\n\n\n\n<p>&#8220;Kad sam se umirovila, \u017eeljela sam raditi na zamjenama jer mi je nedostajao moj posao. Nije da mi nije dobro do\u0161la pla\u0107a umjesto mirovine. Manje-vi\u0161e mirovinu sam stavljala u mirovanje i primala sam samo punu pla\u0107u. Rad na na pola radnog vremena u obiteljskoj medicini je neizvediv. Jednostavno moram raditi puno radno vrijeme. Tako da ni ne znam kolika \u0107e mi biti mirovina&#8221;, govori nam uz smijeh ova ro\u0111ena Osje\u010danka koja je ve\u0107i dio radnog vijeka provela u Delnicama u ordinaciji op\u0107e medicine. Radila je i u Hrvatskoj vojsci, a zadnjih 12 godina brine o pacijentima na Krku.<\/p><div id=\"mojev-4085439735\" class=\"mojev-u-tekstu mojev-entity-placement\" style=\"margin-left: auto;margin-right: auto;text-align: center;\"><div class=\"mojev-adlabel\">oglas<\/div><div style=\"height: 250px;\"><script async src=\"https:\/\/pagead2.googlesyndication.com\/pagead\/js\/adsbygoogle.js?client=ca-pub-8106111766207173\"\r\n     crossorigin=\"anonymous\"><\/script>\r\n<!-- Prikazni 1 u tekstu -->\r\n<ins class=\"adsbygoogle\"\r\n     style=\"display:block\"\r\n     data-ad-client=\"ca-pub-8106111766207173\"\r\n     data-ad-slot=\"8535551207\"\r\n     data-ad-format=\"auto\"\r\n     data-full-width-responsive=\"true\"><\/ins>\r\n<script>\r\n     (adsbygoogle = window.adsbygoogle || []).push({});\r\n<\/script><\/div><\/div><br style=\"clear: both; display: block; float: none;\"\/>\n\n\n\n<h3 class=\"wp-block-heading\">&#8220;Volim pacijente, moje godine nisu nikada bile problem&#8221;<\/h3>\n\n\n\n<p>U razgovorima s pacijentima doznajemo da je dr. Tonkovi\u0107 izrazito posve\u0107ena svojem lije\u010dni\u010dkom zvanju, da voli pacijente i da se stalno educira te da prati trendove u medicini. &#8220;Ja se stvarno veselim pacijentima. Volim ih sresti i razgovarati s njima&#8221;, potvr\u0111uje nam. Pacijenti joj, dodaje, nikada nisu uskra\u0107ivali povjerenje zbog njenih godina. &#8220;Nisam nikada osjetila nikakvu diskriminaciju. Stvarno me prihva\u0107aju.&#8221;<\/p>\n\n\n\n<p>Ipak, dodaje, misli da je dovoljno dala svome zvanju. Odlazak u onu, kako ka\u017ee, &#8220;pravu mirovinu&#8221;, planirala je za idu\u0107u godinu. Osim ako se ne ponovi situacija da se nitko drugi ne\u0107e mo\u0107i skrbiti o pacijentima. &#8220;Kazala sam kolegici koja vodi op\u0107u medicinu u Domu zdravlja Krk da imam 80 godina i da bih mogla umrijeti na radnom mjestu. Odgovorila mi je nek&#8217; ni\u0161ta ne brinem jer je ona mrtvozornica&#8221;, prepri\u010dava nam anegdotu s radnog mjesta.<\/p>\n\n\n\n<h3 class=\"wp-block-heading\">Obiteljski lije\u010dnici su bili dugo zapostavljeni<\/h3>\n\n\n\n<p>No, kako smo do\u0161li u situaciju da umirovljenici na svojim le\u0111ima dr\u017ee sustav obiteljske medicine? &#8220;Nije to od ju\u010der. Prije dosta godina je krenula lo\u0161a politika prema obiteljskoj medicini. Lije\u010dnici se uop\u0107e nisu slali na specijalizaciju obiteljske medicine. Tek tu i tamo netko. Velik dio lije\u010dnika je nastojao dobiti specijalizaciju u bolnicama. Potom je do\u0161lo iseljavanje, a uz to su obiteljski lije\u010dnici bili najslabije pla\u0107eni me\u0111u lije\u010dnicima&#8221;, obja\u0161njava nam i dodaje: &#8220;U zadnje vrijeme vrag je odnio \u0161alu pa obiteljskim lije\u010dnicima u zaba\u010denim krajevima i udaljenim otocima kao pogodnost nude stan, dakle ne\u0161to pored pla\u0107e.&#8221;<\/p>\n\n\n\n<figure class=\"wp-block-image size-large\"><img loading=\"lazy\" decoding=\"async\" width=\"740\" height=\"444\" src=\"https:\/\/www.mojevrijeme.hr\/magazin\/wp-content\/uploads\/2024\/08\/branka-tonkovic-lijecnica-740x444.jpg\" alt=\"\" class=\"wp-image-112682\" srcset=\"https:\/\/www.mojevrijeme.hr\/magazin\/wp-content\/uploads\/2024\/08\/branka-tonkovic-lijecnica-740x444.jpg 740w, https:\/\/www.mojevrijeme.hr\/magazin\/wp-content\/uploads\/2024\/08\/branka-tonkovic-lijecnica-636x382.jpg 636w, https:\/\/www.mojevrijeme.hr\/magazin\/wp-content\/uploads\/2024\/08\/branka-tonkovic-lijecnica-768x461.jpg 768w, https:\/\/www.mojevrijeme.hr\/magazin\/wp-content\/uploads\/2024\/08\/branka-tonkovic-lijecnica-1536x922.jpg 1536w, https:\/\/www.mojevrijeme.hr\/magazin\/wp-content\/uploads\/2024\/08\/branka-tonkovic-lijecnica-1500x900.jpg 1500w, https:\/\/www.mojevrijeme.hr\/magazin\/wp-content\/uploads\/2024\/08\/branka-tonkovic-lijecnica-1600x960.jpg 1600w, https:\/\/www.mojevrijeme.hr\/magazin\/wp-content\/uploads\/2024\/08\/branka-tonkovic-lijecnica-590x354.jpg 590w, https:\/\/www.mojevrijeme.hr\/magazin\/wp-content\/uploads\/2024\/08\/branka-tonkovic-lijecnica-400x240.jpg 400w, https:\/\/www.mojevrijeme.hr\/magazin\/wp-content\/uploads\/2024\/08\/branka-tonkovic-lijecnica.jpg 2000w\" sizes=\"auto, (max-width: 740px) 100vw, 740px\" \/><figcaption class=\"wp-element-caption\">Dr. Branka Tonkovi\u0107 (scr: RTL)<\/figcaption><\/figure>\n\n\n\n<p>Iako stvari idu &#8220;na sitno&#8221; nabolje, lako im nije. &#8220;Lije\u010dnike se optere\u0107uje bez naknade. Primjerice, na Krku je bilo \u0161est turisti\u010dkih ambulanti pa je to spalo na jednu ambulantu. Ove godine do danas nije bilo niti jedne. Svi turisti su dolazili k nama i nastao je kaos. Sad su na\u0161li rje\u0161enje&#8221;, opisuje razlog za nedavnu pobunu kr\u010dkih lije\u010dnika.<\/p>\n\n\n\n<h3 class=\"wp-block-heading\">Mirovina ipak ne\u0107e biti mirovanje<\/h3>\n\n\n\n<p>A ona prava mirovina? Kako je ova po\u017ertvovna lije\u010dnica zami\u0161lja? &#8220;Sigurno \u0107e mi nedostajati rad s pacijentima. Ali znam da \u0107u pratiti edukacije, polagati testove, skupila sam dovoljno bodova pa \u0107u idu\u0107e godine ponovno obnoviti licencu.&#8221;<\/p>\n\n\n\n<p>&#8220;Osim toga, vi\u0161e \u0107u \u010ditati, ranije nisam imala vremena. Radila bih i fizi\u010dki, ali sam ograni\u010dena zbog operacija kralje\u017enice i kukova\u201c, navodi dr. Tonkovi\u0107 i dodaje da se na Triglav popela \u010dak \u010detiri puta.<\/p>\n\n\n\n<p>&#8220;Tako sam i djecu odgojila. Sin je zaljubljenik u skijanje i planinarenje. Da nisam fizi\u010dki ograni\u010dena, jo\u0161 bih sva\u0161ta mogla raditi. Ali \u0161to mogu, i ovako \u0107u sigurno u\u017eivati u mirovini&#8221;, zaklju\u010duje. I mi joj \u017eelimo dugu i sretnu mirovinu. Onu pravu.<\/p>\n<div id=\"mojev-859298882\" class=\"mojev-kraj-teksta mojev-entity-placement\" style=\"margin-bottom: 20px;margin-left: auto;margin-right: auto;text-align: center;\"><div class=\"mojev-adlabel\">oglas<\/div><div style=\"height: 250px;\"><script async src=\"https:\/\/pagead2.googlesyndication.com\/pagead\/js\/adsbygoogle.js?client=ca-pub-8106111766207173\"\r\n     crossorigin=\"anonymous\"><\/script>\r\n<!-- Display-1 -->\r\n<ins class=\"adsbygoogle\"\r\n     style=\"display:block\"\r\n     data-ad-client=\"ca-pub-8106111766207173\"\r\n     data-ad-slot=\"1465712950\"\r\n     data-ad-format=\"auto\"\r\n     data-full-width-responsive=\"true\"><\/ins>\r\n<script>\r\n     (adsbygoogle = window.adsbygoogle || []).push({});\r\n<\/script><\/div><\/div>","protected":false},"excerpt":{"rendered":"<p>Vitalna lije\u010dnica s Krka slika je hrvatske obiteljske medicine. Naime, podaci s po\u010detka ove godine pokazuju da svaki peti umirovljeni lije\u010dnik &#8211; nije u mirovini. <\/p>\n","protected":false},"author":10,"featured_media":112681,"comment_status":"closed","ping_status":"closed","sticky":false,"template":"","format":"standard","meta":{"footnotes":""},"categories":[2],"tags":[4124,950,1342,51],"class_list":["post-112674","post","type-post","status-publish","format-standard","has-post-thumbnail","hentry","category-mozaik","tag-branka-tonkovic","tag-lijecnici","tag-rad-uz-mirovinu","tag-zdravstvo"],"_links":{"self":[{"href":"https:\/\/www.mojevrijeme.hr\/magazin\/wp-json\/wp\/v2\/posts\/112674","targetHints":{"allow":["GET"]}}],"collection":[{"href":"https:\/\/www.mojevrijeme.hr\/magazin\/wp-json\/wp\/v2\/posts"}],"about":[{"href":"https:\/\/www.mojevrijeme.hr\/magazin\/wp-json\/wp\/v2\/types\/post"}],"author":[{"embeddable":true,"href":"https:\/\/www.mojevrijeme.hr\/magazin\/wp-json\/wp\/v2\/users\/10"}],"replies":[{"embeddable":true,"href":"https:\/\/www.mojevrijeme.hr\/magazin\/wp-json\/wp\/v2\/comments?post=112674"}],"version-history":[{"count":0,"href":"https:\/\/www.mojevrijeme.hr\/magazin\/wp-json\/wp\/v2\/posts\/112674\/revisions"}],"wp:featuredmedia":[{"embeddable":true,"href":"https:\/\/www.mojevrijeme.hr\/magazin\/wp-json\/wp\/v2\/media\/112681"}],"wp:attachment":[{"href":"https:\/\/www.mojevrijeme.hr\/magazin\/wp-json\/wp\/v2\/media?parent=112674"}],"wp:term":[{"taxonomy":"category","embeddable":true,"href":"https:\/\/www.mojevrijeme.hr\/magazin\/wp-json\/wp\/v2\/categories?post=112674"},{"taxonomy":"post_tag","embeddable":true,"href":"https:\/\/www.mojevrijeme.hr\/magazin\/wp-json\/wp\/v2\/tags?post=112674"}],"curies":[{"name":"wp","href":"https:\/\/api.w.org\/{rel}","templated":true}]}}