{"id":113022,"date":"2024-08-13T10:53:23","date_gmt":"2024-08-13T08:53:23","guid":{"rendered":"https:\/\/www.mojevrijeme.hr\/magazin\/?p=113022"},"modified":"2024-08-13T11:19:19","modified_gmt":"2024-08-13T09:19:19","slug":"svecenik-porucio-vjernicima-ne-pijte-vodu-u-crkvi-necete-crknuti-od-zedi","status":"publish","type":"post","link":"https:\/\/www.mojevrijeme.hr\/magazin\/2024\/08\/svecenik-porucio-vjernicima-ne-pijte-vodu-u-crkvi-necete-crknuti-od-zedi\/","title":{"rendered":"Sve\u0107enik poru\u010dio vjernicima: &#8216;Ne pijte vodu u crkvi, ne\u0107ete crknuti od \u017ee\u0111i&#8217;"},"content":{"rendered":"\n<p>Katoli\u010dki <em>influencer<\/em>, hercegova\u010dki sve\u0107enik <strong>Mario Knezovi\u0107<\/strong>, komentirao je na Facebooku sve \u010de\u0161\u0107u navadu vjernika da na bogoslu\u017eja nose vodu kako bi o\u010duvali zdravlje i hidratizirali se za vrijeme nesnosnih toplinskih valova.<\/p>\n\n\n\n<p>&#8220;Ne prili\u010di u crkvu unositi bilo kakvo pi\u0107e. Piti vodu ili ne\u0161to drugo tijekom misnoga slavlja je neprimjereno. Popijte prije ulaska u crkvu, a iznimke su bolesnici. Da je to samo novi trend ili lo\u0161a navika, pokazuje \u010dinjenica da se pomalo pojavljuje. Ne\u0107e se &#8216;crknuti&#8217; od \u017ee\u0111i ako se ne pije tijekom mise, vjen\u010danja ili drugih obreda&#8221;, pi\u0161e Knezovi\u0107 u objavi na Facebooku.<\/p>\n\n\n\n<p>&#8220;Ako smo bez toga mogli stolje\u0107ima, mo\u017eemo i sada. Ljeto je, i pripazite na doli\u010dno odijevanje. Ako se po\u010dne s pi\u0107em, sutra \u0107e netko po\u010deti i jesti s opravdanjem: &#8216;Gladni smo!&#8217; Imati bocu u torbi ako netko dobije mu\u010dninu i izgubi svijest je u redu. \u010cuvajmo svetost Bo\u017ejeg hrama!&#8221; zaklju\u010dio je svoju poruku vjernicima. Ve\u0107ina njegovih pratitelja podr\u017ealo je ovu poruku, no mnogi se nisu s njom slo\u017eili.<\/p><div id=\"mojev-2151107253\" class=\"mojev-u-tekstu mojev-entity-placement\" style=\"margin-left: auto;margin-right: auto;text-align: center;\"><div class=\"mojev-adlabel\">oglas<\/div><div style=\"height: 250px;\"><script async src=\"https:\/\/pagead2.googlesyndication.com\/pagead\/js\/adsbygoogle.js?client=ca-pub-8106111766207173\"\r\n     crossorigin=\"anonymous\"><\/script>\r\n<!-- Prikazni 1 u tekstu -->\r\n<ins class=\"adsbygoogle\"\r\n     style=\"display:block\"\r\n     data-ad-client=\"ca-pub-8106111766207173\"\r\n     data-ad-slot=\"8535551207\"\r\n     data-ad-format=\"auto\"\r\n     data-full-width-responsive=\"true\"><\/ins>\r\n<script>\r\n     (adsbygoogle = window.adsbygoogle || []).push({});\r\n<\/script><\/div><\/div><br style=\"clear: both; display: block; float: none;\"\/>\n\n\n\n<p>&#8220;Ponekad ponesem vodu, ali ne zato jer sam \u017eedna; mogu izdr\u017eati sat vremena bez vode. Negdje nosim upravo zato \u0161to imam niski tlak i zaista me ove vru\u0107ine dotuku. Ne ka\u017eem da pijem svaki put, nego samo onda kada osjetim da mi je slabo, da me probija znoj i da mi se crni pred o\u010dima. Bi li bilo bolje da ne idem na misu ili? Ponekad i ne odem iz tog razloga \u0161to mi je neugodno kad mi do\u0111e slabo. Evo, ne znam. Ako je grijeh, recite, pa ne\u0107u i\u0107i&#8221;, odgovorila mu je vjernica Katarina.<\/p>\n\n\n\n<p>&#8220;Bez vode nigdje ne idem, pa bilo kome krivo, nije me briga. Dosta puta sam ba\u0161 u crkvi spasila djecu s tom vodom koju stalno nosim. Nekad mi treba, nekad treba nekom drugom, ali bo\u010dica vode uvijek ide uz mene&#8221;, dodala je Ru\u017eica.<\/p>\n\n\n\n<p>&#8220;Apsolutno se ne sla\u017eem. Klima se mijenja, voda sigurno ne\u0107e nikoga povrijediti, a mo\u017ee samo pomo\u0107i. Budite oprezni sa zabranama! To stvara otpore u ljudima!&#8221; dopisala je Milica.<\/p>\n\n\n\n<p>&#8220;Crkve su vam prazne, a jo\u0161 postavljate sulude zakone? Telefon treba ugasiti, to je u redu. Ne obla\u010diti se izazovno, i to je u redu. Ali prikladno se obla\u010diti za klimu i vrijeme te imati vodu sa sobom, ne vjerujem da je problem. Na kraju krajeva, kada idem u crkvu, apsolutno me ne zanima \u0161to je tko obukao i \u010dime se bavi. Idem zbog svojih potreba i da se pomolim&#8221;, zaklju\u010dila je vjernica Marija. <\/p>\n\n\n<div class=\"wp-block-image\">\n<figure class=\"aligncenter size-large\"><img loading=\"lazy\" decoding=\"async\" width=\"740\" height=\"331\" src=\"https:\/\/www.mojevrijeme.hr\/magazin\/wp-content\/uploads\/2024\/08\/knezovic-740x331.jpg\" alt=\"\" class=\"wp-image-113034\" srcset=\"https:\/\/www.mojevrijeme.hr\/magazin\/wp-content\/uploads\/2024\/08\/knezovic-740x331.jpg 740w, https:\/\/www.mojevrijeme.hr\/magazin\/wp-content\/uploads\/2024\/08\/knezovic-636x285.jpg 636w, https:\/\/www.mojevrijeme.hr\/magazin\/wp-content\/uploads\/2024\/08\/knezovic-768x344.jpg 768w, https:\/\/www.mojevrijeme.hr\/magazin\/wp-content\/uploads\/2024\/08\/knezovic.jpg 1365w\" sizes=\"auto, (max-width: 740px) 100vw, 740px\" \/><figcaption class=\"wp-element-caption\">scr: Facebook<\/figcaption><\/figure>\n<\/div>\n\n\n<h3 class=\"wp-block-heading\">\u0160to ka\u017ee Hrvatski zavod za javno zdravstvo?<\/h3>\n\n\n\n<ul class=\"wp-block-list\">\n<li>Rashladite tijelo i pijte dovoljno teku\u0107ine ta da vam boja urina bude svijetla<\/li>\n\n\n\n<li>Nemojte \u010dekati osje\u0107aj \u017ee\u0111i da biste pove\u0107ali unos teku\u0107ine, pogotovo kod starijih osoba koje imaju slabiji osje\u0107aj \u017ee\u0111i.<\/li>\n\n\n\n<li><strong>Pijte redovito<\/strong>&nbsp;negaziranu vodu te niskokalori\u010dne napitke bez kofeina, alkohola i \u0161e\u0107era da njima ne izazovete ja\u010du dehidraciju. Mo\u017eete se samo &nbsp;osvje\u017eiti tako da u ustima rastopite kockicu, dvije leda. Dehidraciju od vru\u0107ina izbjegnite uzimanjem razrije\u0111enog soka kao \u0161to je limunada i to odrasli svakih 1-2 sata, a djeca svakih 15-20 minuta po 1 do 2 \u017elice ili gutljaj vode.<\/li>\n\n\n\n<li>Nosite laganu \u0161iroku svijetlu odje\u0107u od prirodnih materijala. Ako idete izvan doma stavite \u0161e\u0161ir \u0161irokog oboda ili kapu i sun\u010dane nao\u010dale, a korisna su za\u0161tita od direktnog sunca i ki\u0161obrani i lepeza za rashla\u0111ivanje zraka.<\/li>\n<\/ul>\n\n\n\n<div id=\"crveno\"><\/p>\n\n\n\n<h3 class=\"wp-block-heading\">Zanima nas va\u0161a pri\u010da<\/h3>\n\n\n\n<p>\u017delite li i vi, posve anonimno, podijeliti svoje iskustvo i vi\u0111enje ove teme s nama i na\u0161im \u010ditateljima, mo\u017eete to u\u010diniti putem web obrasca <a rel=\"noreferrer noopener\" href=\"https:\/\/www.mojevrijeme.hr\/magazin\/povjerljivo\/\" target=\"_blank\">Povjerljivo<\/a>. Napi\u0161ite svoju pri\u010du!<\/p>\n\n\n\n<p><\/div>\n<div id=\"mojev-648588158\" class=\"mojev-kraj-teksta mojev-entity-placement\" style=\"margin-bottom: 20px;margin-left: auto;margin-right: auto;text-align: center;\"><div class=\"mojev-adlabel\">oglas<\/div><div style=\"height: 250px;\"><script async src=\"https:\/\/pagead2.googlesyndication.com\/pagead\/js\/adsbygoogle.js?client=ca-pub-8106111766207173\"\r\n     crossorigin=\"anonymous\"><\/script>\r\n<!-- Display-1 -->\r\n<ins class=\"adsbygoogle\"\r\n     style=\"display:block\"\r\n     data-ad-client=\"ca-pub-8106111766207173\"\r\n     data-ad-slot=\"1465712950\"\r\n     data-ad-format=\"auto\"\r\n     data-full-width-responsive=\"true\"><\/ins>\r\n<script>\r\n     (adsbygoogle = window.adsbygoogle || []).push({});\r\n<\/script><\/div><\/div>","protected":false},"excerpt":{"rendered":"<p>Ve\u0107ina njegovih pratitelja podr\u017ealo je ovu poruku, no mnogi se nisu s njom slo\u017eili. &#8216;Bez vode ne idem, kome krivo, kome pravo&#8221;, odgovorila mu je jedna vjernica.<\/p>\n","protected":false},"author":1,"featured_media":113031,"comment_status":"closed","ping_status":"closed","sticky":false,"template":"","format":"standard","meta":{"footnotes":""},"categories":[2],"tags":[613,2142,1070,713],"class_list":["post-113022","post","type-post","status-publish","format-standard","has-post-thumbnail","hentry","category-mozaik","tag-bonton","tag-dehidracija","tag-katolici","tag-vjera"],"_links":{"self":[{"href":"https:\/\/www.mojevrijeme.hr\/magazin\/wp-json\/wp\/v2\/posts\/113022","targetHints":{"allow":["GET"]}}],"collection":[{"href":"https:\/\/www.mojevrijeme.hr\/magazin\/wp-json\/wp\/v2\/posts"}],"about":[{"href":"https:\/\/www.mojevrijeme.hr\/magazin\/wp-json\/wp\/v2\/types\/post"}],"author":[{"embeddable":true,"href":"https:\/\/www.mojevrijeme.hr\/magazin\/wp-json\/wp\/v2\/users\/1"}],"replies":[{"embeddable":true,"href":"https:\/\/www.mojevrijeme.hr\/magazin\/wp-json\/wp\/v2\/comments?post=113022"}],"version-history":[{"count":0,"href":"https:\/\/www.mojevrijeme.hr\/magazin\/wp-json\/wp\/v2\/posts\/113022\/revisions"}],"wp:featuredmedia":[{"embeddable":true,"href":"https:\/\/www.mojevrijeme.hr\/magazin\/wp-json\/wp\/v2\/media\/113031"}],"wp:attachment":[{"href":"https:\/\/www.mojevrijeme.hr\/magazin\/wp-json\/wp\/v2\/media?parent=113022"}],"wp:term":[{"taxonomy":"category","embeddable":true,"href":"https:\/\/www.mojevrijeme.hr\/magazin\/wp-json\/wp\/v2\/categories?post=113022"},{"taxonomy":"post_tag","embeddable":true,"href":"https:\/\/www.mojevrijeme.hr\/magazin\/wp-json\/wp\/v2\/tags?post=113022"}],"curies":[{"name":"wp","href":"https:\/\/api.w.org\/{rel}","templated":true}]}}