{"id":113238,"date":"2024-08-16T17:44:39","date_gmt":"2024-08-16T15:44:39","guid":{"rendered":"https:\/\/www.mojevrijeme.hr\/magazin\/?p=113238"},"modified":"2024-08-16T18:41:45","modified_gmt":"2024-08-16T16:41:45","slug":"zanosna-neda-ukraden-pozirala-u-badicu-otkrila-koliko-joj-je-zapravo-godina","status":"publish","type":"post","link":"https:\/\/www.mojevrijeme.hr\/magazin\/2024\/08\/zanosna-neda-ukraden-pozirala-u-badicu-otkrila-koliko-joj-je-zapravo-godina\/","title":{"rendered":"Zanosna Neda Ukraden pozirala u badi\u0107u, otkrila koliko joj je zapravo godina"},"content":{"rendered":"\n<p>Regionalna pjeva\u010dka zvijezda <strong>Neda Ukraden<\/strong> i ovoga je ljeta pozirala u kupa\u0107em kostimu. Na Instagramu je pokazala zavidnu figuru i otkrila koliko stvarno ima godina. Naime, 16. kolovoza je proslavila obljetnicu ro\u0111enja.<\/p>\n\n\n\n<p>&#8220;Koliko mi je godina? Taman! Bez filtera i efekata. Da \u017eivim i u\u017eivam u \u017eivotu, svojoj divnoj porodici, muzici, najboljoj publici koju \u010dovjek mo\u017ee po\u017eeljeti. To isto \u017eelim i vama! Hvala svima na divnim \u017eeljama i pozdravima! Ljubi vas va\u0161a Neda&#8221;, napisala je povodom brojnih ro\u0111endanskih \u010destitki koje je primila.<\/p>\n\n\n\n<p>Ova zanosna veteranka, koja je karijeru zacementirala jo\u0161 u biv\u0161oj dr\u017eavi, proslavila je 74. ro\u0111endan u Crnoj Gori. Tamo je i odradila obavezno ljetno poziranje u kupa\u0107em kostimu. Naime, mediji tradicionalno svakog ljeta prenose fotografije s njenog Instagram profila, koje govore samo jedno: za Nedu je vrijeme stalo!<\/p><div id=\"mojev-1822228027\" class=\"mojev-u-tekstu mojev-entity-placement\" style=\"margin-left: auto;margin-right: auto;text-align: center;\"><div class=\"mojev-adlabel\">oglas<\/div><div style=\"height: 250px;\"><script async src=\"https:\/\/pagead2.googlesyndication.com\/pagead\/js\/adsbygoogle.js?client=ca-pub-8106111766207173\"\r\n     crossorigin=\"anonymous\"><\/script>\r\n<!-- Prikazni 1 u tekstu -->\r\n<ins class=\"adsbygoogle\"\r\n     style=\"display:block\"\r\n     data-ad-client=\"ca-pub-8106111766207173\"\r\n     data-ad-slot=\"8535551207\"\r\n     data-ad-format=\"auto\"\r\n     data-full-width-responsive=\"true\"><\/ins>\r\n<script>\r\n     (adsbygoogle = window.adsbygoogle || []).push({});\r\n<\/script><\/div><\/div><br style=\"clear: both; display: block; float: none;\"\/>\n\n\n\n<p>U \u010demu je tajna njene vje\u010dne mladosti? &#8220;U tome da u ni\u010demu ne pretjeruje\u0161 i da pomalo vje\u017eba\u0161&#8221;, kazala je svojevremeno za <strong>Jutarnji list<\/strong>.<\/p>\n\n\n\n<p>&#8220;Ve\u0107 godinama gotovo svako jutro radim vje\u017ebe za tijelo, kao i vje\u017ebe disanja. Ne odlazim u teretane, jer bi mi zbog mog posla, koji podrazumijeva stalna putovanja, propalo \u010dlanstvo u svakoj. Umjesto toga, gdje god se nalazila, u kojoj god hotelskoj sobi bila, prostrem ru\u010dnik na pod i petnaestak minuta radim sklekove i trbu\u0161njake. Vje\u017ebe mi nisu previ\u0161e naporne, a drago mi je da se rezultati vide i da u 73. godini s ponosom mogu re\u0107i: &#8216;Sve na meni je moje!'&#8221; otkrila je prije godinu dana.<\/p>\n<div id=\"mojev-1100200344\" class=\"mojev-kraj-teksta mojev-entity-placement\" style=\"margin-bottom: 20px;margin-left: auto;margin-right: auto;text-align: center;\"><div class=\"mojev-adlabel\">oglas<\/div><div style=\"height: 250px;\"><script async src=\"https:\/\/pagead2.googlesyndication.com\/pagead\/js\/adsbygoogle.js?client=ca-pub-8106111766207173\"\r\n     crossorigin=\"anonymous\"><\/script>\r\n<!-- Display-1 -->\r\n<ins class=\"adsbygoogle\"\r\n     style=\"display:block\"\r\n     data-ad-client=\"ca-pub-8106111766207173\"\r\n     data-ad-slot=\"1465712950\"\r\n     data-ad-format=\"auto\"\r\n     data-full-width-responsive=\"true\"><\/ins>\r\n<script>\r\n     (adsbygoogle = window.adsbygoogle || []).push({});\r\n<\/script><\/div><\/div>","protected":false},"excerpt":{"rendered":"<p>Ro\u0111ena Imo\u0107anka sa srbijanskom adresom i regionalnom publikom, pohvalila se kako je na njoj sve prirodno. Unato\u010d fantasti\u010dnom izgledu, nije ljubiteljica teretana.<\/p>\n","protected":false},"author":1,"featured_media":113240,"comment_status":"closed","ping_status":"closed","sticky":false,"template":"","format":"standard","meta":{"footnotes":""},"categories":[84],"tags":[1107,38],"class_list":["post-113238","post","type-post","status-publish","format-standard","has-post-thumbnail","hentry","category-show","tag-neda-ukraden","tag-rodendan"],"_links":{"self":[{"href":"https:\/\/www.mojevrijeme.hr\/magazin\/wp-json\/wp\/v2\/posts\/113238","targetHints":{"allow":["GET"]}}],"collection":[{"href":"https:\/\/www.mojevrijeme.hr\/magazin\/wp-json\/wp\/v2\/posts"}],"about":[{"href":"https:\/\/www.mojevrijeme.hr\/magazin\/wp-json\/wp\/v2\/types\/post"}],"author":[{"embeddable":true,"href":"https:\/\/www.mojevrijeme.hr\/magazin\/wp-json\/wp\/v2\/users\/1"}],"replies":[{"embeddable":true,"href":"https:\/\/www.mojevrijeme.hr\/magazin\/wp-json\/wp\/v2\/comments?post=113238"}],"version-history":[{"count":0,"href":"https:\/\/www.mojevrijeme.hr\/magazin\/wp-json\/wp\/v2\/posts\/113238\/revisions"}],"wp:featuredmedia":[{"embeddable":true,"href":"https:\/\/www.mojevrijeme.hr\/magazin\/wp-json\/wp\/v2\/media\/113240"}],"wp:attachment":[{"href":"https:\/\/www.mojevrijeme.hr\/magazin\/wp-json\/wp\/v2\/media?parent=113238"}],"wp:term":[{"taxonomy":"category","embeddable":true,"href":"https:\/\/www.mojevrijeme.hr\/magazin\/wp-json\/wp\/v2\/categories?post=113238"},{"taxonomy":"post_tag","embeddable":true,"href":"https:\/\/www.mojevrijeme.hr\/magazin\/wp-json\/wp\/v2\/tags?post=113238"}],"curies":[{"name":"wp","href":"https:\/\/api.w.org\/{rel}","templated":true}]}}