{"id":113380,"date":"2024-08-18T08:34:04","date_gmt":"2024-08-18T06:34:04","guid":{"rendered":"https:\/\/www.mojevrijeme.hr\/magazin\/?p=113380"},"modified":"2024-08-18T08:34:09","modified_gmt":"2024-08-18T06:34:09","slug":"buducnost-mirovina-u-eu-je-u-preuzimanju-osobne-odgovornosti","status":"publish","type":"post","link":"https:\/\/www.mojevrijeme.hr\/magazin\/2024\/08\/buducnost-mirovina-u-eu-je-u-preuzimanju-osobne-odgovornosti\/","title":{"rendered":"Budu\u0107nost mirovina u EU je u preuzimanju osobne odgovornosti"},"content":{"rendered":"\n<p>Demografska tempirana bomba u Europi otkucava ve\u0107 desetlje\u0107ima. Stanovni\u0161tvo Europske unije postaje sve starije; Petina je starije od 65 godina. O\u010dekuje se da \u0107e taj broj porasti na tre\u0107inu do 2050. godine.<\/p>\n\n\n\n<p>Svjetska zdravstvena organizacija je pro\u0161le godine upozorila da \u0107e 2024. u Europi broj osoba starijih od 65 godina prvi put prema\u0161iti broj mla\u0111ih od 15 godina. Unato\u010d velikom porastu imigracije u posljednja dva desetlje\u0107a, kontinent jo\u0161 uvijek mora privu\u0107i dovoljno radnika \u010diji porezi mogu pokriti rastu\u0107e tro\u0161kove mirovina, analizira <a href=\"https:\/\/www.dw.com\/hr\/kako-rije%C5%A1iti-krizu-mirovinskih-sustava-u-eu-u\/a-69936330\" target=\"_blank\" rel=\"noreferrer noopener\">DW<\/a>.<\/p>\n\n\n\n<p>Ekonomisti predvi\u0111aju da \u0107e do 2050. godine u Europi biti manje od dva radnika na svakog umirovljenika, u usporedbi s tri koliko ih ima sada. U me\u0111uvremenu je godi\u0161nji tro\u0161ak za dr\u017eavne mirovine dosegnuo vi\u0161e od 10 posto bruto doma\u0107eg proizvoda (BDP) u 17 od 27 dr\u017eava \u010dlanica EU-a. Svih 17, osim jedne, nalaze se u Zapadnoj Europi. U Italiji i Gr\u010dkoj za mirovine se izdvaja vi\u0161e od 16 posto BDP-a.<\/p><div id=\"mojev-1712550774\" class=\"mojev-u-tekstu mojev-entity-placement\" style=\"margin-left: auto;margin-right: auto;text-align: center;\"><div class=\"mojev-adlabel\">oglas<\/div><div style=\"height: 250px;\"><script async src=\"https:\/\/pagead2.googlesyndication.com\/pagead\/js\/adsbygoogle.js?client=ca-pub-8106111766207173\"\r\n     crossorigin=\"anonymous\"><\/script>\r\n<!-- Prikazni 1 u tekstu -->\r\n<ins class=\"adsbygoogle\"\r\n     style=\"display:block\"\r\n     data-ad-client=\"ca-pub-8106111766207173\"\r\n     data-ad-slot=\"8535551207\"\r\n     data-ad-format=\"auto\"\r\n     data-full-width-responsive=\"true\"><\/ins>\r\n<script>\r\n     (adsbygoogle = window.adsbygoogle || []).push({});\r\n<\/script><\/div><\/div><br style=\"clear: both; display: block; float: none;\"\/>\n\n\n\n<h3 class=\"wp-block-heading\">Podizanje dobi za odlazak u mirovinu iritira starije<\/h3>\n\n\n\n<p>Kako bi se rije\u0161io problem enormnog rasta tih tro\u0161kova, nekoliko \u010dlanica EU-a reformiralo je svoje mirovinske sustave, uklju\u010duju\u0107i podizanje dobi za odlazak u mirovinu. U Francuskoj su, na primjer, pro\u0161le godine mjesecima trajale demonstracije zbog planova da se starosna dob za odlazak u mirovinu podigne sa 62 na 64 godine.<\/p>\n\n\n\n<p>Druge europske zemlje su oti\u0161le jo\u0161 dalje. Velika Britanija, na primjer, planira od sredine 2020-ih produ\u017eiti radni vijek do 68. godine.<\/p>\n\n\n\n<p>&#8220;Nizozemci su nedavno reformirali svoj mirovinski sustav, ali on ne posti\u017ee postavljene ciljeve&#8221;, ka\u017ee za <a href=\"https:\/\/www.dw.com\/hr\/kako-rije%C5%A1iti-krizu-mirovinskih-sustava-u-eu-u\/a-69936330\" target=\"_blank\" rel=\"noreferrer noopener\">DW<\/a> <strong>Hans van Meerten<\/strong>, profesor europskog mirovinskog prava na Sveu\u010dili\u0161tu u Utrechtu. &#8220;Ni u Njema\u010dkoj, Belgiji i mnogim drugim europskim zemljama ne vidim potrebne reforme.&#8221;<\/p>\n\n\n\n<p>Milijuni ljudi jo\u0161 uvijek ne upla\u0107uju u privatna mirovinska osiguranja kako bi si pove\u0107ali prihode u starosti. To dodatno optere\u0107uje javne financije. Podaci Eurobarometra od pro\u0161le godine pokazali su da samo 23 posto stanovnika EU-a ima profesionalni mirovinski plan, dok je samo 19 posto njih dopunilo dr\u017eavnu mirovinu privatnom. Brojke se znatno razlikuju me\u0111u \u010dlanicama Unije.<\/p>\n\n\n\n<p>Odvojeno istra\u017eivanje organizacije <em>Insurance Europe<\/em> pokazalo je da 39 posto ispitanika ne \u0161tedi za mirovinu. Taj broj je jo\u0161 ve\u0107i me\u0111u \u017eenama i radnicima starijima od 50 godina. A mnogi koji to \u010dine nezadovoljni su uvjetima \u0161tednje.<\/p>\n\n\n\n<h3 class=\"wp-block-heading\">Sporo uvo\u0111enje prenosive EU-mirovine<\/h3>\n\n\n\n<p>U o\u017eujku 2022. EU je uveo Paneuropski osobni mirovinski proizvod (PEPP). To je plan koji omogu\u0107uje radnicima da si osiguraju dodatnu mirovinu koja je u potpunosti prenosiva prilikom preseljenja u druge dr\u017eave EU-a. Plan je svima na raspolaganju, ali nije obvezuju\u0107i.<\/p>\n\n\n\n<p>Me\u0111utim, taj plan je uvela samo jedna zemlja &#8211; Slova\u010dka. &#8220;PEPP je na snazi ve\u0107 dvije i pol godine&#8221;, rekao je van Meerten, &#8220;ali veliki investicijski fondovi ka\u017eu da nemaju kapacitete da sami uvode PEPP i tra\u017ee partnere za to.&#8221;<\/p>\n\n\n\n<p>Prema rije\u010dima nekih stru\u010dnjaka, problem je i u tome \u0161to je PEPP previ\u0161e kompliciran. PEPP se tako\u0111er smatra nepo\u017eeljnom konkurencijom za investicijske fondove poput <em>BlackRocka<\/em> ili <em>Fidelityja<\/em>, \u010diji su najve\u0107i klijenti veliki nizozemski, norve\u0161ki i njema\u010dki mirovinski fondovi koji predstavljaju desetke milijuna europskih \u0161tedi\u0161a.<\/p>\n\n\n\n<p>Van Meerten se zala\u017ee za pojednostavljenje i ve\u0107u fleksibilnost PEPP-a, jer neke dr\u017eave EU-a ne daju tom mirovinskom planu iste porezne olak\u0161ice kao drugim privatnim mirovinskim fondovima.<\/p>\n\n\n\n<h3 class=\"wp-block-heading\">Zaposlenici tra\u017ee ve\u0107u fleksibilnost<\/h3>\n\n\n\n<p>Ljudima je, me\u0111utim, potrebna jo\u0161 ve\u0107a fleksibilnost kada je rije\u010d o njihovim investicijama i starosnoj dobi za odlazak u mirovinu. Pojava neo-brokera kao \u0161to su <em>Robinhood<\/em>, <em>eToro<\/em> i njema\u010dki <em>Trade Republic<\/em>, koji korisnicima omogu\u0107avaju upravljanje investicijama putem aplikacija na pametnim telefonima, donekle je zamijenila mnoge komplicirane mirovinske sustave Europe.<\/p>\n\n\n\n<p>Tradicionalni financijski pru\u017eatelji usluga tvrde da aplikacije za mobilno investiranje poti\u010du korisnike da preuzimaju nepotrebne rizike o kojima ne znaju dovoljno i da bi to moglo ugroziti njihove dugoro\u010dne prihode, dok prista\u0161e tog sustava tvrde da je on u\u010dinio investiranje jednostavnijim, jeftinijim i transparentnijim.<\/p>\n\n\n\n<p>U budu\u0107nosti bi vi\u0161e vlada \u010dlanica EU-a moglo dopustiti zaposlenicima da dio svojih dr\u017eavnih mirovinskih u\u0161te\u0111evina izravno ula\u017eu na burzi, kao \u0161to je to slu\u010daj u \u0160vedskoj. Van Meerten vjeruje da bi zaposleni bili bolje motivirani za \u0161tednju ako bi imali ve\u0107u kontrolu nad na\u010dinima na koji se njihova sredstva ula\u017eu.<\/p>\n\n\n\n<p>&#8220;\u017delite li da va\u0161a \u0161tednja bude zelena? \u017delite li investirati u Izrael ili ne? Neka pojedinac odlu\u010di. Za\u0161to bi socijalni partneri ili sindikati odlu\u010divali o tome umjesto vas?&#8221;, zapitao se on, misle\u0107i na privatne mirovinske planove koje ne kontroliraju sami korisnici.<\/p>\n\n\n\n<p><strong>Arnaud Houdmont <\/strong>iz organizacije <em>Better finance<\/em> upozorava da \u0107e do\u0107i dan kada \u0107e se te\u017ei\u0161te procesa prebaciti s javnih na privatne mirovinske sustave \u0161tednje, ali da \u0161tedi\u0161e za to nisu spremne. &#8220;Postoji velika vjerojatnost da \u0107e sljede\u0107a generacija Europljana u mirovinu oti\u0107i znatno siroma\u0161nija i kasnije nego prethodne generacije&#8221;, rekao je.<\/p>\n<div id=\"mojev-679608393\" class=\"mojev-kraj-teksta mojev-entity-placement\" style=\"margin-bottom: 20px;margin-left: auto;margin-right: auto;text-align: center;\"><div class=\"mojev-adlabel\">oglas<\/div><div style=\"height: 250px;\"><script async src=\"https:\/\/pagead2.googlesyndication.com\/pagead\/js\/adsbygoogle.js?client=ca-pub-8106111766207173\"\r\n     crossorigin=\"anonymous\"><\/script>\r\n<!-- Display-1 -->\r\n<ins class=\"adsbygoogle\"\r\n     style=\"display:block\"\r\n     data-ad-client=\"ca-pub-8106111766207173\"\r\n     data-ad-slot=\"1465712950\"\r\n     data-ad-format=\"auto\"\r\n     data-full-width-responsive=\"true\"><\/ins>\r\n<script>\r\n     (adsbygoogle = window.adsbygoogle || []).push({});\r\n<\/script><\/div><\/div>","protected":false},"excerpt":{"rendered":"<p>U budu\u0107nosti bi vi\u0161e vlada \u010dlanica EU-a moglo dopustiti zaposlenicima da dio svojih dr\u017eavnih mirovinskih u\u0161te\u0111evina izravno ula\u017eu na burzi, kao \u0161to je to slu\u010daj u \u0160vedskoj.<\/p>\n","protected":false},"author":1,"featured_media":105227,"comment_status":"closed","ping_status":"closed","sticky":false,"template":"","format":"standard","meta":{"footnotes":""},"categories":[9],"tags":[574,18,4135],"class_list":["post-113380","post","type-post","status-publish","format-standard","has-post-thumbnail","hentry","category-vijesti","tag-europska-unija","tag-mirovine","tag-pepp"],"_links":{"self":[{"href":"https:\/\/www.mojevrijeme.hr\/magazin\/wp-json\/wp\/v2\/posts\/113380","targetHints":{"allow":["GET"]}}],"collection":[{"href":"https:\/\/www.mojevrijeme.hr\/magazin\/wp-json\/wp\/v2\/posts"}],"about":[{"href":"https:\/\/www.mojevrijeme.hr\/magazin\/wp-json\/wp\/v2\/types\/post"}],"author":[{"embeddable":true,"href":"https:\/\/www.mojevrijeme.hr\/magazin\/wp-json\/wp\/v2\/users\/1"}],"replies":[{"embeddable":true,"href":"https:\/\/www.mojevrijeme.hr\/magazin\/wp-json\/wp\/v2\/comments?post=113380"}],"version-history":[{"count":0,"href":"https:\/\/www.mojevrijeme.hr\/magazin\/wp-json\/wp\/v2\/posts\/113380\/revisions"}],"wp:featuredmedia":[{"embeddable":true,"href":"https:\/\/www.mojevrijeme.hr\/magazin\/wp-json\/wp\/v2\/media\/105227"}],"wp:attachment":[{"href":"https:\/\/www.mojevrijeme.hr\/magazin\/wp-json\/wp\/v2\/media?parent=113380"}],"wp:term":[{"taxonomy":"category","embeddable":true,"href":"https:\/\/www.mojevrijeme.hr\/magazin\/wp-json\/wp\/v2\/categories?post=113380"},{"taxonomy":"post_tag","embeddable":true,"href":"https:\/\/www.mojevrijeme.hr\/magazin\/wp-json\/wp\/v2\/tags?post=113380"}],"curies":[{"name":"wp","href":"https:\/\/api.w.org\/{rel}","templated":true}]}}