{"id":113395,"date":"2024-08-18T09:42:34","date_gmt":"2024-08-18T07:42:34","guid":{"rendered":"https:\/\/www.mojevrijeme.hr\/magazin\/?p=113395"},"modified":"2024-08-18T09:51:01","modified_gmt":"2024-08-18T07:51:01","slug":"umro-je-legendarni-alain-delon-trazio-je-eutanaziju-i-mrzio-starenje","status":"publish","type":"post","link":"https:\/\/www.mojevrijeme.hr\/magazin\/2024\/08\/umro-je-legendarni-alain-delon-trazio-je-eutanaziju-i-mrzio-starenje\/","title":{"rendered":"Umro je legendarni Alain Delon, tra\u017eio je eutanaziju i mrzio starenje"},"content":{"rendered":"\n<p>Gluma\u010dka legenda zlatnog doba francuskog filma, <strong>Alain Delon<\/strong>, preminuo je u dobi od 88 godina. &#8220;Alain Fabien, Anouchka, Anthony, kao i (njegov pas) Loubo, s dubokom tugom objavljuju smrt svog oca. Preminuo je mirno u svom domu u Douchyju, okru\u017een sa svoje troje djece i svojom obitelji&#8221; stoji u obiteljskoj izjavi za AFP. Delon je posljednjih godina bio lo\u0161eg zdravlja i povukao se iz javnog \u017eivota. <\/p>\n\n\n\n<p>U novije vrijeme, raspad glum\u010deve obitelji bio je sredi\u0161nja tema francuskih \u017eutih medija. U javnosti su njegovi nasljednici komunicirali kroz niz uvreda, optu\u017ebi, tu\u017ebi i tajnih snimaka, uklju\u010duju\u0107i i nesuglasice oko o\u010devog lije\u010denja.<\/p>\n\n\n\n<p>U travnju ove godine sud mu je ograni\u010dio raspolaganje vlastitom imovinom. U velja\u010di je policija zaplijenila 72 komada vatrenog oru\u017eja i 3.000 komada streljiva koje je posjedovao na jednom od imanja, iako nije imao oru\u017eanu dozvolu. Na njegovom imanju u Douchy-Montcorbonu tako\u0111er je prona\u0111en strelja\u010dki poligon.<\/p><div id=\"mojev-4187886731\" class=\"mojev-u-tekstu mojev-entity-placement\" style=\"margin-left: auto;margin-right: auto;text-align: center;\"><div class=\"mojev-adlabel\">oglas<\/div><div style=\"height: 250px;\"><script async src=\"https:\/\/pagead2.googlesyndication.com\/pagead\/js\/adsbygoogle.js?client=ca-pub-8106111766207173\"\r\n     crossorigin=\"anonymous\"><\/script>\r\n<!-- Prikazni 1 u tekstu -->\r\n<ins class=\"adsbygoogle\"\r\n     style=\"display:block\"\r\n     data-ad-client=\"ca-pub-8106111766207173\"\r\n     data-ad-slot=\"8535551207\"\r\n     data-ad-format=\"auto\"\r\n     data-full-width-responsive=\"true\"><\/ins>\r\n<script>\r\n     (adsbygoogle = window.adsbygoogle || []).push({});\r\n<\/script><\/div><\/div><br style=\"clear: both; display: block; float: none;\"\/>\n\n\n\n<p>Glumac poznat po ulogama opakih momaka zadnje je godine proveo u ogor\u010denosti. &#8220;Ostarjeti je sranje! A mi tu ne mo\u017eemo ni\u0161ta. Gubimo izgled i vid, ustanemo i boli nas jebeni gle\u017eanj. To su stra\u0161ne muke\u201d, kazao je prije dvije godine za francuske medije nakon \u0161to se oporavio od mo\u017edanog udara kojeg je do\u017eivio 2019. godine.<\/p>\n\n\n\n<p>Zbog toga je jo\u0161 tada odu\u010dio oti\u0107i pod svojim uvjetima i zamolio svog sina Anthonyja da mu pomogne okon\u010dati \u017eivot. \u201cKad ostarimo, imamo pravo tiho iz \u017eivota oti\u0107i u pakao, bez bolnica i injekcija\u201d, rekao je. No nema potvrde da je svoju najavu stvarno proveo u djelo. <\/p>\n\n\n\n<p>Njegov sin, Anthony, ne taj je na\u010din ve\u0107 ispratio majku, tako\u0111er poznatu francusku glumicu\u00a0<strong>Nathalie Delon<\/strong>, koja je s gluma\u010dkom legendom Alainom bila u braku od 1962. do 1968. &#8220;Istina je da sam ispratio mamu. Odlu\u010dila je umrijeti kako je i \u017eivjela, odnosno kako i kada ona to odlu\u010di pa je izabrala eutanaziju&#8221;, rekao je Antony.<\/p>\n<div id=\"mojev-3398356076\" class=\"mojev-kraj-teksta mojev-entity-placement\" style=\"margin-bottom: 20px;margin-left: auto;margin-right: auto;text-align: center;\"><div class=\"mojev-adlabel\">oglas<\/div><div style=\"height: 250px;\"><script async src=\"https:\/\/pagead2.googlesyndication.com\/pagead\/js\/adsbygoogle.js?client=ca-pub-8106111766207173\"\r\n     crossorigin=\"anonymous\"><\/script>\r\n<!-- Display-1 -->\r\n<ins class=\"adsbygoogle\"\r\n     style=\"display:block\"\r\n     data-ad-client=\"ca-pub-8106111766207173\"\r\n     data-ad-slot=\"1465712950\"\r\n     data-ad-format=\"auto\"\r\n     data-full-width-responsive=\"true\"><\/ins>\r\n<script>\r\n     (adsbygoogle = window.adsbygoogle || []).push({});\r\n<\/script><\/div><\/div>","protected":false},"excerpt":{"rendered":"<p>Alain Delon, gluma\u010dka ikona francuskog filma, preminuo je u krugu obitelji. Obiteljske drame obilje\u017eile su mu zadnje godine \u017eivota, uklju\u010duju\u0107i borbu za imovinu i zapljenu ilegalnog oru\u017eja.<\/p>\n","protected":false},"author":1,"featured_media":113396,"comment_status":"closed","ping_status":"closed","sticky":false,"template":"","format":"standard","meta":{"footnotes":""},"categories":[84],"tags":[1044,326,201,724],"class_list":["post-113395","post","type-post","status-publish","format-standard","has-post-thumbnail","hentry","category-show","tag-alain-delon","tag-eutanazija","tag-glumci","tag-in-memoriam"],"_links":{"self":[{"href":"https:\/\/www.mojevrijeme.hr\/magazin\/wp-json\/wp\/v2\/posts\/113395","targetHints":{"allow":["GET"]}}],"collection":[{"href":"https:\/\/www.mojevrijeme.hr\/magazin\/wp-json\/wp\/v2\/posts"}],"about":[{"href":"https:\/\/www.mojevrijeme.hr\/magazin\/wp-json\/wp\/v2\/types\/post"}],"author":[{"embeddable":true,"href":"https:\/\/www.mojevrijeme.hr\/magazin\/wp-json\/wp\/v2\/users\/1"}],"replies":[{"embeddable":true,"href":"https:\/\/www.mojevrijeme.hr\/magazin\/wp-json\/wp\/v2\/comments?post=113395"}],"version-history":[{"count":0,"href":"https:\/\/www.mojevrijeme.hr\/magazin\/wp-json\/wp\/v2\/posts\/113395\/revisions"}],"wp:featuredmedia":[{"embeddable":true,"href":"https:\/\/www.mojevrijeme.hr\/magazin\/wp-json\/wp\/v2\/media\/113396"}],"wp:attachment":[{"href":"https:\/\/www.mojevrijeme.hr\/magazin\/wp-json\/wp\/v2\/media?parent=113395"}],"wp:term":[{"taxonomy":"category","embeddable":true,"href":"https:\/\/www.mojevrijeme.hr\/magazin\/wp-json\/wp\/v2\/categories?post=113395"},{"taxonomy":"post_tag","embeddable":true,"href":"https:\/\/www.mojevrijeme.hr\/magazin\/wp-json\/wp\/v2\/tags?post=113395"}],"curies":[{"name":"wp","href":"https:\/\/api.w.org\/{rel}","templated":true}]}}