{"id":113577,"date":"2024-08-20T13:26:53","date_gmt":"2024-08-20T11:26:53","guid":{"rendered":"https:\/\/www.mojevrijeme.hr\/magazin\/?p=113577"},"modified":"2024-08-20T13:27:53","modified_gmt":"2024-08-20T11:27:53","slug":"poznat-je-datum-prosvjeda-hoce-li-umirovljenici-konacno-izaci-na-cestu","status":"publish","type":"post","link":"https:\/\/www.mojevrijeme.hr\/magazin\/2024\/08\/poznat-je-datum-prosvjeda-hoce-li-umirovljenici-konacno-izaci-na-cestu\/","title":{"rendered":"Poznat je datum prosvjeda: Ho\u0107e li umirovljenici kona\u010dno iza\u0107i na cestu?"},"content":{"rendered":"\n<p>Zbog rastu\u0107eg siroma\u0161tva i upornog ignoriranja umirovljenika od strane Vlade ovogodi\u0161nji Me\u0111unarodni dan starijih osoba 1. listopada bit \u0107e u znaku prosvjeda na zagreba\u010dkom Trgu bana Jela\u010di\u0107a, najavila je stranka Blok umirovljenici zajedno (BUZ). <\/p>\n\n\n\n<p>&#8220;Uz enormno podizanje pla\u0107a ministrima Vlada je da bi uti\u0161ala bijes umirovljenika jo\u0161 jednom pribjegla uobi\u010dajenoj taktici mrkve (i batine) ponudiv\u0161i obe\u0107anje da \u0107e do kraja godine razmotriti promjenu formule za uskla\u0111enje mirovina sa sada\u0161njih 70:30 na 85:15, zaboraviv\u0161i da je ista ve\u0107 trebala biti u primjeni od 1. srpnja ove godine, kao i da radi o jedva desetak eura razlike&#8221;, navodi u priop\u0107enju BUZ.<\/p>\n\n\n\n<p>U ovoj su stranci nezadovoljni i aktualiziranjem obe\u0107anja o stalnom jednokratnom godi\u0161njem dodatku na mirovinu. Ka\u017eu, takozvana 13. mirovina bi iznosila od 150 do 200 eura mjese\u010dno, \u010dim se ignorira \u010dinjenica da su &#8220;radni\u010dke mirovine&#8221; radi lo\u0161e formule za izra\u010dun svaki mjesec umanjene za vi\u0161e od 200 eura.<\/p><div id=\"mojev-3532796107\" class=\"mojev-u-tekstu mojev-entity-placement\" style=\"margin-left: auto;margin-right: auto;text-align: center;\"><div class=\"mojev-adlabel\">oglas<\/div><div style=\"height: 250px;\"><script async src=\"https:\/\/pagead2.googlesyndication.com\/pagead\/js\/adsbygoogle.js?client=ca-pub-8106111766207173\"\r\n     crossorigin=\"anonymous\"><\/script>\r\n<!-- Prikazni 1 u tekstu -->\r\n<ins class=\"adsbygoogle\"\r\n     style=\"display:block\"\r\n     data-ad-client=\"ca-pub-8106111766207173\"\r\n     data-ad-slot=\"8535551207\"\r\n     data-ad-format=\"auto\"\r\n     data-full-width-responsive=\"true\"><\/ins>\r\n<script>\r\n     (adsbygoogle = window.adsbygoogle || []).push({});\r\n<\/script><\/div><\/div><br style=\"clear: both; display: block; float: none;\"\/>\n\n\n\n<p>&#8220;Vlada ni za mlade nema razumijevanja, \u010dak ni kada se govori o mogu\u0107nosti priznavanja u radni sta\u017e godine redovnog trajanja studiranja \u0161to je u nizu \u010dlanica EU, upravo onih \u010dlanica u koje na\u0161i najobrazovniji ljudi doslovno bje\u017ee, ve\u0107 odavno omogu\u0107eno. Prijete\u0107i \u0161trajkom 250 tisu\u0107a zaposlenika u dr\u017eavnoj i javnoj slu\u017ebi su nedavno sebi osigurali zna\u010dajno pove\u0107anje pla\u0107a \u0161to podr\u017eavamo, no ne mo\u017eemo se pomiriti sa \u010dinjenicom da su umirovljenici ponovo zaboravljeni, da su sa svakim &#8216;rekordnim&#8217; uskla\u0111ivanjem mirovina sve siroma\u0161niji.&#8221;<\/p>\n\n\n\n<p>&#8220;Ne mo\u017eemo prijetiti \u0161trajkom ali zato mo\u017eemo iza\u0107i na ulice i trgove i kona\u010dno pokazati da su umirovljenici snaga koja se mora respektirati. U kakvom to dru\u0161tvu \u017eivimo ako Vlada smatra normalnim da vi\u0161e od polovine umirovljenika prima mirovinu sa kojom jedva pre\u017eivljava, da je sve vi\u0161e umirovljenika u redu ispred pu\u010dkih kuhinja, da su mnogi doslovno prisiljeni kopati po kontejnerima, kao i da je sve vi\u0161e umirovljenika koji su prisiljeni tra\u017eiti dodatni posao&#8221;, stoji u priop\u0107enju Bloka umirovljenici zajedno. <\/p>\n<div id=\"mojev-1127351855\" class=\"mojev-kraj-teksta mojev-entity-placement\" style=\"margin-bottom: 20px;margin-left: auto;margin-right: auto;text-align: center;\"><div class=\"mojev-adlabel\">oglas<\/div><div style=\"height: 250px;\"><script async src=\"https:\/\/pagead2.googlesyndication.com\/pagead\/js\/adsbygoogle.js?client=ca-pub-8106111766207173\"\r\n     crossorigin=\"anonymous\"><\/script>\r\n<!-- Display-1 -->\r\n<ins class=\"adsbygoogle\"\r\n     style=\"display:block\"\r\n     data-ad-client=\"ca-pub-8106111766207173\"\r\n     data-ad-slot=\"1465712950\"\r\n     data-ad-format=\"auto\"\r\n     data-full-width-responsive=\"true\"><\/ins>\r\n<script>\r\n     (adsbygoogle = window.adsbygoogle || []).push({});\r\n<\/script><\/div><\/div>","protected":false},"excerpt":{"rendered":"<p>Pozivamo udruge i politi\u010dke stranke umirovljeni\u010dkog predznaka koje nisu slizane s vla\u0161\u0107u, kao i sve druge koji se smatraju egzistencijalno ugro\u017eenima politikom Vlade, da nam se pridru\u017ee u zajedni\u010dkoj borbi, objavio je BUZ.<\/p>\n","protected":false},"author":1,"featured_media":93428,"comment_status":"closed","ping_status":"closed","sticky":false,"template":"","format":"standard","meta":{"footnotes":""},"categories":[9],"tags":[403,3682],"class_list":["post-113577","post","type-post","status-publish","format-standard","has-post-thumbnail","hentry","category-vijesti","tag-blok-umirovljenici-zajedno","tag-prosvjed"],"_links":{"self":[{"href":"https:\/\/www.mojevrijeme.hr\/magazin\/wp-json\/wp\/v2\/posts\/113577","targetHints":{"allow":["GET"]}}],"collection":[{"href":"https:\/\/www.mojevrijeme.hr\/magazin\/wp-json\/wp\/v2\/posts"}],"about":[{"href":"https:\/\/www.mojevrijeme.hr\/magazin\/wp-json\/wp\/v2\/types\/post"}],"author":[{"embeddable":true,"href":"https:\/\/www.mojevrijeme.hr\/magazin\/wp-json\/wp\/v2\/users\/1"}],"replies":[{"embeddable":true,"href":"https:\/\/www.mojevrijeme.hr\/magazin\/wp-json\/wp\/v2\/comments?post=113577"}],"version-history":[{"count":0,"href":"https:\/\/www.mojevrijeme.hr\/magazin\/wp-json\/wp\/v2\/posts\/113577\/revisions"}],"wp:featuredmedia":[{"embeddable":true,"href":"https:\/\/www.mojevrijeme.hr\/magazin\/wp-json\/wp\/v2\/media\/93428"}],"wp:attachment":[{"href":"https:\/\/www.mojevrijeme.hr\/magazin\/wp-json\/wp\/v2\/media?parent=113577"}],"wp:term":[{"taxonomy":"category","embeddable":true,"href":"https:\/\/www.mojevrijeme.hr\/magazin\/wp-json\/wp\/v2\/categories?post=113577"},{"taxonomy":"post_tag","embeddable":true,"href":"https:\/\/www.mojevrijeme.hr\/magazin\/wp-json\/wp\/v2\/tags?post=113577"}],"curies":[{"name":"wp","href":"https:\/\/api.w.org\/{rel}","templated":true}]}}