{"id":113615,"date":"2024-08-21T16:41:01","date_gmt":"2024-08-21T14:41:01","guid":{"rendered":"https:\/\/www.mojevrijeme.hr\/magazin\/?p=113615"},"modified":"2024-08-21T16:42:40","modified_gmt":"2024-08-21T14:42:40","slug":"mika-62-zivjela-sam-s-bakom-i-djedom-majka-i-tu-kucu-ostavlja-polubratu","status":"publish","type":"post","link":"https:\/\/www.mojevrijeme.hr\/magazin\/2024\/08\/mika-62-zivjela-sam-s-bakom-i-djedom-majka-i-tu-kucu-ostavlja-polubratu\/","title":{"rendered":"Mika (62): &#8216;\u017divjela sam s bakom i djedom, majka i tu ku\u0107u ostavlja polubratu&#8217;"},"content":{"rendered":"\n<p>Umirovljenica Mika (62) posljednjih 12 godina, otkako se razvela, \u017eivi sama u tro\u0161noj ku\u0107i u kojoj odrasla uz baku i djeda. Ima malu mirovinu, blokiran ra\u010dun i te\u0161ko je bolesna, zato joj treba du\u0161evni mir. No, polubrat joj stvara probleme jer \u017eeli nasljedstvo \u010dak i nad tom ku\u0107om, iako mu je majka prepisala pove\u0107i stan.<\/p>\n\n\n\n<p>&#8220;Imam malu mirovinu i ku\u0107a u kojoj \u017eivim nije u najboljem stanju, ali to je ku\u0107a u kojoj sam odrasla samo s bakom i djedom, majka me nikad nije odgajala. Ona je \u017eivjela u svom trosobnom stanu i taj je stan ve\u0107 prepisala na mog polubrata. No, kako je od svojih roditelja ona naslijedila i ovu ku\u0107u, sada sam u situaciji da polubrat majku &#8216;grli i ljubi&#8217; i svaki je dan nagovara da mu je prepi\u0161e.&#8221;<\/p>\n\n\n\n<h3 class=\"wp-block-heading\">Brat kao majstor manipulacije<\/h3>\n\n\n\n<p>&#8220;Nemam mogu\u0107nosti sudjelovati u adaptaciji ku\u0107e, a oni ve\u0107 govore kako joj je polubrat pomogao kod renoviranja, \u0161to nije istina. Smatram da je nepo\u0161teno djecu ucjenjivati i dopu\u0161tati nekome da koristi starost i nemo\u0107 roditelja kako bi se manipulacijama do\u010depao imovine. Kao starija k\u0107i imam pravo na nu\u017eni dio, uz \u010dinjenicu da sam u toj ku\u0107i odrasla i da majka nikada nije brinula o meni. \u010cini se da \u0107e me zbog svega \u010dekati sudski postupak kojim \u0107u morati poku\u0161ati ostvariti i to svoje pravo&#8221;, obja\u0161njava gospo\u0111a Mika u pismu.<\/p><div id=\"mojev-3393926736\" class=\"mojev-u-tekstu mojev-entity-placement\" style=\"margin-left: auto;margin-right: auto;text-align: center;\"><div class=\"mojev-adlabel\">oglas<\/div><div style=\"height: 250px;\"><script async src=\"https:\/\/pagead2.googlesyndication.com\/pagead\/js\/adsbygoogle.js?client=ca-pub-8106111766207173\"\r\n     crossorigin=\"anonymous\"><\/script>\r\n<!-- Prikazni 1 u tekstu -->\r\n<ins class=\"adsbygoogle\"\r\n     style=\"display:block\"\r\n     data-ad-client=\"ca-pub-8106111766207173\"\r\n     data-ad-slot=\"8535551207\"\r\n     data-ad-format=\"auto\"\r\n     data-full-width-responsive=\"true\"><\/ins>\r\n<script>\r\n     (adsbygoogle = window.adsbygoogle || []).push({});\r\n<\/script><\/div><\/div><br style=\"clear: both; display: block; float: none;\"\/>\n\n\n\n<p>Savjeti koje oko sli\u010dnih tema i dilema navode psiholozi i <a href=\"https:\/\/www.mojevrijeme.hr\/magazin\/category\/povjerljivo\/draga-ksenija\/\">\u017eivotni savjetnici<\/a>, \u010dita ona, glase da je najva\u017enije sjesti za stol i dogovoriti se. &#8220;E pa, to u mojoj obitelji nitko ne\u0107e uva\u017eiti jer se takve stvari kod nas rade iza le\u0111a i u \u010detiri oka. Majka namjerno odbija moju pomo\u0107, pa \u010dak i da joj po\u010distim po stanu, a sve kako bi mogla re\u0107i da je sve pomogao polubrat. On mi pak svesrdno stvara probleme jer mu je ve\u0107 obe\u0107ana ku\u0107a.&#8221;<\/p>\n\n\n\n<h3 class=\"wp-block-heading\">Zagor\u010dava joj \u017eivot<\/h3>\n\n\n\n<p>&#8220;Ide toliko daleko da mi je kod popravka cijevi u mojoj kuhinji namjerno za\u010depio odvod vode, a kod radova u kupaonici mi je zatvorio toplu vodu. Svi znaju da sam onkolo\u0161ki bolesnik i dijabeti\u010dar. Pa kako mi mo\u017ee tako zagor\u010davati \u017eivot? Imam 62 godine i blokiran ra\u010dun jer sam uslijed razvoda nakon 30 godina braka gola i bosa iza\u0161la iz suprugove ku\u0107e. Ta ku\u0107a je glasila na svekrvu i time se ta obitelj za\u0161titila da meni ne pripadne ni\u0161ta. Kad je svekrva umrla naslijedio ju je biv\u0161i suprug, iako sam tijekom godina radila i uzimala kredite za dovr\u0161enje te ku\u0107e&#8221;, priznaje nam.&nbsp;<\/p>\n\n\n\n<p>Ni centa, svjedo\u010di, nije dobila nakon razvoda, a krediti su joj ostali. &#8220;U jednom trenutku mi je blokiran ra\u010dun jer vi\u0161e nisam mogla podmirivati kredite. Ponovo isti\u010dem da svaka \u017eivotna pri\u010da ima i drugu stranu. Rado \u010ditam \u017eivotna iskustva va\u0161ih \u010ditatelja, kao i va\u0161e savjete, no na \u017ealost savjeti nisu uvijek primjenjivi na sve i \u010dini se da ne vrijede za moj slu\u010daj jer tu razgovora nema&#8221;, napisala je gospo\u0111a Mika isti\u010du\u0107i jo\u0161 jednom da je naj\u017ealosnije kad \u010dlanovi obitelji ne znaju sjesti za stol, razgovarati i dogovoriti se, umjesto povla\u010denja po sudovima.&nbsp;<\/p>\n\n\n\n<div id=\"crveno\"><\/p>\n\n\n\n<h3 class=\"wp-block-heading\">Zanima nas va\u0161a pri\u010da<\/h3>\n\n\n\n<p>\u017delite li i vi, posve anonimno, podijeliti svoje iskustvo i vi\u0111enje ove teme s nama i na\u0161im \u010ditateljima, mo\u017eete to u\u010diniti putem web obrasca <a rel=\"noreferrer noopener\" href=\"https:\/\/www.mojevrijeme.hr\/magazin\/povjerljivo\/\" target=\"_blank\">Povjerljivo<\/a>. Napi\u0161ite svoju pri\u010du!<\/p>\n\n\n\n<p><\/div>\n<div id=\"mojev-172117804\" class=\"mojev-kraj-teksta mojev-entity-placement\" style=\"margin-bottom: 20px;margin-left: auto;margin-right: auto;text-align: center;\"><div class=\"mojev-adlabel\">oglas<\/div><div style=\"height: 250px;\"><script async src=\"https:\/\/pagead2.googlesyndication.com\/pagead\/js\/adsbygoogle.js?client=ca-pub-8106111766207173\"\r\n     crossorigin=\"anonymous\"><\/script>\r\n<!-- Display-1 -->\r\n<ins class=\"adsbygoogle\"\r\n     style=\"display:block\"\r\n     data-ad-client=\"ca-pub-8106111766207173\"\r\n     data-ad-slot=\"1465712950\"\r\n     data-ad-format=\"auto\"\r\n     data-full-width-responsive=\"true\"><\/ins>\r\n<script>\r\n     (adsbygoogle = window.adsbygoogle || []).push({});\r\n<\/script><\/div><\/div>","protected":false},"excerpt":{"rendered":"<p>Gospo\u0111a Mika, 62-godi\u0161nja umirovljenica, suo\u010dava se s te\u0161kim \u017eivotnim izazovima. Nakon smrti bake i djeda koji su je odgajali, ostala je sama u ku\u0107i koja sada postaje predmet sukoba s polubratom, iako je on ve\u0107 naslijedio maj\u010din stan. Frustracije zbog obiteljskih nesuglasica samo pogor\u0161avaju njezine dvije ozbiljne bolesti.<\/p>\n","protected":false},"author":17,"featured_media":113692,"comment_status":"closed","ping_status":"closed","sticky":false,"template":"","format":"standard","meta":{"footnotes":""},"categories":[3552],"tags":[2432,803,3437],"class_list":["post-113615","post","type-post","status-publish","format-standard","has-post-thumbnail","hentry","category-povjerljivo","tag-nasljedstvo","tag-nekretnine","tag-obiteljski-odnosi"],"_links":{"self":[{"href":"https:\/\/www.mojevrijeme.hr\/magazin\/wp-json\/wp\/v2\/posts\/113615","targetHints":{"allow":["GET"]}}],"collection":[{"href":"https:\/\/www.mojevrijeme.hr\/magazin\/wp-json\/wp\/v2\/posts"}],"about":[{"href":"https:\/\/www.mojevrijeme.hr\/magazin\/wp-json\/wp\/v2\/types\/post"}],"author":[{"embeddable":true,"href":"https:\/\/www.mojevrijeme.hr\/magazin\/wp-json\/wp\/v2\/users\/17"}],"replies":[{"embeddable":true,"href":"https:\/\/www.mojevrijeme.hr\/magazin\/wp-json\/wp\/v2\/comments?post=113615"}],"version-history":[{"count":0,"href":"https:\/\/www.mojevrijeme.hr\/magazin\/wp-json\/wp\/v2\/posts\/113615\/revisions"}],"wp:featuredmedia":[{"embeddable":true,"href":"https:\/\/www.mojevrijeme.hr\/magazin\/wp-json\/wp\/v2\/media\/113692"}],"wp:attachment":[{"href":"https:\/\/www.mojevrijeme.hr\/magazin\/wp-json\/wp\/v2\/media?parent=113615"}],"wp:term":[{"taxonomy":"category","embeddable":true,"href":"https:\/\/www.mojevrijeme.hr\/magazin\/wp-json\/wp\/v2\/categories?post=113615"},{"taxonomy":"post_tag","embeddable":true,"href":"https:\/\/www.mojevrijeme.hr\/magazin\/wp-json\/wp\/v2\/tags?post=113615"}],"curies":[{"name":"wp","href":"https:\/\/api.w.org\/{rel}","templated":true}]}}