{"id":113758,"date":"2024-08-23T14:24:57","date_gmt":"2024-08-23T12:24:57","guid":{"rendered":"https:\/\/www.mojevrijeme.hr\/magazin\/?p=113758"},"modified":"2024-08-23T14:35:25","modified_gmt":"2024-08-23T12:35:25","slug":"posjetite-roditelje-u-domu-da-se-jednog-dana-ne-biste-tukli-po-glavi","status":"publish","type":"post","link":"https:\/\/www.mojevrijeme.hr\/magazin\/2024\/08\/posjetite-roditelje-u-domu-da-se-jednog-dana-ne-biste-tukli-po-glavi\/","title":{"rendered":"Posjetite roditelje u domu da se jednog dana ne biste tukli po glavi"},"content":{"rendered":"\n<p>&#8220;Te\u0161ko mi je i prisjetiti se dana kad sam tatu prvi put ostavio u domu za stare i nemo\u0107ne.&#8221; Stoji to u ispovijesti sina koji je za brojnih posjeta ocu iz dana u dan otkrivao koliko ljude u domu bli\u017enji zanemaruju. Pa \u010dak i djeca, zaklju\u010dio je, mogu biti okrutna prema roditeljima koje ne posje\u0107uju.<\/p>\n\n\n\n<p>&#8220;Provodio sam gotovo svaki dan barem malo vremena s tatom, provjeravaju\u0107i prilago\u0111ava li se dobro novoj okolini, jede li, odr\u017eava li higijenu. Slamalo mi se srce kad bih u\u0161ao u njegovu sobu i ugledao ga kako samo zuri kroz prozor na 5. katu. &#8216;Brojim ptice&#8217;, znao mi je re\u0107i. I koliko god mi je bilo te\u0161ko vidjeti tatu u takvim izdanjima, nikad nisam odustao od njega i prestao i\u0107i k njemu. Radio sam puno radno vrijeme, ponekad prekovremene, ali mi je najva\u017enije bilo da ga svaki dan barem nakratko vidim.&#8221;<\/p>\n\n\n\n<p>Nije mu dugo trebalo da shvati da je jedan od rijetkih koji u\u010destalo posje\u0107uju voljenu osobu. &#8220;Sprijateljio sam se s voditeljicom doma koja je \u010desto bila na porti. Nikako nisam mogao shvatiti za\u0161to tolike ljude, koje sam sada ve\u0107 poznavao, nitko ne posje\u0107uje. Pitao sam je za\u0161to je tome tako, a njen odgovor nikada ne\u0107u zaboraviti. Rekla je da nema ve\u0107eg zlo\u010dina na ovom svijetu od toga da djeca ostave roditelje na pragu stara\u010dkog doma i odvezu se zauvijek.&#8221;<\/p><div id=\"mojev-4066969024\" class=\"mojev-u-tekstu mojev-entity-placement\" style=\"margin-left: auto;margin-right: auto;text-align: center;\"><div class=\"mojev-adlabel\">oglas<\/div><div style=\"height: 250px;\"><script async src=\"https:\/\/pagead2.googlesyndication.com\/pagead\/js\/adsbygoogle.js?client=ca-pub-8106111766207173\"\r\n     crossorigin=\"anonymous\"><\/script>\r\n<!-- Prikazni 1 u tekstu -->\r\n<ins class=\"adsbygoogle\"\r\n     style=\"display:block\"\r\n     data-ad-client=\"ca-pub-8106111766207173\"\r\n     data-ad-slot=\"8535551207\"\r\n     data-ad-format=\"auto\"\r\n     data-full-width-responsive=\"true\"><\/ins>\r\n<script>\r\n     (adsbygoogle = window.adsbygoogle || []).push({});\r\n<\/script><\/div><\/div><br style=\"clear: both; display: block; float: none;\"\/>\n\n\n\n<h3 class=\"wp-block-heading\">Jadni izgovori<\/h3>\n\n\n\n<p>&#8220;Potom mi je rekla da se nagledala \u0161ti\u0107enika koji bi svaki put kad bi se otvorila vrata okrenuli glave da vide je li do\u0161ao netko njihov. Pitao sam je \u017eive li mo\u017eda ta djeca stotine kilometara od stara\u010dkog doma. Odgovorila je da se radi o djeci koja su udaljena tek petnaestak minuta vo\u017enje, ali im je lak\u0161e samo nazvati i pitati kako su im je tata ili mama. Ona bi im odgovorila da bi ih trebali posjetiti, a zauzvrat bi dobivala najjadnije mogu\u0107e izgovore. To je stra\u0161no!&#8221;<\/p>\n\n\n\n<p>Izrasli smo, pi\u0161e ovaj sin, u sebi\u010dno dru\u0161tvo. &#8220;Ja, ja i samo ja. Po\u010deo sam razmi\u0161ljati o tome da mora postojati posebno mjesto u paklu rezervirano za ljude koji su u stanju ovako \u0161utnuti i odbaciti\u00a0svoje roditelje. Koliko puta \u010dujemo kako ljudi naglas \u017eale \u0161to nisu proveli vi\u0161e vremena s tatom i mamom kad je ve\u0107 kasno za to. Jako sam sretan jer to nikada nisam morao re\u0107i. Tata, mama i ja razgovarali smo o svemu i sva\u010demu. Nedostaju mi oboje.&#8221;<\/p>\n\n\n\n<h3 class=\"wp-block-heading\">Uh, taj daljinski!<\/h3>\n\n\n\n<p>Je li mu ponekad bilo naporno i\u0107i k njemu i slu\u0161ati ga? &#8220;Neka je, ne marim. Na primjer, moj tata je, dok je bio u domu i jo\u0161 relativno zdrav, vje\u010dito imao problema s daljinskim za TV. I ve\u0107inu ve\u010deri bi me nazvao i govorio da opet ne mo\u017ee pokrenuti &#8216;taj prokleti daljinski&#8217;. Svaki put bih mu korak po korak obja\u0161njavao kako do\u0107i do \u017eeljenog kanala. Danas gledam unatrag i razmi\u0161ljam \u0161to bih sve dao da \u010dujem zvon telefona i da razgovaram s tatom o njegovom daljinskom upravlja\u010du.&#8221;<\/p>\n\n\n\n<p>Dirljivo pismo zavr\u0161io je rije\u010dima: &#8220;Jednom kad umru, nestali su zauvijek i nema povratka ni ispravka. A ako mo\u017eete \u017eivjeti sami sa sobom nakon \u0161to ste roditelje smjestili u stara\u010dki dom i nestali iz njihovih \u017eivota, onda imate neke nadnaravne mo\u0107i. Nemojte biti ta osoba. Posjetite ih. Ponesite im mali dar, odvedite ih na ru\u010dak. Samo ih posjetite.&#8221; Posje\u0107ujete li svoje starije dovoljno?<\/p>\n\n\n\n<div id=\"crveno\"><\/p>\n\n\n\n<h3 class=\"wp-block-heading\">Zanima nas va\u0161a pri\u010da<\/h3>\n\n\n\n<p>\u017delite li i vi, posve anonimno, podijeliti svoje iskustvo i vi\u0111enje ove teme s nama i na\u0161im \u010ditateljima, mo\u017eete to u\u010diniti putem web obrasca <a rel=\"noreferrer noopener\" href=\"https:\/\/www.mojevrijeme.hr\/magazin\/povjerljivo\/\" target=\"_blank\">Povjerljivo<\/a>. Napi\u0161ite svoju pri\u010du!<\/p>\n\n\n\n<p><\/div>\n<div id=\"mojev-3983060968\" class=\"mojev-kraj-teksta mojev-entity-placement\" style=\"margin-bottom: 20px;margin-left: auto;margin-right: auto;text-align: center;\"><div class=\"mojev-adlabel\">oglas<\/div><div style=\"height: 250px;\"><script async src=\"https:\/\/pagead2.googlesyndication.com\/pagead\/js\/adsbygoogle.js?client=ca-pub-8106111766207173\"\r\n     crossorigin=\"anonymous\"><\/script>\r\n<!-- Display-1 -->\r\n<ins class=\"adsbygoogle\"\r\n     style=\"display:block\"\r\n     data-ad-client=\"ca-pub-8106111766207173\"\r\n     data-ad-slot=\"1465712950\"\r\n     data-ad-format=\"auto\"\r\n     data-full-width-responsive=\"true\"><\/ins>\r\n<script>\r\n     (adsbygoogle = window.adsbygoogle || []).push({});\r\n<\/script><\/div><\/div>","protected":false},"excerpt":{"rendered":"<p>Skrb o starijim \u010dlanovima obitelji, pogotovo kada ih smjestimo u stara\u010dki dom koji nije u blizini, mo\u017ee biti duboko emotivan i slo\u017een zadatak. A koliko je na\u0161im starijima u domu va\u017eno da ih bli\u017enji redovito posje\u0107uju, objasnio je sin koji je oca obilazio kad god je mogao.<\/p>\n","protected":false},"author":17,"featured_media":92274,"comment_status":"closed","ping_status":"closed","sticky":false,"template":"","format":"standard","meta":{"footnotes":""},"categories":[3552],"tags":[2669,879,3532,423],"class_list":["post-113758","post","type-post","status-publish","format-standard","has-post-thumbnail","hentry","category-povjerljivo","tag-domovi","tag-otudenost","tag-roditelji-i-djeca","tag-usamljenost"],"_links":{"self":[{"href":"https:\/\/www.mojevrijeme.hr\/magazin\/wp-json\/wp\/v2\/posts\/113758","targetHints":{"allow":["GET"]}}],"collection":[{"href":"https:\/\/www.mojevrijeme.hr\/magazin\/wp-json\/wp\/v2\/posts"}],"about":[{"href":"https:\/\/www.mojevrijeme.hr\/magazin\/wp-json\/wp\/v2\/types\/post"}],"author":[{"embeddable":true,"href":"https:\/\/www.mojevrijeme.hr\/magazin\/wp-json\/wp\/v2\/users\/17"}],"replies":[{"embeddable":true,"href":"https:\/\/www.mojevrijeme.hr\/magazin\/wp-json\/wp\/v2\/comments?post=113758"}],"version-history":[{"count":0,"href":"https:\/\/www.mojevrijeme.hr\/magazin\/wp-json\/wp\/v2\/posts\/113758\/revisions"}],"wp:featuredmedia":[{"embeddable":true,"href":"https:\/\/www.mojevrijeme.hr\/magazin\/wp-json\/wp\/v2\/media\/92274"}],"wp:attachment":[{"href":"https:\/\/www.mojevrijeme.hr\/magazin\/wp-json\/wp\/v2\/media?parent=113758"}],"wp:term":[{"taxonomy":"category","embeddable":true,"href":"https:\/\/www.mojevrijeme.hr\/magazin\/wp-json\/wp\/v2\/categories?post=113758"},{"taxonomy":"post_tag","embeddable":true,"href":"https:\/\/www.mojevrijeme.hr\/magazin\/wp-json\/wp\/v2\/tags?post=113758"}],"curies":[{"name":"wp","href":"https:\/\/api.w.org\/{rel}","templated":true}]}}