{"id":114089,"date":"2024-08-26T12:05:08","date_gmt":"2024-08-26T10:05:08","guid":{"rendered":"https:\/\/www.mojevrijeme.hr\/magazin\/?p=114089"},"modified":"2024-08-26T12:05:12","modified_gmt":"2024-08-26T10:05:12","slug":"uskladivanje-mirovina-to-je-jedna-solidna-vegetarijanska-kosarica","status":"publish","type":"post","link":"https:\/\/www.mojevrijeme.hr\/magazin\/2024\/08\/uskladivanje-mirovina-to-je-jedna-solidna-vegetarijanska-kosarica\/","title":{"rendered":"Uskla\u0111ivanje mirovina: To je jedna solidna vegetarijanska ko\u0161arica"},"content":{"rendered":"\n<p>Umirovljenicima \u0107e uskoro sti\u0107i nova uskla\u0111ena mirovina, u prosjeku 40 eura ve\u0107a. Ipak, ve\u0107ina si uskla\u0111enim mirovinama ne\u0107e mo\u0107i sve priu\u0161titi za nedjeljni ru\u010dak, javlja <a href=\"https:\/\/dnevnik.hr\/vijesti\/hrvatska\/od-rujna-ce-se-umirovljenicima-isplacivati-mirovine-uvecane-za-40-eura---865428.html\" target=\"_blank\" rel=\"noreferrer noopener\">Nova TV<\/a>. &#8220;Taj dio me uop\u0107e ne zanima, ja imam gro\u017e\u0111a i to mi je dosta. Za 38 eura, zna\u0161 \u0161to &#8211; mo\u017eete tri dana \u017eivjeti&#8221;, kazao je jedan umirovljenik u anketi.<\/p>\n\n\n\n<p>Nezadovoljni Vladinom ra\u010dunicom pove\u0107anja mirovina za 7,46 posto umjesto planiranih gotovo 10 posto iz Sindikata umirovljenika Hrvatske ne skrivaju nezadovoljstvo pa tako <strong>Jasna Petrovi\u0107<\/strong> pita: &#8220;\u0160to to zna\u010di za d\u017eep umirovljenika? 40 eura za one koji imaju sre\u0107u da fakat imaju prosje\u010dnu mirovinu od 535 eura?&#8221;<\/p>\n\n\n\n<p>Takvih je manje od polovice. A kako bi izgledala otprilike jedna ko\u0161arica na tr\u017enici do 40 eura? Kilogram luka, paprike, zelena salata, tri kilograma krumpira, ne\u0161to raj\u010dice, kilogram sezonskog vo\u0107a, doma\u0107e mrkve i tikvica ili patlid\u017eana. Solidna je to ko\u0161arica ali bez naj\u010de\u0161\u0107e glavne namirnice &#8211; mesa, \u010dija se cijena kre\u0107e izme\u0111u devet i 12 eura po kilogramu. &#8220;Neka nam daju po\u0161teno kako treba, ispod sto eura nek&#8217; se ne la\u0107aju&#8221;, ka\u017ee umirovljenik Branko.<\/p><div id=\"mojev-3346161241\" class=\"mojev-u-tekstu mojev-entity-placement\" style=\"margin-left: auto;margin-right: auto;text-align: center;\"><div class=\"mojev-adlabel\">oglas<\/div><div style=\"height: 250px;\"><script async src=\"https:\/\/pagead2.googlesyndication.com\/pagead\/js\/adsbygoogle.js?client=ca-pub-8106111766207173\"\r\n     crossorigin=\"anonymous\"><\/script>\r\n<!-- Prikazni 1 u tekstu -->\r\n<ins class=\"adsbygoogle\"\r\n     style=\"display:block\"\r\n     data-ad-client=\"ca-pub-8106111766207173\"\r\n     data-ad-slot=\"8535551207\"\r\n     data-ad-format=\"auto\"\r\n     data-full-width-responsive=\"true\"><\/ins>\r\n<script>\r\n     (adsbygoogle = window.adsbygoogle || []).push({});\r\n<\/script><\/div><\/div><br style=\"clear: both; display: block; float: none;\"\/>\n\n\n\n<p>Iz Sindikata ka\u017eu da svatko prvo misli na svoj d\u017eep. &#8220;Mislim da su bezobzirno, \u010dak i podlo, usred ljeta sebi podigli pla\u0107e \u0161to \u0107e jo\u0161 vi\u0161e umanjiti realnu vrijednost mirovina&#8221;, upozorila je Petrovi\u0107.<\/p>\n\n\n\n<p>S formulom uskla\u0111ivanja i ve\u0107e pove\u0107anje \u0107e pri\u010dekati. &#8220;Tim zakonom bit \u0107e izmijenjen na\u010din uskla\u0111ivanja, ne\u0107e biti 75:15 ve\u0107 85:15. Time \u0107e (umirovljenici) biti u povoljnijem polo\u017eaju&#8221;, smatra\u00a0<strong>Veselko Gabri\u010devi\u0107<\/strong>\u00a0iz HSU-a.<\/p>\n\n\n\n<p>Drugi se zala\u017eu za potpuno novi izra\u010dun mirovina &#8211; umno\u017eak godina sta\u017ea i aktualne vrijednosti mirovine. &#8220;Za 40 godina radnog sta\u017ea minimalna mirovina bi bila 880 eura, a sad je izme\u0111u 400 i 500&#8221;, ka\u017ee\u00a0<strong>Milivoj \u0160pika<\/strong> iz Bloka umirovljenici zajedno. Uz re\u017eije, umirovljenicima najvi\u0161e od mirovine odlazi upravo na hranu.<\/p>\n<div id=\"mojev-2297909881\" class=\"mojev-kraj-teksta mojev-entity-placement\" style=\"margin-bottom: 20px;margin-left: auto;margin-right: auto;text-align: center;\"><div class=\"mojev-adlabel\">oglas<\/div><div style=\"height: 250px;\"><script async src=\"https:\/\/pagead2.googlesyndication.com\/pagead\/js\/adsbygoogle.js?client=ca-pub-8106111766207173\"\r\n     crossorigin=\"anonymous\"><\/script>\r\n<!-- Display-1 -->\r\n<ins class=\"adsbygoogle\"\r\n     style=\"display:block\"\r\n     data-ad-client=\"ca-pub-8106111766207173\"\r\n     data-ad-slot=\"1465712950\"\r\n     data-ad-format=\"auto\"\r\n     data-full-width-responsive=\"true\"><\/ins>\r\n<script>\r\n     (adsbygoogle = window.adsbygoogle || []).push({});\r\n<\/script><\/div><\/div>","protected":false},"excerpt":{"rendered":"<p>Sindikat umirovljenika Hrvatske nije zadovoljan uskla\u0111ivanjem mirovina. Ka\u017eu, da je Vlada ispo\u0161tovala dogovor, rast mirovina bi bio zna\u010dajno ve\u0107i.<\/p>\n","protected":false},"author":1,"featured_media":97290,"comment_status":"closed","ping_status":"closed","sticky":false,"template":"","format":"standard","meta":{"footnotes":""},"categories":[9],"tags":[684,167,971],"class_list":["post-114089","post","type-post","status-publish","format-standard","has-post-thumbnail","hentry","category-vijesti","tag-jasna-petrovic","tag-sindikat-umirovljenika","tag-uskladivanje-mirovina"],"_links":{"self":[{"href":"https:\/\/www.mojevrijeme.hr\/magazin\/wp-json\/wp\/v2\/posts\/114089","targetHints":{"allow":["GET"]}}],"collection":[{"href":"https:\/\/www.mojevrijeme.hr\/magazin\/wp-json\/wp\/v2\/posts"}],"about":[{"href":"https:\/\/www.mojevrijeme.hr\/magazin\/wp-json\/wp\/v2\/types\/post"}],"author":[{"embeddable":true,"href":"https:\/\/www.mojevrijeme.hr\/magazin\/wp-json\/wp\/v2\/users\/1"}],"replies":[{"embeddable":true,"href":"https:\/\/www.mojevrijeme.hr\/magazin\/wp-json\/wp\/v2\/comments?post=114089"}],"version-history":[{"count":0,"href":"https:\/\/www.mojevrijeme.hr\/magazin\/wp-json\/wp\/v2\/posts\/114089\/revisions"}],"wp:featuredmedia":[{"embeddable":true,"href":"https:\/\/www.mojevrijeme.hr\/magazin\/wp-json\/wp\/v2\/media\/97290"}],"wp:attachment":[{"href":"https:\/\/www.mojevrijeme.hr\/magazin\/wp-json\/wp\/v2\/media?parent=114089"}],"wp:term":[{"taxonomy":"category","embeddable":true,"href":"https:\/\/www.mojevrijeme.hr\/magazin\/wp-json\/wp\/v2\/categories?post=114089"},{"taxonomy":"post_tag","embeddable":true,"href":"https:\/\/www.mojevrijeme.hr\/magazin\/wp-json\/wp\/v2\/tags?post=114089"}],"curies":[{"name":"wp","href":"https:\/\/api.w.org\/{rel}","templated":true}]}}