{"id":114265,"date":"2024-08-28T19:03:33","date_gmt":"2024-08-28T17:03:33","guid":{"rendered":"https:\/\/www.mojevrijeme.hr\/magazin\/?p=114265"},"modified":"2024-08-28T19:05:11","modified_gmt":"2024-08-28T17:05:11","slug":"plenkovic-najavio-vise-mirovine-stize-i-novi-porez","status":"publish","type":"post","link":"https:\/\/www.mojevrijeme.hr\/magazin\/2024\/08\/plenkovic-najavio-vise-mirovine-stize-i-novi-porez\/","title":{"rendered":"Plenkovi\u0107 najavio vi\u0161e mirovine, sti\u017ee i novi porez"},"content":{"rendered":"\n<p>Na prvom sastanku parlamentarne ve\u0107ine nakon ljetnog raspusta, utvr\u0111eni su prioriteti tre\u0107e Vlade <strong>Andreja Plenkovi\u0107a<\/strong> (HDZ). <\/p>\n\n\n\n<p>&#8220;Klju\u010dne teme u tre\u0107em mandatu bit \u0107e uokvirene u vi\u0161i ekonomski i socijalni standard hrvatskih gra\u0111ana. To zna\u010di njihove pla\u0107e, primanja i njihove mirovine. Sve \u0161to \u0107emo \u010diniti i \u0161to radimo je da i taj standard i dalje unaprje\u0111ujemo&#8221;, kazao je premijer. <\/p>\n\n\n\n<p>&#8220;Vjerojatno \u0107emo u ovoj godini ostvariti ono \u0161to je Vlada prognozirala &#8211; rast BDP-a od 3,5 posto i time \u0107emo biti me\u0111u dvije, tri \u010dlanice EU-a s najve\u0107im rastom. Druga tema nam je bila priu\u0161tivost stanovanja. Dvije kapitalne teme koje \u0107e Vlada lansirati u javnost bit \u0107e strategija stambene politike na kojoj radi radna skupina i brojni stru\u010dnjaci i koju \u0107e uskoro dovr\u0161iti i predstaviti Vladi i javnosti&#8221;, Plenkovi\u0107 je kazao novinarima.<\/p><div id=\"mojev-2653677179\" class=\"mojev-u-tekstu mojev-entity-placement\" style=\"margin-left: auto;margin-right: auto;text-align: center;\"><div class=\"mojev-adlabel\">oglas<\/div><div style=\"height: 250px;\"><script async src=\"https:\/\/pagead2.googlesyndication.com\/pagead\/js\/adsbygoogle.js?client=ca-pub-8106111766207173\"\r\n     crossorigin=\"anonymous\"><\/script>\r\n<!-- Prikazni 1 u tekstu -->\r\n<ins class=\"adsbygoogle\"\r\n     style=\"display:block\"\r\n     data-ad-client=\"ca-pub-8106111766207173\"\r\n     data-ad-slot=\"8535551207\"\r\n     data-ad-format=\"auto\"\r\n     data-full-width-responsive=\"true\"><\/ins>\r\n<script>\r\n     (adsbygoogle = window.adsbygoogle || []).push({});\r\n<\/script><\/div><\/div><br style=\"clear: both; display: block; float: none;\"\/>\n\n\n\n<p>&#8220;Druga je novi krug porezne reforme. Rekli smo uo\u010di izbora da \u0107e se akcent s oporezivanja rada prebaciti na oporezivanje imovine. Hrvatska je u situaciji da vidimo rast cijena kvadrata. \u017delimo na\u0161im politikama stvoriti preduvjete da najam postane priu\u0161tiv i da kupovna cijena stana bude priu\u0161tivija.&#8221;<\/p>\n\n\n\n<p>&#8220;Vjerujem da \u0107emo na\u0107i rje\u0161enje koje \u0107e biti dobro za gra\u0111ane. Imamo previ\u0161e praznih stanova koji se ne koriste i cijene su visoke i mi kao Vlada moramo mjerama na\u0161e politike stvarati preduvjete da rje\u0161avamo to pitanje&#8221;, objasnio je.\u00a0<\/p>\n\n\n\n<p>&#8220;Porez na nekretnine \u0107e biti jedan od dijelova porezne reforme. S obzirom na to da postoji \u010ditav niz poreza, misli se ponuditi jedno cjelovitije rje\u0161enje s klju\u010dnim ciljem oko kojeg dugo ve\u0107 postoji konsenzus sa socijalnim partnerima, poslodavcima i sindikatima, a to je \u0161to manje porezno optere\u0107enje rada i prebacivanje tog tereta na imovinu&#8221;, rekao je ministar mirovinskog sustava <strong>Marin Pileti\u0107<\/strong>.<\/p>\n\n\n\n<p>Istaknuo je kako unutar parlamentarne ve\u0107ine postoji konsenzus da se ide u smjeru uvo\u0111enja poreza na nekretnine i da se to vi\u0161e ne odnosi samo na ku\u0107e za odmor nego i svih nekretnina koje ne slu\u017ee primarno za stanovanje.<\/p>\n<div id=\"mojev-2825169720\" class=\"mojev-kraj-teksta mojev-entity-placement\" style=\"margin-bottom: 20px;margin-left: auto;margin-right: auto;text-align: center;\"><div class=\"mojev-adlabel\">oglas<\/div><div style=\"height: 250px;\"><script async src=\"https:\/\/pagead2.googlesyndication.com\/pagead\/js\/adsbygoogle.js?client=ca-pub-8106111766207173\"\r\n     crossorigin=\"anonymous\"><\/script>\r\n<!-- Display-1 -->\r\n<ins class=\"adsbygoogle\"\r\n     style=\"display:block\"\r\n     data-ad-client=\"ca-pub-8106111766207173\"\r\n     data-ad-slot=\"1465712950\"\r\n     data-ad-format=\"auto\"\r\n     data-full-width-responsive=\"true\"><\/ins>\r\n<script>\r\n     (adsbygoogle = window.adsbygoogle || []).push({});\r\n<\/script><\/div><\/div>","protected":false},"excerpt":{"rendered":"<p>Vi\u0161i standard gra\u0111ana bit \u0107e prioritet u idu\u0107e \u010detiri godine za Andreja Plenkovi\u0107a i njegove ministre. Vladaju\u0107i su, \u010dini se, odlu\u010dili uvesti i pravi porez na nekretnine.<\/p>\n","protected":false},"author":1,"featured_media":39000,"comment_status":"closed","ping_status":"closed","sticky":false,"template":"","format":"standard","meta":{"footnotes":""},"categories":[9],"tags":[18,3045,236],"class_list":["post-114265","post","type-post","status-publish","format-standard","has-post-thumbnail","hentry","category-vijesti","tag-mirovine","tag-porez-na-nekretnine","tag-standard"],"_links":{"self":[{"href":"https:\/\/www.mojevrijeme.hr\/magazin\/wp-json\/wp\/v2\/posts\/114265","targetHints":{"allow":["GET"]}}],"collection":[{"href":"https:\/\/www.mojevrijeme.hr\/magazin\/wp-json\/wp\/v2\/posts"}],"about":[{"href":"https:\/\/www.mojevrijeme.hr\/magazin\/wp-json\/wp\/v2\/types\/post"}],"author":[{"embeddable":true,"href":"https:\/\/www.mojevrijeme.hr\/magazin\/wp-json\/wp\/v2\/users\/1"}],"replies":[{"embeddable":true,"href":"https:\/\/www.mojevrijeme.hr\/magazin\/wp-json\/wp\/v2\/comments?post=114265"}],"version-history":[{"count":0,"href":"https:\/\/www.mojevrijeme.hr\/magazin\/wp-json\/wp\/v2\/posts\/114265\/revisions"}],"wp:featuredmedia":[{"embeddable":true,"href":"https:\/\/www.mojevrijeme.hr\/magazin\/wp-json\/wp\/v2\/media\/39000"}],"wp:attachment":[{"href":"https:\/\/www.mojevrijeme.hr\/magazin\/wp-json\/wp\/v2\/media?parent=114265"}],"wp:term":[{"taxonomy":"category","embeddable":true,"href":"https:\/\/www.mojevrijeme.hr\/magazin\/wp-json\/wp\/v2\/categories?post=114265"},{"taxonomy":"post_tag","embeddable":true,"href":"https:\/\/www.mojevrijeme.hr\/magazin\/wp-json\/wp\/v2\/tags?post=114265"}],"curies":[{"name":"wp","href":"https:\/\/api.w.org\/{rel}","templated":true}]}}