{"id":11479,"date":"2017-12-17T13:53:15","date_gmt":"2017-12-17T12:53:15","guid":{"rendered":"http:\/\/www.mojevrijeme.hr\/magazin\/?p=11479"},"modified":"2019-04-21T12:49:32","modified_gmt":"2019-04-21T10:49:32","slug":"trcali-smo-za-dostojanstvo-pogledajte-fotke","status":"publish","type":"post","link":"https:\/\/www.mojevrijeme.hr\/magazin\/2017\/12\/trcali-smo-za-dostojanstvo-pogledajte-fotke\/","title":{"rendered":"Tr\u010dali smo za dostojanstvo, pogledajte fotke"},"content":{"rendered":"<p>Na zagreba\u010dkom Trgu dr. Franje Tu\u0111mana odr\u017eana je Trka za dostojanstvo 55+, sportsko-prosvjedno dru\u017eenje umirovljenika i starijih osoba.<\/p>\n<p>Kako je na startu izjavila Jasna Petrovi\u0107, \u0161efica Sindikata umirovljenika Hrvatske, s ovim se doga\u0111ajem htjelo ukazati na zapostavljenu&nbsp;i siroma\u0161nu skupinu gra\u0111ana starije dobi. &#8220;Oni u ovo predbo\u017ei\u0107no vrijeme nisu u mogu\u0107nosti sudjelovati u \u0161opingmaniji, a&nbsp; \u0161to je postalo glavnom zna\u010dajkom proslave ovog blagdana&#8221;, ka\u017ee Petrovi\u0107.<\/p>\n<p>Ujedno, rije\u010d je o &#8220;treningu&#8221;za sljede\u0107i prosvjed umirovljenika u prolje\u0107e, jer do sada Vlada nije pokazala nimalo interesa i brige za svoje najstarije gra\u0111ane.<\/p><div id=\"mojev-3209832523\" class=\"mojev-u-tekstu mojev-entity-placement\" style=\"margin-left: auto;margin-right: auto;text-align: center;\"><div class=\"mojev-adlabel\">oglas<\/div><div style=\"height: 250px;\"><script async src=\"https:\/\/pagead2.googlesyndication.com\/pagead\/js\/adsbygoogle.js?client=ca-pub-8106111766207173\"\r\n     crossorigin=\"anonymous\"><\/script>\r\n<!-- Prikazni 1 u tekstu -->\r\n<ins class=\"adsbygoogle\"\r\n     style=\"display:block\"\r\n     data-ad-client=\"ca-pub-8106111766207173\"\r\n     data-ad-slot=\"8535551207\"\r\n     data-ad-format=\"auto\"\r\n     data-full-width-responsive=\"true\"><\/ins>\r\n<script>\r\n     (adsbygoogle = window.adsbygoogle || []).push({});\r\n<\/script><\/div><\/div><br style=\"clear: both; display: block; float: none;\"\/>\n<style type=\"text\/css\">\n#foogallery-gallery-11513.fg-masonry { --fg-gutter: 0px; }<\/style>\n\t\t\t<div class=\"foogallery foogallery-container foogallery-masonry foogallery-lightbox-foobox fg-center fg-masonry fg-ready fg-light fg-shadow-outline fg-loading-default fg-loaded-fade-in fg-hover-fade fg-hover-zoom fg-col3\" id=\"foogallery-gallery-11513\" data-foogallery=\"{&quot;item&quot;:{&quot;showCaptionTitle&quot;:true,&quot;showCaptionDescription&quot;:false},&quot;lazy&quot;:true}\" style=\"--fg-title-line-clamp: 0; --fg-description-line-clamp: 0;\" >\n\t\t<div class=\"fg-column-width\"><\/div>\n\t<div class=\"fg-gutter-width\"><\/div>\n\t\t<div class=\"fg-item fg-type-image fg-idle\"><figure class=\"fg-item-inner\"><a href=\"https:\/\/www.mojevrijeme.hr\/magazin\/wp-content\/uploads\/2017\/12\/trka-za-dostojanstvo-25.jpg\" data-caption-title=\"foto: Sandro Bura\" data-caption-desc=\"trka za dostojanstvo, sport\" data-attachment-id=\"11483\" data-type=\"image\" class=\"fg-thumb\"><span class=\"fg-image-wrap\"><img decoding=\"async\" title=\"foto: Sandro Bura\" width=\"250\" height=\"167\" class=\"skip-lazy fg-image\" data-src-fg=\"https:\/\/www.mojevrijeme.hr\/magazin\/wp-content\/uploads\/cache\/2017\/12\/trka-za-dostojanstvo-25\/4200189322.jpg\" src=\"data:image\/svg+xml,%3Csvg%20xmlns%3D%22http%3A%2F%2Fwww.w3.org%2F2000%2Fsvg%22%20width%3D%22250%22%20height%3D%22167%22%20viewBox%3D%220%200%20250%20167%22%3E%3C%2Fsvg%3E\" loading=\"eager\"><\/span><span class=\"fg-image-overlay\"><\/span><\/a><figcaption class=\"fg-caption\"><div class=\"fg-caption-inner\"><div class=\"fg-caption-title\">foto: Sandro Bura<\/div><\/div><\/figcaption><\/figure><div class=\"fg-loader\"><\/div><\/div><div class=\"fg-item fg-type-image fg-idle\"><figure class=\"fg-item-inner\"><a href=\"https:\/\/www.mojevrijeme.hr\/magazin\/wp-content\/uploads\/2017\/12\/trka-za-dostojanstvo-21.jpg\" data-caption-title=\"foto: Sandro Bura\" data-caption-desc=\"trka za dostojanstvo, sport\" data-attachment-id=\"11509\" data-type=\"image\" class=\"fg-thumb\"><span class=\"fg-image-wrap\"><img fetchpriority=\"high\" decoding=\"async\" title=\"foto: Sandro Bura\" width=\"250\" height=\"375\" class=\"skip-lazy fg-image\" data-src-fg=\"https:\/\/www.mojevrijeme.hr\/magazin\/wp-content\/uploads\/cache\/2017\/12\/trka-za-dostojanstvo-21\/3615345690.jpg\" src=\"data:image\/svg+xml,%3Csvg%20xmlns%3D%22http%3A%2F%2Fwww.w3.org%2F2000%2Fsvg%22%20width%3D%22250%22%20height%3D%22375%22%20viewBox%3D%220%200%20250%20375%22%3E%3C%2Fsvg%3E\" loading=\"eager\"><\/span><span class=\"fg-image-overlay\"><\/span><\/a><figcaption class=\"fg-caption\"><div class=\"fg-caption-inner\"><div class=\"fg-caption-title\">foto: Sandro Bura<\/div><\/div><\/figcaption><\/figure><div class=\"fg-loader\"><\/div><\/div><div class=\"fg-item fg-type-image fg-idle\"><figure class=\"fg-item-inner\"><a href=\"https:\/\/www.mojevrijeme.hr\/magazin\/wp-content\/uploads\/2017\/12\/trka-za-dostojanstvo-24.jpg\" data-caption-title=\"foto: Sandro Bura\" data-caption-desc=\"trka za dostojanstvo, sport\" data-attachment-id=\"11512\" data-type=\"image\" class=\"fg-thumb\"><span class=\"fg-image-wrap\"><img decoding=\"async\" title=\"foto: Sandro Bura\" width=\"250\" height=\"167\" class=\"skip-lazy fg-image\" data-src-fg=\"https:\/\/www.mojevrijeme.hr\/magazin\/wp-content\/uploads\/cache\/2017\/12\/trka-za-dostojanstvo-24\/2328037213.jpg\" src=\"data:image\/svg+xml,%3Csvg%20xmlns%3D%22http%3A%2F%2Fwww.w3.org%2F2000%2Fsvg%22%20width%3D%22250%22%20height%3D%22167%22%20viewBox%3D%220%200%20250%20167%22%3E%3C%2Fsvg%3E\" loading=\"eager\"><\/span><span class=\"fg-image-overlay\"><\/span><\/a><figcaption class=\"fg-caption\"><div class=\"fg-caption-inner\"><div class=\"fg-caption-title\">foto: Sandro Bura<\/div><\/div><\/figcaption><\/figure><div class=\"fg-loader\"><\/div><\/div><div class=\"fg-item fg-type-image fg-idle\"><figure class=\"fg-item-inner\"><a href=\"https:\/\/www.mojevrijeme.hr\/magazin\/wp-content\/uploads\/2017\/12\/trka-za-dostojanstvo-22.jpg\" data-caption-title=\"foto: Sandro Bura\" data-caption-desc=\"trka za dostojanstvo, sport\" data-attachment-id=\"11510\" data-type=\"image\" class=\"fg-thumb\"><span class=\"fg-image-wrap\"><img decoding=\"async\" title=\"foto: Sandro Bura\" width=\"250\" height=\"167\" class=\"skip-lazy fg-image\" data-src-fg=\"https:\/\/www.mojevrijeme.hr\/magazin\/wp-content\/uploads\/cache\/2017\/12\/trka-za-dostojanstvo-22\/2176611986.jpg\" src=\"data:image\/svg+xml,%3Csvg%20xmlns%3D%22http%3A%2F%2Fwww.w3.org%2F2000%2Fsvg%22%20width%3D%22250%22%20height%3D%22167%22%20viewBox%3D%220%200%20250%20167%22%3E%3C%2Fsvg%3E\" loading=\"eager\"><\/span><span class=\"fg-image-overlay\"><\/span><\/a><figcaption class=\"fg-caption\"><div class=\"fg-caption-inner\"><div class=\"fg-caption-title\">foto: Sandro Bura<\/div><\/div><\/figcaption><\/figure><div class=\"fg-loader\"><\/div><\/div><div class=\"fg-item fg-type-image fg-idle\"><figure class=\"fg-item-inner\"><a href=\"https:\/\/www.mojevrijeme.hr\/magazin\/wp-content\/uploads\/2017\/12\/trka-za-dostojanstvo-17.jpg\" data-caption-title=\"foto: Sandro Bura\" data-caption-desc=\"trka za dostojanstvo, sport\" data-attachment-id=\"11505\" data-type=\"image\" class=\"fg-thumb\"><span class=\"fg-image-wrap\"><img decoding=\"async\" title=\"foto: Sandro Bura\" width=\"250\" height=\"375\" class=\"skip-lazy fg-image\" data-src-fg=\"https:\/\/www.mojevrijeme.hr\/magazin\/wp-content\/uploads\/cache\/2017\/12\/trka-za-dostojanstvo-17\/3949847083.jpg\" src=\"data:image\/svg+xml,%3Csvg%20xmlns%3D%22http%3A%2F%2Fwww.w3.org%2F2000%2Fsvg%22%20width%3D%22250%22%20height%3D%22375%22%20viewBox%3D%220%200%20250%20375%22%3E%3C%2Fsvg%3E\" loading=\"eager\"><\/span><span class=\"fg-image-overlay\"><\/span><\/a><figcaption class=\"fg-caption\"><div class=\"fg-caption-inner\"><div class=\"fg-caption-title\">foto: Sandro Bura<\/div><\/div><\/figcaption><\/figure><div class=\"fg-loader\"><\/div><\/div><div class=\"fg-item fg-type-image fg-idle\"><figure class=\"fg-item-inner\"><a href=\"https:\/\/www.mojevrijeme.hr\/magazin\/wp-content\/uploads\/2017\/12\/trka-za-dostojanstvo-23.jpg\" data-caption-title=\"foto: Sandro Bura\" data-caption-desc=\"trka za dostojanstvo, sport\" data-attachment-id=\"11511\" data-type=\"image\" class=\"fg-thumb\"><span class=\"fg-image-wrap\"><img decoding=\"async\" title=\"foto: Sandro Bura\" width=\"250\" height=\"167\" class=\"skip-lazy fg-image\" data-src-fg=\"https:\/\/www.mojevrijeme.hr\/magazin\/wp-content\/uploads\/cache\/2017\/12\/trka-za-dostojanstvo-23\/731793960.jpg\" src=\"data:image\/svg+xml,%3Csvg%20xmlns%3D%22http%3A%2F%2Fwww.w3.org%2F2000%2Fsvg%22%20width%3D%22250%22%20height%3D%22167%22%20viewBox%3D%220%200%20250%20167%22%3E%3C%2Fsvg%3E\" loading=\"eager\"><\/span><span class=\"fg-image-overlay\"><\/span><\/a><figcaption class=\"fg-caption\"><div class=\"fg-caption-inner\"><div class=\"fg-caption-title\">foto: Sandro Bura<\/div><\/div><\/figcaption><\/figure><div class=\"fg-loader\"><\/div><\/div><div class=\"fg-item fg-type-image fg-idle\"><figure class=\"fg-item-inner\"><a href=\"https:\/\/www.mojevrijeme.hr\/magazin\/wp-content\/uploads\/2017\/12\/trka-za-dostojanstvo-20.jpg\" data-caption-title=\"foto: Sandro Bura\" data-caption-desc=\"trka za dostojanstvo, sport\" data-attachment-id=\"11508\" data-type=\"image\" class=\"fg-thumb\"><span class=\"fg-image-wrap\"><img decoding=\"async\" title=\"foto: Sandro Bura\" width=\"250\" height=\"167\" class=\"skip-lazy fg-image\" data-src-fg=\"https:\/\/www.mojevrijeme.hr\/magazin\/wp-content\/uploads\/cache\/2017\/12\/trka-za-dostojanstvo-20\/2103439520.jpg\" src=\"data:image\/svg+xml,%3Csvg%20xmlns%3D%22http%3A%2F%2Fwww.w3.org%2F2000%2Fsvg%22%20width%3D%22250%22%20height%3D%22167%22%20viewBox%3D%220%200%20250%20167%22%3E%3C%2Fsvg%3E\" loading=\"eager\"><\/span><span class=\"fg-image-overlay\"><\/span><\/a><figcaption class=\"fg-caption\"><div class=\"fg-caption-inner\"><div class=\"fg-caption-title\">foto: Sandro Bura<\/div><\/div><\/figcaption><\/figure><div class=\"fg-loader\"><\/div><\/div><div class=\"fg-item fg-type-image fg-idle\"><figure class=\"fg-item-inner\"><a href=\"https:\/\/www.mojevrijeme.hr\/magazin\/wp-content\/uploads\/2017\/12\/trka-za-dostojanstvo-19.jpg\" data-caption-title=\"foto: Sandro Bura\" data-caption-desc=\"trka za dostojanstvo, sport\" data-attachment-id=\"11507\" data-type=\"image\" class=\"fg-thumb\"><span class=\"fg-image-wrap\"><img decoding=\"async\" title=\"foto: Sandro Bura\" width=\"250\" height=\"167\" class=\"skip-lazy fg-image\" data-src-fg=\"https:\/\/www.mojevrijeme.hr\/magazin\/wp-content\/uploads\/cache\/2017\/12\/trka-za-dostojanstvo-19\/871860305.jpg\" src=\"data:image\/svg+xml,%3Csvg%20xmlns%3D%22http%3A%2F%2Fwww.w3.org%2F2000%2Fsvg%22%20width%3D%22250%22%20height%3D%22167%22%20viewBox%3D%220%200%20250%20167%22%3E%3C%2Fsvg%3E\" loading=\"eager\"><\/span><span class=\"fg-image-overlay\"><\/span><\/a><figcaption class=\"fg-caption\"><div class=\"fg-caption-inner\"><div class=\"fg-caption-title\">foto: Sandro Bura<\/div><\/div><\/figcaption><\/figure><div class=\"fg-loader\"><\/div><\/div><div class=\"fg-item fg-type-image fg-idle\"><figure class=\"fg-item-inner\"><a href=\"https:\/\/www.mojevrijeme.hr\/magazin\/wp-content\/uploads\/2017\/12\/trka-za-dostojanstvo-6.jpg\" data-caption-title=\"foto: Sandro Bura\" data-caption-desc=\"trka za dostojanstvo, sport\" data-attachment-id=\"11494\" data-type=\"image\" class=\"fg-thumb\"><span class=\"fg-image-wrap\"><img decoding=\"async\" title=\"foto: Sandro Bura\" width=\"250\" height=\"167\" class=\"skip-lazy fg-image\" data-src-fg=\"https:\/\/www.mojevrijeme.hr\/magazin\/wp-content\/uploads\/cache\/2017\/12\/trka-za-dostojanstvo-6\/2346834882.jpg\" src=\"data:image\/svg+xml,%3Csvg%20xmlns%3D%22http%3A%2F%2Fwww.w3.org%2F2000%2Fsvg%22%20width%3D%22250%22%20height%3D%22167%22%20viewBox%3D%220%200%20250%20167%22%3E%3C%2Fsvg%3E\" loading=\"eager\"><\/span><span class=\"fg-image-overlay\"><\/span><\/a><figcaption class=\"fg-caption\"><div class=\"fg-caption-inner\"><div class=\"fg-caption-title\">foto: Sandro Bura<\/div><\/div><\/figcaption><\/figure><div class=\"fg-loader\"><\/div><\/div><div class=\"fg-item fg-type-image fg-idle\"><figure class=\"fg-item-inner\"><a href=\"https:\/\/www.mojevrijeme.hr\/magazin\/wp-content\/uploads\/2017\/12\/trka-za-dostojanstvo-18.jpg\" data-caption-title=\"foto: Sandro Bura\" data-caption-desc=\"trka za dostojanstvo, sport\" data-attachment-id=\"11506\" data-type=\"image\" class=\"fg-thumb\"><span class=\"fg-image-wrap\"><img decoding=\"async\" title=\"foto: Sandro Bura\" width=\"250\" height=\"167\" class=\"skip-lazy fg-image\" data-src-fg=\"https:\/\/www.mojevrijeme.hr\/magazin\/wp-content\/uploads\/cache\/2017\/12\/trka-za-dostojanstvo-18\/2580919531.jpg\" src=\"data:image\/svg+xml,%3Csvg%20xmlns%3D%22http%3A%2F%2Fwww.w3.org%2F2000%2Fsvg%22%20width%3D%22250%22%20height%3D%22167%22%20viewBox%3D%220%200%20250%20167%22%3E%3C%2Fsvg%3E\" loading=\"eager\"><\/span><span class=\"fg-image-overlay\"><\/span><\/a><figcaption class=\"fg-caption\"><div class=\"fg-caption-inner\"><div class=\"fg-caption-title\">foto: Sandro Bura<\/div><\/div><\/figcaption><\/figure><div class=\"fg-loader\"><\/div><\/div><div class=\"fg-item fg-type-image fg-idle\"><figure class=\"fg-item-inner\"><a href=\"https:\/\/www.mojevrijeme.hr\/magazin\/wp-content\/uploads\/2017\/12\/trka-za-dostojanstvo-16.jpg\" data-caption-title=\"foto: Sandro Bura\" data-caption-desc=\"trka za dostojanstvo, sport\" data-attachment-id=\"11504\" data-type=\"image\" class=\"fg-thumb\"><span class=\"fg-image-wrap\"><img decoding=\"async\" title=\"foto: Sandro Bura\" width=\"250\" height=\"167\" class=\"skip-lazy fg-image\" data-src-fg=\"https:\/\/www.mojevrijeme.hr\/magazin\/wp-content\/uploads\/cache\/2017\/12\/trka-za-dostojanstvo-16\/1095753361.jpg\" src=\"data:image\/svg+xml,%3Csvg%20xmlns%3D%22http%3A%2F%2Fwww.w3.org%2F2000%2Fsvg%22%20width%3D%22250%22%20height%3D%22167%22%20viewBox%3D%220%200%20250%20167%22%3E%3C%2Fsvg%3E\" loading=\"eager\"><\/span><span class=\"fg-image-overlay\"><\/span><\/a><figcaption class=\"fg-caption\"><div class=\"fg-caption-inner\"><div class=\"fg-caption-title\">foto: Sandro Bura<\/div><\/div><\/figcaption><\/figure><div class=\"fg-loader\"><\/div><\/div><div class=\"fg-item fg-type-image fg-idle\"><figure class=\"fg-item-inner\"><a href=\"https:\/\/www.mojevrijeme.hr\/magazin\/wp-content\/uploads\/2017\/12\/trka-za-dostojanstvo-15.jpg\" data-caption-title=\"foto: Sandro Bura\" data-caption-desc=\"trka za dostojanstvo, sport\" data-attachment-id=\"11503\" data-type=\"image\" class=\"fg-thumb\"><span class=\"fg-image-wrap\"><img decoding=\"async\" title=\"foto: Sandro Bura\" width=\"250\" height=\"167\" class=\"skip-lazy fg-image\" data-src-fg=\"https:\/\/www.mojevrijeme.hr\/magazin\/wp-content\/uploads\/cache\/2017\/12\/trka-za-dostojanstvo-15\/621374415.jpg\" src=\"data:image\/svg+xml,%3Csvg%20xmlns%3D%22http%3A%2F%2Fwww.w3.org%2F2000%2Fsvg%22%20width%3D%22250%22%20height%3D%22167%22%20viewBox%3D%220%200%20250%20167%22%3E%3C%2Fsvg%3E\" loading=\"eager\"><\/span><span class=\"fg-image-overlay\"><\/span><\/a><figcaption class=\"fg-caption\"><div class=\"fg-caption-inner\"><div class=\"fg-caption-title\">foto: Sandro Bura<\/div><\/div><\/figcaption><\/figure><div class=\"fg-loader\"><\/div><\/div><div class=\"fg-item fg-type-image fg-idle\"><figure class=\"fg-item-inner\"><a href=\"https:\/\/www.mojevrijeme.hr\/magazin\/wp-content\/uploads\/2017\/12\/trka-za-dostojanstvo-14.jpg\" data-caption-title=\"foto: Sandro Bura\" data-caption-desc=\"trka za dostojanstvo, sport\" data-attachment-id=\"11502\" data-type=\"image\" class=\"fg-thumb\"><span class=\"fg-image-wrap\"><img decoding=\"async\" title=\"foto: Sandro Bura\" width=\"250\" height=\"167\" class=\"skip-lazy fg-image\" data-src-fg=\"https:\/\/www.mojevrijeme.hr\/magazin\/wp-content\/uploads\/cache\/2017\/12\/trka-za-dostojanstvo-14\/2401982325.jpg\" src=\"data:image\/svg+xml,%3Csvg%20xmlns%3D%22http%3A%2F%2Fwww.w3.org%2F2000%2Fsvg%22%20width%3D%22250%22%20height%3D%22167%22%20viewBox%3D%220%200%20250%20167%22%3E%3C%2Fsvg%3E\" loading=\"eager\"><\/span><span class=\"fg-image-overlay\"><\/span><\/a><figcaption class=\"fg-caption\"><div class=\"fg-caption-inner\"><div class=\"fg-caption-title\">foto: Sandro Bura<\/div><\/div><\/figcaption><\/figure><div class=\"fg-loader\"><\/div><\/div><div class=\"fg-item fg-type-image fg-idle\"><figure class=\"fg-item-inner\"><a href=\"https:\/\/www.mojevrijeme.hr\/magazin\/wp-content\/uploads\/2017\/12\/trka-za-dostojanstvo-13.jpg\" data-caption-title=\"foto: Sandro Bura\" data-caption-desc=\"trka za dostojanstvo, sport\" data-attachment-id=\"11501\" data-type=\"image\" class=\"fg-thumb\"><span class=\"fg-image-wrap\"><img decoding=\"async\" title=\"foto: Sandro Bura\" width=\"250\" height=\"167\" class=\"skip-lazy fg-image\" data-src-fg=\"https:\/\/www.mojevrijeme.hr\/magazin\/wp-content\/uploads\/cache\/2017\/12\/trka-za-dostojanstvo-13\/779491840.jpg\" src=\"data:image\/svg+xml,%3Csvg%20xmlns%3D%22http%3A%2F%2Fwww.w3.org%2F2000%2Fsvg%22%20width%3D%22250%22%20height%3D%22167%22%20viewBox%3D%220%200%20250%20167%22%3E%3C%2Fsvg%3E\" loading=\"eager\"><\/span><span class=\"fg-image-overlay\"><\/span><\/a><figcaption class=\"fg-caption\"><div class=\"fg-caption-inner\"><div class=\"fg-caption-title\">foto: Sandro Bura<\/div><\/div><\/figcaption><\/figure><div class=\"fg-loader\"><\/div><\/div><div class=\"fg-item fg-type-image fg-idle\"><figure class=\"fg-item-inner\"><a href=\"https:\/\/www.mojevrijeme.hr\/magazin\/wp-content\/uploads\/2017\/12\/trka-za-dostojanstvo-12.jpg\" data-caption-title=\"foto: Sandro Bura\" data-caption-desc=\"trka za dostojanstvo, sport\" data-attachment-id=\"11500\" data-type=\"image\" class=\"fg-thumb\"><span class=\"fg-image-wrap\"><img decoding=\"async\" title=\"foto: Sandro Bura\" width=\"250\" height=\"167\" class=\"skip-lazy fg-image\" data-src-fg=\"https:\/\/www.mojevrijeme.hr\/magazin\/wp-content\/uploads\/cache\/2017\/12\/trka-za-dostojanstvo-12\/2220107450.jpg\" src=\"data:image\/svg+xml,%3Csvg%20xmlns%3D%22http%3A%2F%2Fwww.w3.org%2F2000%2Fsvg%22%20width%3D%22250%22%20height%3D%22167%22%20viewBox%3D%220%200%20250%20167%22%3E%3C%2Fsvg%3E\" loading=\"eager\"><\/span><span class=\"fg-image-overlay\"><\/span><\/a><figcaption class=\"fg-caption\"><div class=\"fg-caption-inner\"><div class=\"fg-caption-title\">foto: Sandro Bura<\/div><\/div><\/figcaption><\/figure><div class=\"fg-loader\"><\/div><\/div><div class=\"fg-item fg-type-image fg-idle\"><figure class=\"fg-item-inner\"><a href=\"https:\/\/www.mojevrijeme.hr\/magazin\/wp-content\/uploads\/2017\/12\/trka-za-dostojanstvo-9.jpg\" data-caption-title=\"foto: Sandro Bura\" data-caption-desc=\"trka za dostojanstvo, sport\" data-attachment-id=\"11497\" data-type=\"image\" class=\"fg-thumb\"><span class=\"fg-image-wrap\"><img decoding=\"async\" title=\"foto: Sandro Bura\" width=\"250\" height=\"167\" class=\"skip-lazy fg-image\" data-src-fg=\"https:\/\/www.mojevrijeme.hr\/magazin\/wp-content\/uploads\/cache\/2017\/12\/trka-za-dostojanstvo-9\/465108033.jpg\" src=\"data:image\/svg+xml,%3Csvg%20xmlns%3D%22http%3A%2F%2Fwww.w3.org%2F2000%2Fsvg%22%20width%3D%22250%22%20height%3D%22167%22%20viewBox%3D%220%200%20250%20167%22%3E%3C%2Fsvg%3E\" loading=\"eager\"><\/span><span class=\"fg-image-overlay\"><\/span><\/a><figcaption class=\"fg-caption\"><div class=\"fg-caption-inner\"><div class=\"fg-caption-title\">foto: Sandro Bura<\/div><\/div><\/figcaption><\/figure><div class=\"fg-loader\"><\/div><\/div><div class=\"fg-item fg-type-image fg-idle\"><figure class=\"fg-item-inner\"><a href=\"https:\/\/www.mojevrijeme.hr\/magazin\/wp-content\/uploads\/2017\/12\/trka-za-dostojanstvo-11.jpg\" data-caption-title=\"foto: Sandro Bura\" data-caption-desc=\"trka za dostojanstvo, sport\" data-attachment-id=\"11499\" data-type=\"image\" class=\"fg-thumb\"><span class=\"fg-image-wrap\"><img decoding=\"async\" title=\"foto: Sandro Bura\" width=\"250\" height=\"167\" class=\"skip-lazy fg-image\" data-src-fg=\"https:\/\/www.mojevrijeme.hr\/magazin\/wp-content\/uploads\/cache\/2017\/12\/trka-za-dostojanstvo-11\/877135538.jpg\" src=\"data:image\/svg+xml,%3Csvg%20xmlns%3D%22http%3A%2F%2Fwww.w3.org%2F2000%2Fsvg%22%20width%3D%22250%22%20height%3D%22167%22%20viewBox%3D%220%200%20250%20167%22%3E%3C%2Fsvg%3E\" loading=\"eager\"><\/span><span class=\"fg-image-overlay\"><\/span><\/a><figcaption class=\"fg-caption\"><div class=\"fg-caption-inner\"><div class=\"fg-caption-title\">foto: Sandro Bura<\/div><\/div><\/figcaption><\/figure><div class=\"fg-loader\"><\/div><\/div><div class=\"fg-item fg-type-image fg-idle\"><figure class=\"fg-item-inner\"><a href=\"https:\/\/www.mojevrijeme.hr\/magazin\/wp-content\/uploads\/2017\/12\/trka-za-dostojanstvo-10.jpg\" data-caption-title=\"Jasna Petrovi\u0107 (foto: Sandro Bura)\" data-caption-desc=\"trka za dostojanstvo, sport, jasna petrovi\u0107\" data-attachment-id=\"11498\" data-type=\"image\" class=\"fg-thumb\"><span class=\"fg-image-wrap\"><img decoding=\"async\" title=\"Jasna Petrovi\u0107 (foto: Sandro Bura)\" width=\"250\" height=\"167\" class=\"skip-lazy fg-image\" data-src-fg=\"https:\/\/www.mojevrijeme.hr\/magazin\/wp-content\/uploads\/cache\/2017\/12\/trka-za-dostojanstvo-10\/2657761800.jpg\" src=\"data:image\/svg+xml,%3Csvg%20xmlns%3D%22http%3A%2F%2Fwww.w3.org%2F2000%2Fsvg%22%20width%3D%22250%22%20height%3D%22167%22%20viewBox%3D%220%200%20250%20167%22%3E%3C%2Fsvg%3E\" loading=\"eager\"><\/span><span class=\"fg-image-overlay\"><\/span><\/a><figcaption class=\"fg-caption\"><div class=\"fg-caption-inner\"><div class=\"fg-caption-title\">Jasna Petrovi\u0107 (foto: Sandro Bura)<\/div><\/div><\/figcaption><\/figure><div class=\"fg-loader\"><\/div><\/div><div class=\"fg-item fg-type-image fg-idle\"><figure class=\"fg-item-inner\"><a href=\"https:\/\/www.mojevrijeme.hr\/magazin\/wp-content\/uploads\/2017\/12\/trka-za-dostojanstvo-8.jpg\" data-caption-title=\"foto: Sandro Bura\" data-caption-desc=\"trka za dostojanstvo, sport\" data-attachment-id=\"11496\" data-type=\"image\" class=\"fg-thumb\"><span class=\"fg-image-wrap\"><img decoding=\"async\" title=\"foto: Sandro Bura\" width=\"250\" height=\"167\" class=\"skip-lazy fg-image\" data-src-fg=\"https:\/\/www.mojevrijeme.hr\/magazin\/wp-content\/uploads\/cache\/2017\/12\/trka-za-dostojanstvo-8\/1494553093.jpg\" src=\"data:image\/svg+xml,%3Csvg%20xmlns%3D%22http%3A%2F%2Fwww.w3.org%2F2000%2Fsvg%22%20width%3D%22250%22%20height%3D%22167%22%20viewBox%3D%220%200%20250%20167%22%3E%3C%2Fsvg%3E\" loading=\"eager\"><\/span><span class=\"fg-image-overlay\"><\/span><\/a><figcaption class=\"fg-caption\"><div class=\"fg-caption-inner\"><div class=\"fg-caption-title\">foto: Sandro Bura<\/div><\/div><\/figcaption><\/figure><div class=\"fg-loader\"><\/div><\/div><div class=\"fg-item fg-type-image fg-idle\"><figure class=\"fg-item-inner\"><a href=\"https:\/\/www.mojevrijeme.hr\/magazin\/wp-content\/uploads\/2017\/12\/trka-za-dostojanstvo-7.jpg\" data-caption-title=\"foto: Sandro Bura\" data-caption-desc=\"trka za dostojanstvo, sport\" data-attachment-id=\"11495\" data-type=\"image\" class=\"fg-thumb\"><span class=\"fg-image-wrap\"><img decoding=\"async\" title=\"foto: Sandro Bura\" width=\"250\" height=\"167\" class=\"skip-lazy fg-image\" data-src-fg=\"https:\/\/www.mojevrijeme.hr\/magazin\/wp-content\/uploads\/cache\/2017\/12\/trka-za-dostojanstvo-7\/3377214854.jpg\" src=\"data:image\/svg+xml,%3Csvg%20xmlns%3D%22http%3A%2F%2Fwww.w3.org%2F2000%2Fsvg%22%20width%3D%22250%22%20height%3D%22167%22%20viewBox%3D%220%200%20250%20167%22%3E%3C%2Fsvg%3E\" loading=\"eager\"><\/span><span class=\"fg-image-overlay\"><\/span><\/a><figcaption class=\"fg-caption\"><div class=\"fg-caption-inner\"><div class=\"fg-caption-title\">foto: Sandro Bura<\/div><\/div><\/figcaption><\/figure><div class=\"fg-loader\"><\/div><\/div><div class=\"fg-item fg-type-image fg-idle\"><figure class=\"fg-item-inner\"><a href=\"https:\/\/www.mojevrijeme.hr\/magazin\/wp-content\/uploads\/2017\/12\/trka-za-dostojanstvo-1.jpg\" data-caption-title=\"foto: Sandro Bura\" data-caption-desc=\"trka za dostojanstvo, sport\" data-attachment-id=\"11489\" data-type=\"image\" class=\"fg-thumb\"><span class=\"fg-image-wrap\"><img decoding=\"async\" title=\"foto: Sandro Bura\" width=\"250\" height=\"167\" class=\"skip-lazy fg-image\" data-src-fg=\"https:\/\/www.mojevrijeme.hr\/magazin\/wp-content\/uploads\/cache\/2017\/12\/trka-za-dostojanstvo-1\/2537476824.jpg\" src=\"data:image\/svg+xml,%3Csvg%20xmlns%3D%22http%3A%2F%2Fwww.w3.org%2F2000%2Fsvg%22%20width%3D%22250%22%20height%3D%22167%22%20viewBox%3D%220%200%20250%20167%22%3E%3C%2Fsvg%3E\" loading=\"eager\"><\/span><span class=\"fg-image-overlay\"><\/span><\/a><figcaption class=\"fg-caption\"><div class=\"fg-caption-inner\"><div class=\"fg-caption-title\">foto: Sandro Bura<\/div><\/div><\/figcaption><\/figure><div class=\"fg-loader\"><\/div><\/div><div class=\"fg-item fg-type-image fg-idle\"><figure class=\"fg-item-inner\"><a href=\"https:\/\/www.mojevrijeme.hr\/magazin\/wp-content\/uploads\/2017\/12\/trka-za-dostojanstvo-30.jpg\" data-caption-title=\"foto: Sandro Bura\" data-caption-desc=\"trka za dostojanstvo, sport\" data-attachment-id=\"11488\" data-type=\"image\" class=\"fg-thumb\"><span class=\"fg-image-wrap\"><img decoding=\"async\" title=\"foto: Sandro Bura\" width=\"250\" height=\"167\" class=\"skip-lazy fg-image\" data-src-fg=\"https:\/\/www.mojevrijeme.hr\/magazin\/wp-content\/uploads\/cache\/2017\/12\/trka-za-dostojanstvo-30\/2365161059.jpg\" src=\"data:image\/svg+xml,%3Csvg%20xmlns%3D%22http%3A%2F%2Fwww.w3.org%2F2000%2Fsvg%22%20width%3D%22250%22%20height%3D%22167%22%20viewBox%3D%220%200%20250%20167%22%3E%3C%2Fsvg%3E\" loading=\"eager\"><\/span><span class=\"fg-image-overlay\"><\/span><\/a><figcaption class=\"fg-caption\"><div class=\"fg-caption-inner\"><div class=\"fg-caption-title\">foto: Sandro Bura<\/div><\/div><\/figcaption><\/figure><div class=\"fg-loader\"><\/div><\/div><div class=\"fg-item fg-type-image fg-idle\"><figure class=\"fg-item-inner\"><a href=\"https:\/\/www.mojevrijeme.hr\/magazin\/wp-content\/uploads\/2017\/12\/trka-za-dostojanstvo-29.jpg\" data-caption-title=\"foto: Sandro Bura\" data-caption-desc=\"trka za dostojanstvo, sport\" data-attachment-id=\"11487\" data-type=\"image\" class=\"fg-thumb\"><span class=\"fg-image-wrap\"><img decoding=\"async\" title=\"foto: Sandro Bura\" width=\"250\" height=\"375\" class=\"skip-lazy fg-image\" data-src-fg=\"https:\/\/www.mojevrijeme.hr\/magazin\/wp-content\/uploads\/cache\/2017\/12\/trka-za-dostojanstvo-29\/3970379284.jpg\" src=\"data:image\/svg+xml,%3Csvg%20xmlns%3D%22http%3A%2F%2Fwww.w3.org%2F2000%2Fsvg%22%20width%3D%22250%22%20height%3D%22375%22%20viewBox%3D%220%200%20250%20375%22%3E%3C%2Fsvg%3E\" loading=\"eager\"><\/span><span class=\"fg-image-overlay\"><\/span><\/a><figcaption class=\"fg-caption\"><div class=\"fg-caption-inner\"><div class=\"fg-caption-title\">foto: Sandro Bura<\/div><\/div><\/figcaption><\/figure><div class=\"fg-loader\"><\/div><\/div><div class=\"fg-item fg-type-image fg-idle\"><figure class=\"fg-item-inner\"><a href=\"https:\/\/www.mojevrijeme.hr\/magazin\/wp-content\/uploads\/2017\/12\/trka-za-dostojanstvo-28.jpg\" data-caption-title=\"foto: Sandro Bura\" data-caption-desc=\"trka za dostojanstvo, sport\" data-attachment-id=\"11486\" data-type=\"image\" class=\"fg-thumb\"><span class=\"fg-image-wrap\"><img decoding=\"async\" title=\"foto: Sandro Bura\" width=\"250\" height=\"167\" class=\"skip-lazy fg-image\" data-src-fg=\"https:\/\/www.mojevrijeme.hr\/magazin\/wp-content\/uploads\/cache\/2017\/12\/trka-za-dostojanstvo-28\/1183126190.jpg\" src=\"data:image\/svg+xml,%3Csvg%20xmlns%3D%22http%3A%2F%2Fwww.w3.org%2F2000%2Fsvg%22%20width%3D%22250%22%20height%3D%22167%22%20viewBox%3D%220%200%20250%20167%22%3E%3C%2Fsvg%3E\" loading=\"eager\"><\/span><span class=\"fg-image-overlay\"><\/span><\/a><figcaption class=\"fg-caption\"><div class=\"fg-caption-inner\"><div class=\"fg-caption-title\">foto: Sandro Bura<\/div><\/div><\/figcaption><\/figure><div class=\"fg-loader\"><\/div><\/div><div class=\"fg-item fg-type-image fg-idle\"><figure class=\"fg-item-inner\"><a href=\"https:\/\/www.mojevrijeme.hr\/magazin\/wp-content\/uploads\/2017\/12\/trka-za-dostojanstvo-27.jpg\" data-caption-title=\"foto: Sandro Bura\" data-caption-desc=\"trka za dostojanstvo, sport\" data-attachment-id=\"11485\" data-type=\"image\" class=\"fg-thumb\"><span class=\"fg-image-wrap\"><img decoding=\"async\" title=\"foto: Sandro Bura\" width=\"250\" height=\"167\" class=\"skip-lazy fg-image\" data-src-fg=\"https:\/\/www.mojevrijeme.hr\/magazin\/wp-content\/uploads\/cache\/2017\/12\/trka-za-dostojanstvo-27\/876430446.jpg\" src=\"data:image\/svg+xml,%3Csvg%20xmlns%3D%22http%3A%2F%2Fwww.w3.org%2F2000%2Fsvg%22%20width%3D%22250%22%20height%3D%22167%22%20viewBox%3D%220%200%20250%20167%22%3E%3C%2Fsvg%3E\" loading=\"eager\"><\/span><span class=\"fg-image-overlay\"><\/span><\/a><figcaption class=\"fg-caption\"><div class=\"fg-caption-inner\"><div class=\"fg-caption-title\">foto: Sandro Bura<\/div><\/div><\/figcaption><\/figure><div class=\"fg-loader\"><\/div><\/div><div class=\"fg-item fg-type-image fg-idle\"><figure class=\"fg-item-inner\"><a href=\"https:\/\/www.mojevrijeme.hr\/magazin\/wp-content\/uploads\/2017\/12\/trka-za-dostojanstvo-26.jpg\" data-caption-title=\"foto: Sandro Bura\" data-caption-desc=\"trka za dostojanstvo, sport\" data-attachment-id=\"11484\" data-type=\"image\" class=\"fg-thumb\"><span class=\"fg-image-wrap\"><img decoding=\"async\" title=\"foto: Sandro Bura\" width=\"250\" height=\"375\" class=\"skip-lazy fg-image\" data-src-fg=\"https:\/\/www.mojevrijeme.hr\/magazin\/wp-content\/uploads\/cache\/2017\/12\/trka-za-dostojanstvo-26\/2652862676.jpg\" src=\"data:image\/svg+xml,%3Csvg%20xmlns%3D%22http%3A%2F%2Fwww.w3.org%2F2000%2Fsvg%22%20width%3D%22250%22%20height%3D%22375%22%20viewBox%3D%220%200%20250%20375%22%3E%3C%2Fsvg%3E\" loading=\"eager\"><\/span><span class=\"fg-image-overlay\"><\/span><\/a><figcaption class=\"fg-caption\"><div class=\"fg-caption-inner\"><div class=\"fg-caption-title\">foto: Sandro Bura<\/div><\/div><\/figcaption><\/figure><div class=\"fg-loader\"><\/div><\/div><div class=\"fg-item fg-type-image fg-idle\"><figure class=\"fg-item-inner\"><a href=\"https:\/\/www.mojevrijeme.hr\/magazin\/wp-content\/uploads\/2017\/12\/trka-za-dostojanstvo-4.jpg\" data-caption-title=\"foto: Sandro Bura\" data-caption-desc=\"trka za dostojanstvo, sport\" data-attachment-id=\"11492\" data-type=\"image\" class=\"fg-thumb\"><span class=\"fg-image-wrap\"><img decoding=\"async\" title=\"foto: Sandro Bura\" width=\"250\" height=\"375\" class=\"skip-lazy fg-image\" data-src-fg=\"https:\/\/www.mojevrijeme.hr\/magazin\/wp-content\/uploads\/cache\/2017\/12\/trka-za-dostojanstvo-4\/1530312417.jpg\" src=\"data:image\/svg+xml,%3Csvg%20xmlns%3D%22http%3A%2F%2Fwww.w3.org%2F2000%2Fsvg%22%20width%3D%22250%22%20height%3D%22375%22%20viewBox%3D%220%200%20250%20375%22%3E%3C%2Fsvg%3E\" loading=\"eager\"><\/span><span class=\"fg-image-overlay\"><\/span><\/a><figcaption class=\"fg-caption\"><div class=\"fg-caption-inner\"><div class=\"fg-caption-title\">foto: Sandro Bura<\/div><\/div><\/figcaption><\/figure><div class=\"fg-loader\"><\/div><\/div><div class=\"fg-item fg-type-image fg-idle\"><figure class=\"fg-item-inner\"><a href=\"https:\/\/www.mojevrijeme.hr\/magazin\/wp-content\/uploads\/2017\/12\/trka-za-dostojanstvo-5.jpg\" data-caption-title=\"foto: Sandro Bura\" data-caption-desc=\"trka za dostojanstvo, sport\" data-attachment-id=\"11493\" data-type=\"image\" class=\"fg-thumb\"><span class=\"fg-image-wrap\"><img decoding=\"async\" title=\"foto: Sandro Bura\" width=\"250\" height=\"167\" class=\"skip-lazy fg-image\" data-src-fg=\"https:\/\/www.mojevrijeme.hr\/magazin\/wp-content\/uploads\/cache\/2017\/12\/trka-za-dostojanstvo-5\/429611173.jpg\" src=\"data:image\/svg+xml,%3Csvg%20xmlns%3D%22http%3A%2F%2Fwww.w3.org%2F2000%2Fsvg%22%20width%3D%22250%22%20height%3D%22167%22%20viewBox%3D%220%200%20250%20167%22%3E%3C%2Fsvg%3E\" loading=\"eager\"><\/span><span class=\"fg-image-overlay\"><\/span><\/a><figcaption class=\"fg-caption\"><div class=\"fg-caption-inner\"><div class=\"fg-caption-title\">foto: Sandro Bura<\/div><\/div><\/figcaption><\/figure><div class=\"fg-loader\"><\/div><\/div><div class=\"fg-item fg-type-image fg-idle\"><figure class=\"fg-item-inner\"><a href=\"https:\/\/www.mojevrijeme.hr\/magazin\/wp-content\/uploads\/2017\/12\/trka-za-dostojanstvo-3.jpg\" data-caption-title=\"foto: Sandro Bura\" data-caption-desc=\"trka za dostojanstvo, sport\" data-attachment-id=\"11491\" data-type=\"image\" class=\"fg-thumb\"><span class=\"fg-image-wrap\"><img decoding=\"async\" title=\"foto: Sandro Bura\" width=\"250\" height=\"167\" class=\"skip-lazy fg-image\" data-src-fg=\"https:\/\/www.mojevrijeme.hr\/magazin\/wp-content\/uploads\/cache\/2017\/12\/trka-za-dostojanstvo-3\/411732695.jpg\" src=\"data:image\/svg+xml,%3Csvg%20xmlns%3D%22http%3A%2F%2Fwww.w3.org%2F2000%2Fsvg%22%20width%3D%22250%22%20height%3D%22167%22%20viewBox%3D%220%200%20250%20167%22%3E%3C%2Fsvg%3E\" loading=\"eager\"><\/span><span class=\"fg-image-overlay\"><\/span><\/a><figcaption class=\"fg-caption\"><div class=\"fg-caption-inner\"><div class=\"fg-caption-title\">foto: Sandro Bura<\/div><\/div><\/figcaption><\/figure><div class=\"fg-loader\"><\/div><\/div><div class=\"fg-item fg-type-image fg-idle\"><figure class=\"fg-item-inner\"><a href=\"https:\/\/www.mojevrijeme.hr\/magazin\/wp-content\/uploads\/2017\/12\/trka-za-dostojanstvo-2.jpg\" data-caption-title=\"foto: Sandro Bura\" data-caption-desc=\"trka za dostojanstvo, sport\" data-attachment-id=\"11490\" data-type=\"image\" class=\"fg-thumb\"><span class=\"fg-image-wrap\"><img decoding=\"async\" title=\"foto: Sandro Bura\" width=\"250\" height=\"167\" class=\"skip-lazy fg-image\" data-src-fg=\"https:\/\/www.mojevrijeme.hr\/magazin\/wp-content\/uploads\/cache\/2017\/12\/trka-za-dostojanstvo-2\/1512531091.jpg\" src=\"data:image\/svg+xml,%3Csvg%20xmlns%3D%22http%3A%2F%2Fwww.w3.org%2F2000%2Fsvg%22%20width%3D%22250%22%20height%3D%22167%22%20viewBox%3D%220%200%20250%20167%22%3E%3C%2Fsvg%3E\" loading=\"eager\"><\/span><span class=\"fg-image-overlay\"><\/span><\/a><figcaption class=\"fg-caption\"><div class=\"fg-caption-inner\"><div class=\"fg-caption-title\">foto: Sandro Bura<\/div><\/div><\/figcaption><\/figure><div class=\"fg-loader\"><\/div><\/div><\/div>\n<h3>Dostojanstvo za sve<\/h3>\n<p>\u201eDostojanstvo i ljudska prava ne smiju se gubiti tijekom starenja\u201c, poruka je to koju je odaslala i Radna skupina Ujedinjenih naroda za starije, a koja je u New Yorku raspravljala o nasilju, zlostavljanju i zanemarivanju starijih te dobnoj diskriminaciji. Dokazano je naime, da upravo siroma\u0161tvo otvara put raznim zlostavljanjima starijih osoba i oduzimanju dostojanstva najranjivijim skupinama.<\/p>\n<p>Predstavljeni su i rezultati istra\u017eivanja provedenog u 28 zemalja, a koji govore da je svaka \u0161esta starija osoba bila \u017ertva nekog oblika nasilja, ali je tek svaka peta \u017ertva to i prijavila.<br \/>\n\u201eRazlozi zbog kojih nasilje, posebice obiteljsko, ostaje neprijavljeno su brojni i kompleksni, ali znamo da se mnogi srame to u\u010diniti, boje se osvete ili se jednostavno osje\u0107aju bespomo\u0107nima\u201c, objasnila je pu\u010dka pravobraniteljica i predsjedavaju\u0107a Europske mre\u017ee nacionalnih institucija za ljudska prava Lora Vidovi\u0107. Istaknula je kako je potrebno ulo\u017eiti sna\u017enije napore u za\u0161titi ove \u010desto marginalizirane skupine, a tome bi mogla pridonijeti Konvencija o ljudskim pravima starijih osoba za koju se ova organizacija zauzima. (sb)<\/p>\n<h5><em>Ovaj prilog nastao je uz potporu Fonda za poticanje pluralizma i raznovrsnosti elektroni\u010dkih medija u okviru projekta \u201cNema predaje\u201d.&nbsp;<\/em><\/h5>\n<div id=\"mojev-584310545\" class=\"mojev-kraj-teksta mojev-entity-placement\" style=\"margin-bottom: 20px;margin-left: auto;margin-right: auto;text-align: center;\"><div class=\"mojev-adlabel\">oglas<\/div><div style=\"height: 250px;\"><script async src=\"https:\/\/pagead2.googlesyndication.com\/pagead\/js\/adsbygoogle.js?client=ca-pub-8106111766207173\"\r\n     crossorigin=\"anonymous\"><\/script>\r\n<!-- Display-1 -->\r\n<ins class=\"adsbygoogle\"\r\n     style=\"display:block\"\r\n     data-ad-client=\"ca-pub-8106111766207173\"\r\n     data-ad-slot=\"1465712950\"\r\n     data-ad-format=\"auto\"\r\n     data-full-width-responsive=\"true\"><\/ins>\r\n<script>\r\n     (adsbygoogle = window.adsbygoogle || []).push({});\r\n<\/script><\/div><\/div>","protected":false},"excerpt":{"rendered":"<p>Rije\u010d je o &#8216;treningu&#8217;za sljede\u0107i prosvjed umirovljenika u prolje\u0107e, jer do sada Vlada nije pokazala nimalo interesa i brige za svoje najstarije gra\u0111ane.\u00a0<\/p>\n","protected":false},"author":10,"featured_media":11512,"comment_status":"closed","ping_status":"closed","sticky":false,"template":"","format":"gallery","meta":{"footnotes":""},"categories":[1008,9],"tags":[972,952,167,283,39],"class_list":["post-11479","post","type-post","status-publish","format-gallery","has-post-thumbnail","hentry","category-nema-predaje","category-vijesti","tag-galerija","tag-nemapredaje","tag-sindikat-umirovljenika","tag-sport","tag-zagreb","post_format-post-format-gallery"],"_links":{"self":[{"href":"https:\/\/www.mojevrijeme.hr\/magazin\/wp-json\/wp\/v2\/posts\/11479","targetHints":{"allow":["GET"]}}],"collection":[{"href":"https:\/\/www.mojevrijeme.hr\/magazin\/wp-json\/wp\/v2\/posts"}],"about":[{"href":"https:\/\/www.mojevrijeme.hr\/magazin\/wp-json\/wp\/v2\/types\/post"}],"author":[{"embeddable":true,"href":"https:\/\/www.mojevrijeme.hr\/magazin\/wp-json\/wp\/v2\/users\/10"}],"replies":[{"embeddable":true,"href":"https:\/\/www.mojevrijeme.hr\/magazin\/wp-json\/wp\/v2\/comments?post=11479"}],"version-history":[{"count":0,"href":"https:\/\/www.mojevrijeme.hr\/magazin\/wp-json\/wp\/v2\/posts\/11479\/revisions"}],"wp:featuredmedia":[{"embeddable":true,"href":"https:\/\/www.mojevrijeme.hr\/magazin\/wp-json\/wp\/v2\/media\/11512"}],"wp:attachment":[{"href":"https:\/\/www.mojevrijeme.hr\/magazin\/wp-json\/wp\/v2\/media?parent=11479"}],"wp:term":[{"taxonomy":"category","embeddable":true,"href":"https:\/\/www.mojevrijeme.hr\/magazin\/wp-json\/wp\/v2\/categories?post=11479"},{"taxonomy":"post_tag","embeddable":true,"href":"https:\/\/www.mojevrijeme.hr\/magazin\/wp-json\/wp\/v2\/tags?post=11479"}],"curies":[{"name":"wp","href":"https:\/\/api.w.org\/{rel}","templated":true}]}}