{"id":115147,"date":"2024-09-08T12:54:19","date_gmt":"2024-09-08T10:54:19","guid":{"rendered":"https:\/\/www.mojevrijeme.hr\/magazin\/?p=115147"},"modified":"2024-10-21T16:49:35","modified_gmt":"2024-10-21T14:49:35","slug":"zlatko-pochobradsky-78-u-mirovini-vise-nego-ikad-uzivam-u-radu","status":"publish","type":"post","link":"https:\/\/www.mojevrijeme.hr\/magazin\/2024\/09\/zlatko-pochobradsky-78-u-mirovini-vise-nego-ikad-uzivam-u-radu\/","title":{"rendered":"Zlatko Pochobradsky (78): U mirovini vi\u0161e nego ikad u\u017eivam u radu"},"content":{"rendered":"\n<p>Nema \u010dovjeka u \u010dabarskom kraju koji nije \u010duo za <strong>Zlatka Pochobradskog<\/strong>. Tijekom \u017eivota bavio se nizom razli\u010ditih aktivnosti, te\u0161ko je izdvojiti kojoj se od njih posvetio s vi\u0161e \u017eara i energije.<\/p>\n\n\n\n<p>Mnoge generacije pamte ga kao profesora hrvatskog jezika, filozofije i logike, a ujedno i kao ravnatelja srednje \u0161kole u \u010cabru. Drugi \u0107e ga opisati kao velikog pjesnika, a tre\u0107i za njega re\u0107i da je pisac pripovijetki, romana i drama na \u010dabarskom dijalektu. O njemu se nadaleko pro\u010dulo i kao o umjetniku iz Gorskog kotara koji u od drva i u drvu izra\u0111uje fenomenalne unikate.<\/p>\n\n\n\n<p>U mirovini je nastavio oblikovati drvo, ali i pisati. Ne namjerava stati, smatra da rad \u010dovjeka ispunjava i daje mu smisao. &#8220;Osnovno pitanje svakog \u010dovjeka pred mirovinom trebalo bi biti: \u0160to! \u0160to dalje? Nema istog odgovora za sve ljude. Svatko si mora sam osmisliti budu\u0107nost te se fizi\u010dki i psihi\u010dki pripremiti za novo razdoblje \u017eivota, koje nosi mnoge izazove. Bitno je samo osvijestiti da je rad \u010dovjeka u\u010dinio \u010dovjekom i da se ne treba sramiti niti jednog posla. Bitno je ne\u0161to raditi. \u010covjek se, ako ni\u0161ta ne radi, osje\u0107a izgubljeno, usamljeno, odba\u010deno&#8221;, govori nam ovaj vitalni umirovljenik.<\/p><div id=\"mojev-3022202336\" class=\"mojev-u-tekstu mojev-entity-placement\" style=\"margin-left: auto;margin-right: auto;text-align: center;\"><div class=\"mojev-adlabel\">oglas<\/div><div style=\"height: 250px;\"><script async src=\"https:\/\/pagead2.googlesyndication.com\/pagead\/js\/adsbygoogle.js?client=ca-pub-8106111766207173\"\r\n     crossorigin=\"anonymous\"><\/script>\r\n<!-- Prikazni 1 u tekstu -->\r\n<ins class=\"adsbygoogle\"\r\n     style=\"display:block\"\r\n     data-ad-client=\"ca-pub-8106111766207173\"\r\n     data-ad-slot=\"8535551207\"\r\n     data-ad-format=\"auto\"\r\n     data-full-width-responsive=\"true\"><\/ins>\r\n<script>\r\n     (adsbygoogle = window.adsbygoogle || []).push({});\r\n<\/script><\/div><\/div><br style=\"clear: both; display: block; float: none;\"\/>\n\n\n\n<h3 class=\"wp-block-heading\">&#8220;Nikad nisam znao stati&#8221;<\/h3>\n\n\n\n<p>Drvo je po\u010deo obradivati jo\u0161 kao dje\u010dak, i to no\u017ei\u0107em. &#8220;Ne \u010dudi moje zanimanje za drvo budu\u0107i da dolazim iz stolarske obitelji. No, na to sam posve zaboravio dok sam studirao na Filozofskom fakultetu u Zagrebu. U to sam se vrijeme gorljivo bacio u pjesni\u0161tvo i izdao prvu zbirku pjesama. Nakon diplome, iako mi se nudio posao u velegradu, srce me vratilo u rodni kraj, mojoj \u0161umi, mom drvu. Zaposlio sam se kao profesor u \u0161koli, ali imao sam jo\u0161 snova. Nastavio sam pisati, pjesme, romane i drame. A mira mi nije dao ni stari hobli\u0107&#8221;, pri\u010da nam dok u njegovu domu razgledavamo nebrojene i razli\u010dite uratke od drva.&nbsp;<\/p>\n\n\n\n<figure class=\"wp-block-image size-large\"><img loading=\"lazy\" decoding=\"async\" width=\"740\" height=\"444\" src=\"https:\/\/www.mojevrijeme.hr\/magazin\/wp-content\/uploads\/2024\/09\/zlatko-rezbarije-740x444.jpg\" alt=\"\" class=\"wp-image-115270\" srcset=\"https:\/\/www.mojevrijeme.hr\/magazin\/wp-content\/uploads\/2024\/09\/zlatko-rezbarije-740x444.jpg 740w, https:\/\/www.mojevrijeme.hr\/magazin\/wp-content\/uploads\/2024\/09\/zlatko-rezbarije-636x382.jpg 636w, https:\/\/www.mojevrijeme.hr\/magazin\/wp-content\/uploads\/2024\/09\/zlatko-rezbarije-768x461.jpg 768w, https:\/\/www.mojevrijeme.hr\/magazin\/wp-content\/uploads\/2024\/09\/zlatko-rezbarije-1536x922.jpg 1536w, https:\/\/www.mojevrijeme.hr\/magazin\/wp-content\/uploads\/2024\/09\/zlatko-rezbarije-1500x900.jpg 1500w, https:\/\/www.mojevrijeme.hr\/magazin\/wp-content\/uploads\/2024\/09\/zlatko-rezbarije-1600x960.jpg 1600w, https:\/\/www.mojevrijeme.hr\/magazin\/wp-content\/uploads\/2024\/09\/zlatko-rezbarije-590x354.jpg 590w, https:\/\/www.mojevrijeme.hr\/magazin\/wp-content\/uploads\/2024\/09\/zlatko-rezbarije-400x240.jpg 400w, https:\/\/www.mojevrijeme.hr\/magazin\/wp-content\/uploads\/2024\/09\/zlatko-rezbarije.jpg 2000w\" sizes=\"auto, (max-width: 740px) 100vw, 740px\" \/><figcaption class=\"wp-element-caption\">foto: Gordana Arh<\/figcaption><\/figure>\n\n\n\n<p>Kad je opet po\u010deo izra\u0111ivati predmete od drva, vi\u0161e nije stao, a u mirovini se potpuno posvetio obradi i oblikovanju drva. &#8220;Jo\u0161 za vrijeme Jugoslavije registrirao sam obrt i izra\u0111ivao uporabne predmete \u2013 dr\u017ea\u010de papira, kalendare, kutije za vino i med, \u0161to bi mi uglavnom naru\u010divale firme za novogodi\u0161nje poklone. Pomalo sam ulagao u strojeve za obradu drva, danas ih imam pet, svi su poluprofesionalni. S godinama sam \u0161irio i asortiman. Nikad nisam znao stati; uvijek sam smi\u0161ljao ne\u0161to novo, a sada, u mirovini, jo\u0161 vi\u0161e u\u017eivam u tome&#8221;, govori Pochobradsky. &nbsp;<\/p>\n\n\n\n<h3 class=\"wp-block-heading\">&#8220;Drvu otkrivam du\u0161u&#8221;<\/h3>\n\n\n\n<p>Dok nam pokazuje presjeke razli\u010ditih vrsta drva, pri\u010da kako malo na\u0161ih ljudi zna da imamo drve\u0107e koje je iznutra zeleno poput akacije, ljubi\u010dasto poput jorgovana, ili crveno poput posikovine. Voli raditi i sa \u017eivopisnom tisom, osebujnim jasenom, magi\u010dnim negnjilom i neposlu\u0161nom \u0161ljivom. Kad u svom kraju prona\u0111e lijepi primjerak, uzbu\u0111eno ga nosi ku\u0107i. <\/p>\n\n\n\n<p>&#8220;Tek kad zare\u017eem drvo i vidim njegov presjek, po\u010dinjem razmi\u0161ljati \u0161to bih od njega mogao napraviti. Drvo i njegova du\u0161a su ono \u0161to mi daje ideje; nikada drvu ne name\u0107em svoje zamisli&#8221;, otkriva nam dodaju\u0107i da se tek nedavno oku\u0161ao i s drvom masline.<\/p>\n\n\n\n<figure class=\"wp-block-image size-large\"><img loading=\"lazy\" decoding=\"async\" width=\"740\" height=\"444\" src=\"https:\/\/www.mojevrijeme.hr\/magazin\/wp-content\/uploads\/2024\/09\/drvena-srca-740x444.jpg\" alt=\"\" class=\"wp-image-115269\" srcset=\"https:\/\/www.mojevrijeme.hr\/magazin\/wp-content\/uploads\/2024\/09\/drvena-srca-740x444.jpg 740w, https:\/\/www.mojevrijeme.hr\/magazin\/wp-content\/uploads\/2024\/09\/drvena-srca-636x382.jpg 636w, https:\/\/www.mojevrijeme.hr\/magazin\/wp-content\/uploads\/2024\/09\/drvena-srca-768x461.jpg 768w, https:\/\/www.mojevrijeme.hr\/magazin\/wp-content\/uploads\/2024\/09\/drvena-srca-1536x922.jpg 1536w, https:\/\/www.mojevrijeme.hr\/magazin\/wp-content\/uploads\/2024\/09\/drvena-srca-1500x900.jpg 1500w, https:\/\/www.mojevrijeme.hr\/magazin\/wp-content\/uploads\/2024\/09\/drvena-srca-1600x960.jpg 1600w, https:\/\/www.mojevrijeme.hr\/magazin\/wp-content\/uploads\/2024\/09\/drvena-srca-590x354.jpg 590w, https:\/\/www.mojevrijeme.hr\/magazin\/wp-content\/uploads\/2024\/09\/drvena-srca-400x240.jpg 400w, https:\/\/www.mojevrijeme.hr\/magazin\/wp-content\/uploads\/2024\/09\/drvena-srca.jpg 2000w\" sizes=\"auto, (max-width: 740px) 100vw, 740px\" \/><figcaption class=\"wp-element-caption\">foto: Gordana Arh<\/figcaption><\/figure>\n\n\n\n<p>Te\u0161ko je i pobrojati \u0161to sve izra\u0111uje, do sutra ve\u0107 \u0107e tu biti koji novi proizvod. &#8220;Najvi\u0161e radim nakit i izvorne suvenire u obliku skulptura medvjeda, risa, vuka, lisice, leptira, gljiva, a svi su u mini verziji i na privjescima. Tu su i slike, satovi, ambala\u017ene kutije, izlo\u017ebeni stalci i zvi\u017edaljke koje obo\u017eavaju djeca. Veliki su mi adut i slijepi okviri za slike i slikarski stalci jer mi ih ve\u0107 dugi niz godina naru\u010duju brojni slikari. Nerijetko me zovu i na izlo\u017ebe i tako ostajem u kontaktu s umjetno\u0161\u0107u, koju toliko volim&#8221;, doznajemo od ovog iznimno aktivnog umirovljenika.<\/p>\n\n\n\n<h3 class=\"wp-block-heading\">Svaki je proizvod unikat<\/h3>\n\n\n\n<p>Svaki je njegov proizvod, ka\u017ee potom, njegovih ruku djelo, strojevi mu poma\u017eu tek izrezati osnovu, zagladiti povr\u0161inu, probu\u0161iti rupice i sli\u010dno. &#8220;Osim \u0161to su proizvodi autohtoni i unikatni, potpuno su prirodni jer drvo od vanjskih utjecaja \u0161titim samo maslinovim uljem. Upravo ulje jo\u0161 dodatno naglasi ljepotu godova i pomalo promijeni boju drva, a ponekad jednu stranu ogrlice prema\u017eem, a drugu ne, pa se taj komad nakita mo\u017ee nositi na dvije razli\u010dite strane. Supruga se \u0161ali pa mi ka\u017ee da radim dvoli\u010dne ogrlice&#8221;, ka\u017ee sa smije\u0161kom.<\/p>\n\n\n\n<h3 class=\"wp-block-heading\">A cijene?<\/h3>\n\n\n\n<p>Ako na nekoj od goranskih manifestacija, a prodaje na gotovo svakoj, nai\u0111ete na \u0161tand Zlatka Pochobradskog, zasigurno vam kupnja kod njega ne\u0107e isprazniti d\u017eepove. Njegov <em>bestseller<\/em>, privjesak s veselom gljivom muharom, platit \u0107ete 3 eura. Najskuplju ogrlicu platiti \u0107ete 20 eura, ali tada \u0107ete imati trajan, originalan i vrijedan komad nakita koji nikada ne\u0107e pro\u0107i nezapa\u017eeno.<\/p>\n\n\n\n<p>&#8220;Lijepo je malo ovako hobijem podebljati ove mr\u0161ave hrvatske mirovine, ali nema tu velike zarade, vi\u0161e je tu ljubavi nego dobiti. Rezbarenje je moj \u017eivot, a pomalo i \u017eivot cijele moje obitelji koja mi poma\u017ee u poslu. Baviti \u0107u se ovime dok god mi zdravlje dopusti i iskreno, ne pro\u0111e dan da ne pomolim makar nos kroz vrata moje radione. Ponekad tu smirim um, pa mi padaju i ideje bilo za novu pjesmu, roman ili dramu, a onda naglo ustanem i ostavim rezbarije pa pohitam zapisati bilje\u0161ke na laptop&#8221;, govori.<\/p>\n\n\n\n<h3 class=\"wp-block-heading\">Cijela obitelj u poslu<\/h3>\n\n\n\n<figure class=\"wp-block-image size-large\"><img loading=\"lazy\" decoding=\"async\" width=\"740\" height=\"444\" src=\"https:\/\/www.mojevrijeme.hr\/magazin\/wp-content\/uploads\/2024\/09\/drvena-narukvica-740x444.jpg\" alt=\"\" class=\"wp-image-115268\" srcset=\"https:\/\/www.mojevrijeme.hr\/magazin\/wp-content\/uploads\/2024\/09\/drvena-narukvica-740x444.jpg 740w, https:\/\/www.mojevrijeme.hr\/magazin\/wp-content\/uploads\/2024\/09\/drvena-narukvica-636x382.jpg 636w, https:\/\/www.mojevrijeme.hr\/magazin\/wp-content\/uploads\/2024\/09\/drvena-narukvica-768x461.jpg 768w, https:\/\/www.mojevrijeme.hr\/magazin\/wp-content\/uploads\/2024\/09\/drvena-narukvica-1536x922.jpg 1536w, https:\/\/www.mojevrijeme.hr\/magazin\/wp-content\/uploads\/2024\/09\/drvena-narukvica-1500x900.jpg 1500w, https:\/\/www.mojevrijeme.hr\/magazin\/wp-content\/uploads\/2024\/09\/drvena-narukvica-1600x960.jpg 1600w, https:\/\/www.mojevrijeme.hr\/magazin\/wp-content\/uploads\/2024\/09\/drvena-narukvica-590x354.jpg 590w, https:\/\/www.mojevrijeme.hr\/magazin\/wp-content\/uploads\/2024\/09\/drvena-narukvica-400x240.jpg 400w, https:\/\/www.mojevrijeme.hr\/magazin\/wp-content\/uploads\/2024\/09\/drvena-narukvica.jpg 2000w\" sizes=\"auto, (max-width: 740px) 100vw, 740px\" \/><figcaption class=\"wp-element-caption\">foto: Gordana Arh<\/figcaption><\/figure>\n\n\n\n<p>Desna ruka mu je, isti\u010de, u svemu supruga Veronika (71). Njihova ljubav traje od \u0161kolskih dana i bli\u017ee se zlatnom piru. &#8220;Za radnog vijeka smo \u017eivjeli u stanu u \u010cabru, a kad je i ona oti\u0161la u mirovinu, preselili smo u obnovljenu ku\u0107u na njezinoj djedovini u Gerovu. Ona tu ima svoj vrt, a ja napokon veliku radionu. U \u0161ali volim re\u0107i da sam se zapravo tek u mirovini primio posla jer ama ba\u0161 nikad ne mirujem, ili smi\u0161ljam ili rezbarim ili sam na prodajnom mjestu ili pi\u0161em&#8221;, nabraja.<\/p>\n\n\n\n<p>Njihova djeca, blizanci Tihana i Filip, rano su oti\u0161li od ku\u0107e na studij u Zagreb. &#8220;Tihana je trenirala tenis i odmalena je bila po turnirima, navikli smo da nije kod ku\u0107e. A kad je oti\u0161ao i Filip, boljelo je. No, supruga ni ja djecu ni u \u010demu nismo sputavali, po\u0161tovali smo tako i njihovu odluku da se nakon diplome zaposle u Zagrebu. No, srce nam je sasvim na mjestu jer vole do\u0107i ku\u0107i, svaki praznik, blagdane, pa i godi\u0161nji odmor najradije provodu s nama u Gerovu&#8221;, doznajemo.<\/p>\n\n\n\n<p>Uklju\u010dili su se i oni u obiteljski posao, pa Tihana ure\u0111uje internetske stranice za prodaju njihovih proizvoda <a href=\"https:\/\/www.facebook.com\/UnikatniDrveniProizvodi\" target=\"_blank\" rel=\"noreferrer noopener\">Unikatni drveni proizvodi<\/a>, ponekad u ruke uzme i pirograf, a Filip se uklju\u010duje u dizajn proizvoda i fotografira idili\u010dan gorski kraj pa potom prizore priprema za tiskanje na suvenire. Potpisnik je dizajna i za neke od naslovnica o\u010devih \u010dak 18 izdanih knji\u017eevnih djela.<\/p>\n\n\n\n<h3 class=\"wp-block-heading\">Zgode i nezgode u poslu<\/h3>\n\n\n\n<p>Vi\u0161e se puta, otkriva nam, razo\u010darao u nelojalnu konkurenciju. &#8220;Naravno da mi na sav trud koji ula\u017eem nije drago kad me kolege iz Gorskog kotara kopiraju. Ima ih koji bi ove predmeti tehni\u010dki mogli izraditi, ali jednostavno nisu kreativni. Do\u0111u, fotografiraju moj \u0161tand, i poslije kod njih vidim identi\u010dan dizajn, \u010dak i od istog drva. Ljudi su nevjerojatni&#8221;, povjerava nam.<\/p>\n\n\n\n<figure class=\"wp-block-image size-large\"><img loading=\"lazy\" decoding=\"async\" width=\"740\" height=\"444\" src=\"https:\/\/www.mojevrijeme.hr\/magazin\/wp-content\/uploads\/2024\/09\/zlatko-pochobradsky-2-740x444.jpg\" alt=\"\" class=\"wp-image-115267\" srcset=\"https:\/\/www.mojevrijeme.hr\/magazin\/wp-content\/uploads\/2024\/09\/zlatko-pochobradsky-2-740x444.jpg 740w, https:\/\/www.mojevrijeme.hr\/magazin\/wp-content\/uploads\/2024\/09\/zlatko-pochobradsky-2-636x382.jpg 636w, https:\/\/www.mojevrijeme.hr\/magazin\/wp-content\/uploads\/2024\/09\/zlatko-pochobradsky-2-768x461.jpg 768w, https:\/\/www.mojevrijeme.hr\/magazin\/wp-content\/uploads\/2024\/09\/zlatko-pochobradsky-2-1536x922.jpg 1536w, https:\/\/www.mojevrijeme.hr\/magazin\/wp-content\/uploads\/2024\/09\/zlatko-pochobradsky-2-1500x900.jpg 1500w, https:\/\/www.mojevrijeme.hr\/magazin\/wp-content\/uploads\/2024\/09\/zlatko-pochobradsky-2-1600x960.jpg 1600w, https:\/\/www.mojevrijeme.hr\/magazin\/wp-content\/uploads\/2024\/09\/zlatko-pochobradsky-2-590x354.jpg 590w, https:\/\/www.mojevrijeme.hr\/magazin\/wp-content\/uploads\/2024\/09\/zlatko-pochobradsky-2-400x240.jpg 400w, https:\/\/www.mojevrijeme.hr\/magazin\/wp-content\/uploads\/2024\/09\/zlatko-pochobradsky-2.jpg 2000w\" sizes=\"auto, (max-width: 740px) 100vw, 740px\" \/><figcaption class=\"wp-element-caption\">Zlatko Pochobradsky (foto: Gordana Arh)<\/figcaption><\/figure>\n\n\n\n<p>Bude tu, sre\u0107om, puno vi\u0161e lijepih iskustava. &#8220;Raznih simpati\u010dnih zgoda bude uvijek kad ste okru\u017eeni ljudima. Simpati\u010dno mi je vidjeti kad mi na prodajno mjesto do\u0111u \u017eene pa razgledavaju nakit, a onda produ\u017ee dalje. Njihovi se mu\u017eevi kriomice vrate i supruzi kupe ne\u0161to \u0161to joj se svidjelo. Ponekad mi se \u017eene kad me vide do\u0111u pohvaliti i re\u0107i mi da obo\u017eavaju svoju ogrlicu, narukvicu ili nau\u0161nice. To me uvijek raduje, kao i kada u Nacionalni park Risnjak, gdje naj\u010de\u0161\u0107e imam \u0161tand tijekom tjedna, do\u0111u ekskurzije, pa djeca pokupuju sve zvi\u017edaljke&#8221;, otkriva na\u0161 svestrani sugovornik.<\/p>\n\n\n\n<h3 class=\"wp-block-heading\">Priznati knji\u017eevnik<\/h3>\n\n\n\n<p>Na kraju, ne\u0107emo propustiti spomenuti jo\u0161 pokoju titulu koju ovaj iznimni Goranin zaslu\u017euje: \u010duvar goranske rije\u010di i veliki promotor svoga kraja, budu\u0107i da je mnoga svoja djela napisao na osebujnom govoru gerovskog kraja. A kao profesor, kod mladih je gorljivo razvijao naviku da pi\u0161u na govoru svog zavi\u010daja.<\/p>\n\n\n\n<p>Do sada je objavio petnaest zbirki pjesama, jednu komediju i dva romana. Kao autor vi\u0161estruko je nagra\u0111ivan, a osobito je ponosan nagradu Fonda Drage Gervaisa i \u010dak \u010detiri Goran\u010dice. Posljednju je dobio proljetos, za dramu &#8220;Duoste graje a za kaj&#8221;. Trebate prijevod na knji\u017eevni hrvatski jezik? &#8220;Mnogo vike ni za \u0161to&#8221;, re\u0107i \u0107e Pochobradsky, \u0161to u biti odra\u017eava sr\u017e njegove drame i filozofiju \u017eivota koja je utkana u njegova djela.&nbsp;<\/p>\n\n\n\n<p class=\"has-text-align-center has-text-color\" style=\"color:#666666;font-size:0.8rem\">Ovaj prilog je objavljen u sklopu projekta poticanja novinarske izvrsnosti Agencije za elektroni\u010dke medije.<\/p>\n<div id=\"mojev-2894429107\" class=\"mojev-kraj-teksta mojev-entity-placement\" style=\"margin-bottom: 20px;margin-left: auto;margin-right: auto;text-align: center;\"><div class=\"mojev-adlabel\">oglas<\/div><div style=\"height: 250px;\"><script async src=\"https:\/\/pagead2.googlesyndication.com\/pagead\/js\/adsbygoogle.js?client=ca-pub-8106111766207173\"\r\n     crossorigin=\"anonymous\"><\/script>\r\n<!-- Display-1 -->\r\n<ins class=\"adsbygoogle\"\r\n     style=\"display:block\"\r\n     data-ad-client=\"ca-pub-8106111766207173\"\r\n     data-ad-slot=\"1465712950\"\r\n     data-ad-format=\"auto\"\r\n     data-full-width-responsive=\"true\"><\/ins>\r\n<script>\r\n     (adsbygoogle = window.adsbygoogle || []).push({});\r\n<\/script><\/div><\/div>","protected":false},"excerpt":{"rendered":"<p>Kad se probudi s novom idejom, nijedno goransko jutro nije toliko tmurno i hladno da umirovljeni profesor Zlatko Pochobradsky (78) ne bi sko\u010dio iz kreveta i pohitao u svoju radionicu u obiteljskoj ku\u0107i u Gerovu. U ruke uzima drvo i stolarski alat i oblikovanje mo\u017ee po\u010deti \u2013 unikatni nakit, modeli \u0161umskih \u017eivotinja i raslinstva, suveniri, satovi, ukrasne kutije, sve to nastaje pod njegovim rukama.<\/p>\n","protected":false},"author":15,"featured_media":115271,"comment_status":"closed","ping_status":"closed","sticky":false,"template":"","format":"standard","meta":{"footnotes":""},"categories":[2],"tags":[3104,1342,3271],"class_list":["post-115147","post","type-post","status-publish","format-standard","has-post-thumbnail","hentry","category-mozaik","tag-gorski-kotar","tag-rad-uz-mirovinu","tag-uspjesno-starenje"],"_links":{"self":[{"href":"https:\/\/www.mojevrijeme.hr\/magazin\/wp-json\/wp\/v2\/posts\/115147","targetHints":{"allow":["GET"]}}],"collection":[{"href":"https:\/\/www.mojevrijeme.hr\/magazin\/wp-json\/wp\/v2\/posts"}],"about":[{"href":"https:\/\/www.mojevrijeme.hr\/magazin\/wp-json\/wp\/v2\/types\/post"}],"author":[{"embeddable":true,"href":"https:\/\/www.mojevrijeme.hr\/magazin\/wp-json\/wp\/v2\/users\/15"}],"replies":[{"embeddable":true,"href":"https:\/\/www.mojevrijeme.hr\/magazin\/wp-json\/wp\/v2\/comments?post=115147"}],"version-history":[{"count":0,"href":"https:\/\/www.mojevrijeme.hr\/magazin\/wp-json\/wp\/v2\/posts\/115147\/revisions"}],"wp:featuredmedia":[{"embeddable":true,"href":"https:\/\/www.mojevrijeme.hr\/magazin\/wp-json\/wp\/v2\/media\/115271"}],"wp:attachment":[{"href":"https:\/\/www.mojevrijeme.hr\/magazin\/wp-json\/wp\/v2\/media?parent=115147"}],"wp:term":[{"taxonomy":"category","embeddable":true,"href":"https:\/\/www.mojevrijeme.hr\/magazin\/wp-json\/wp\/v2\/categories?post=115147"},{"taxonomy":"post_tag","embeddable":true,"href":"https:\/\/www.mojevrijeme.hr\/magazin\/wp-json\/wp\/v2\/tags?post=115147"}],"curies":[{"name":"wp","href":"https:\/\/api.w.org\/{rel}","templated":true}]}}