{"id":11516,"date":"2017-12-17T17:05:30","date_gmt":"2017-12-17T16:05:30","guid":{"rendered":"http:\/\/www.mojevrijeme.hr\/magazin\/?p=11516"},"modified":"2018-12-17T15:36:25","modified_gmt":"2018-12-17T14:36:25","slug":"zene-su-najsretnije-kad-su-udovice","status":"publish","type":"post","link":"https:\/\/www.mojevrijeme.hr\/magazin\/2017\/12\/zene-su-najsretnije-kad-su-udovice\/","title":{"rendered":"\u017dene su najsretnije kad su udovice?"},"content":{"rendered":"<p>\u017dene su manje sretne od mu\u0161karaca sve dok ne do\u0111u u dob od 85 godina, pokazalo je novo istra\u017eivanje. Prema tvrdnjama psihijatara, razlog mo\u017eda le\u017ei u \u010dinjenici \u0161to u toj dobi naj\u010de\u0161\u0107e postanu udovice, pi\u0161e <em>The Indipendent<\/em>, a prenosi <a href=\"https:\/\/www.vecernji.hr\/lifestyle\/sreca-zene-muskarci-starija-dob-1214101\" target=\"_blank\" rel=\"noopener\">Vecernji.hr<\/a>.<\/p>\n<p>Istra\u017eivanje provedeno na 8.000 odraslih Britanaca pokazalo je da \u0107e \u017eene \u010de\u0161\u0107e od mu\u0161karaca tijekom \u017eivota imati ozbiljnijih zdravstvenih problema. Najve\u0107e odstupanje zabilje\u017eeno je kod mentalnog zdravlja, takve probleme prijavilo je 28 posto \u017eena u dobi izme\u0111u 16 i 24 godine, u odnosu na 16 posto mu\u0161karaca.&nbsp; No, razlika se smanjuje s godinama jer 18 posto mu\u0161karaca i \u017eena prijavljuje du\u0161evne bolesti u dobi izme\u0111u 25 i 34 godine.<\/p>\n<p>Do vremena kada \u017eene do\u0111u u srednju dob, njihova sre\u0107a se opet smanjuje jer, prema istra\u017eivanju, 24 posto njih oboli od psihi\u010dkih smetnji u dobi izme\u0111u 45 i 54 godine.<\/p><div id=\"mojev-4053297929\" class=\"mojev-u-tekstu mojev-entity-placement\" style=\"margin-left: auto;margin-right: auto;text-align: center;\"><div class=\"mojev-adlabel\">oglas<\/div><div style=\"height: 250px;\"><script async src=\"https:\/\/pagead2.googlesyndication.com\/pagead\/js\/adsbygoogle.js?client=ca-pub-8106111766207173\"\r\n     crossorigin=\"anonymous\"><\/script>\r\n<!-- Prikazni 1 u tekstu -->\r\n<ins class=\"adsbygoogle\"\r\n     style=\"display:block\"\r\n     data-ad-client=\"ca-pub-8106111766207173\"\r\n     data-ad-slot=\"8535551207\"\r\n     data-ad-format=\"auto\"\r\n     data-full-width-responsive=\"true\"><\/ins>\r\n<script>\r\n     (adsbygoogle = window.adsbygoogle || []).push({});\r\n<\/script><\/div><\/div><br style=\"clear: both; display: block; float: none;\"\/>\n<p>Istra\u017eivanje je obuhva\u0107alo 12 pitanja na temelju kojih su sudionici procjenjivali razinu samopouzdanja, anksioznosti i poreme\u0107aja spavanja. Za ispitanike koji su postigli \u010detiri ili vi\u0161e bodova na ljestvici smatralo se da \u0107e vjerojatno oboljeti od psihi\u010dkih bolesti, pi\u0161e.<\/p>\n<p>Kako je objasnila <strong>Kate Lovett<\/strong> s fakulteta <em>Royal College of Psychiatrists<\/em>, mogu\u0107e je da su \u017eene op\u0107enito nesretnije od mu\u0161karaca zbog tereta ku\u0107anskih obaveza. To se smanjuje s godinama jer njihova djeca odrastu pa vi\u0161e nemaju toliki osje\u0107aj obaveza. Tako\u0111er, iako je prema statistikama vjerojatnije za \u017eene da razviju depresiju, Lovett obja\u0161njava da su po pitanju depresije zapravo mu\u0161karci ranjiviji, pogotovo oni iznad 85 godina koji nemaju partnericu.<\/p>\n<div id=\"mojev-69697151\" class=\"mojev-kraj-teksta mojev-entity-placement\" style=\"margin-bottom: 20px;margin-left: auto;margin-right: auto;text-align: center;\"><div class=\"mojev-adlabel\">oglas<\/div><div style=\"height: 250px;\"><script async src=\"https:\/\/pagead2.googlesyndication.com\/pagead\/js\/adsbygoogle.js?client=ca-pub-8106111766207173\"\r\n     crossorigin=\"anonymous\"><\/script>\r\n<!-- Display-1 -->\r\n<ins class=\"adsbygoogle\"\r\n     style=\"display:block\"\r\n     data-ad-client=\"ca-pub-8106111766207173\"\r\n     data-ad-slot=\"1465712950\"\r\n     data-ad-format=\"auto\"\r\n     data-full-width-responsive=\"true\"><\/ins>\r\n<script>\r\n     (adsbygoogle = window.adsbygoogle || []).push({});\r\n<\/script><\/div><\/div>","protected":false},"excerpt":{"rendered":"<p>Mogu\u0107e je da su \u017eene op\u0107enito nesretnije od mu\u0161karaca zbog tereta ku\u0107anskih obaveza. To se smanjuje s godinama jer njihova djeca odrastu pa vi\u0161e nemaju toliki osje\u0107aj obaveza. <\/p>\n","protected":false},"author":1,"featured_media":11517,"comment_status":"closed","ping_status":"closed","sticky":false,"template":"","format":"standard","meta":{"footnotes":""},"categories":[3],"tags":[149,35,800],"class_list":["post-11516","post","type-post","status-publish","format-standard","has-post-thumbnail","hentry","category-zdravlje","tag-depresija","tag-sreca","tag-udovice"],"_links":{"self":[{"href":"https:\/\/www.mojevrijeme.hr\/magazin\/wp-json\/wp\/v2\/posts\/11516","targetHints":{"allow":["GET"]}}],"collection":[{"href":"https:\/\/www.mojevrijeme.hr\/magazin\/wp-json\/wp\/v2\/posts"}],"about":[{"href":"https:\/\/www.mojevrijeme.hr\/magazin\/wp-json\/wp\/v2\/types\/post"}],"author":[{"embeddable":true,"href":"https:\/\/www.mojevrijeme.hr\/magazin\/wp-json\/wp\/v2\/users\/1"}],"replies":[{"embeddable":true,"href":"https:\/\/www.mojevrijeme.hr\/magazin\/wp-json\/wp\/v2\/comments?post=11516"}],"version-history":[{"count":0,"href":"https:\/\/www.mojevrijeme.hr\/magazin\/wp-json\/wp\/v2\/posts\/11516\/revisions"}],"wp:featuredmedia":[{"embeddable":true,"href":"https:\/\/www.mojevrijeme.hr\/magazin\/wp-json\/wp\/v2\/media\/11517"}],"wp:attachment":[{"href":"https:\/\/www.mojevrijeme.hr\/magazin\/wp-json\/wp\/v2\/media?parent=11516"}],"wp:term":[{"taxonomy":"category","embeddable":true,"href":"https:\/\/www.mojevrijeme.hr\/magazin\/wp-json\/wp\/v2\/categories?post=11516"},{"taxonomy":"post_tag","embeddable":true,"href":"https:\/\/www.mojevrijeme.hr\/magazin\/wp-json\/wp\/v2\/tags?post=11516"}],"curies":[{"name":"wp","href":"https:\/\/api.w.org\/{rel}","templated":true}]}}