{"id":115377,"date":"2024-09-09T22:32:03","date_gmt":"2024-09-09T20:32:03","guid":{"rendered":"https:\/\/www.mojevrijeme.hr\/magazin\/?p=115377"},"modified":"2024-09-09T22:32:07","modified_gmt":"2024-09-09T20:32:07","slug":"sukob-sa-svekrom-mlada-majka-ocajna-zbog-svakodnevnih-uvreda","status":"publish","type":"post","link":"https:\/\/www.mojevrijeme.hr\/magazin\/2024\/09\/sukob-sa-svekrom-mlada-majka-ocajna-zbog-svakodnevnih-uvreda\/","title":{"rendered":"Sukob sa svekrom: Mlada majka o\u010dajna zbog svakodnevnih uvreda"},"content":{"rendered":"\n<p>Iako se snahe naj\u010de\u0161\u0107e \u017eale na odnose sa svekrvama, ponekad za\u0161kripi i odnos sa suprugovim ocem. Rijetko, ali dogode se i neizdr\u017eive situacije poput one koju je s javnosti podijelila 27-godi\u0161nja majka i supruga koja se osje\u0107a psihi\u010dki zlostavljano zbog neprijateljskih postupaka svekra. <\/p>\n\n\n\n<p>&#8220;\u017divimo u istoj ku\u0107i mu\u017e, dvoje djece, svekar i ja. Mi gore, on na donjem katu. Mu\u017e uglavnom cijeli dan radi ili je na terenima. Ja ne radim, s djecom sam kod ku\u0107e. Svekar je postao nemogu\u0107 \u010dovjek, on \u017eivi jo\u0161 uvijek u tom stolje\u0107u u kojem snaha mora slu\u0161ati i ne smije izlaziti iz ku\u0107e&#8221;, po\u010detak je jadanja mlade majke u popularnoj grupi Mamine tajne na Facebooku. <\/p>\n\n\n\n<p>Ka\u017ee, situacija bude dobra na nekoliko dana, a potom eskalira. &#8220;Svekar izmi\u0161lja gluposti. Ako ne\u0161to nedostaje, odmah ka\u017ee da sam ja to ukrala ili uzela. Ako me nema ve\u0107i dio dana, a \u010desto je to zbog obveza oko djece, odmah prigovara kako samo hodam po selu.&#8221;<\/p><div id=\"mojev-4108016645\" class=\"mojev-u-tekstu mojev-entity-placement\" style=\"margin-left: auto;margin-right: auto;text-align: center;\"><div class=\"mojev-adlabel\">oglas<\/div><div style=\"height: 250px;\"><script async src=\"https:\/\/pagead2.googlesyndication.com\/pagead\/js\/adsbygoogle.js?client=ca-pub-8106111766207173\"\r\n     crossorigin=\"anonymous\"><\/script>\r\n<!-- Prikazni 1 u tekstu -->\r\n<ins class=\"adsbygoogle\"\r\n     style=\"display:block\"\r\n     data-ad-client=\"ca-pub-8106111766207173\"\r\n     data-ad-slot=\"8535551207\"\r\n     data-ad-format=\"auto\"\r\n     data-full-width-responsive=\"true\"><\/ins>\r\n<script>\r\n     (adsbygoogle = window.adsbygoogle || []).push({});\r\n<\/script><\/div><\/div><br style=\"clear: both; display: block; float: none;\"\/>\n\n\n\n<h3 class=\"wp-block-heading\">Roditelji je ne smiju posje\u0107ivati<\/h3>\n\n\n\n<p>Uz sve to, ne podnosi ni njene roditelje i naziva ih ru\u017enim imenima. &#8220;\u010cak je i za mene mom djetetu nekidan rekao da sam kobila i kradljivica. Oko ku\u0107e se ni\u0161ta ne smije baciti, niti skloniti ili uraditi, ako on to nije dozvolio. Mu\u017e je uvijek na mojoj strani, jer zna kakav mu je otac, ali uvijek ka\u017ee da ga pustim i da se ne zamaram time. Ali njega nema cijeli dan i on ne shva\u0107a kako je to kad sve to do\u017eivljava\u0161&#8221;, pi\u0161e o\u010dajna snaha. <\/p>\n\n\n\n<p>Dodaje, strah ju je za vlastito psihi\u010dko zdravlje i radije bi pla\u0107ala stan, nego trpjela takve uvrede. No suprug je taj koji je smiruje i govori joj da ni svekar ne\u0107e \u017eivjeti vje\u010dno te da je glupo da zbog njega pla\u0107aju podstanarski stan. &#8220;A ja bih stvarno radije sad i pla\u0107ala stan i jela suh kruh, ali da imam neki mir. Ako je netko bio u nekoj sli\u010dnoj situaciji, neka me savjetuje \u0161to da vi\u0161e radim, kako da se postavim i kako da se nosim s tom situacijom&#8221; zaklju\u010duje ova 27-godi\u0161nja \u017eena.<\/p>\n\n\n\n<h3 class=\"wp-block-heading\">Je li to normalno pona\u0161anje starije osobe? Nije!<\/h3>\n\n\n\n<p>Me\u0111u odgovorima nekoliko je onih koji ka\u017eu da je to normalno pona\u0161anje za stare osobe, s \u010dime se i ne mo\u017eemo slo\u017eiti.<\/p>\n\n\n\n<p>&#8220;Radim u stara\u010dkom domu i, na\u017ealost, to je normalno pona\u0161anje jednog starca. Njima je uvijek netko ne\u0161to ukrao. Ne daju baciti ni\u0161ta, iako se radi o sme\u0107u. Ne daju ni\u0161ta dirati jer je sve njihovo &#8216;zlatno&#8217;. Jedino rje\u0161enje je ili se odselite ili te\u0161ko ignoriranje zbog svojih \u017eivaca. Najve\u0107i problem je \u0161to kako bude stario, postajat \u0107e sve gori. Kako tijelo stari, tako mozak zakazuje&#8221;, napisala je radnica doma za umirovljenike.<\/p>\n\n\n\n<h3 class=\"wp-block-heading\">Je li zastra\u0161ivanje rje\u0161enje? Nije!<\/h3>\n\n\n\n<p>Druga komentatorica ima jo\u0161 manje razumijevanje za svekra iz ove pri\u010de pa kao izlaz vidi psihi\u010dko nasilje nad starcem. &#8220;Reci mu da \u0107e\u0161 ga snimiti i hospitalizirati u Vrap\u010du, ako te krene napadati. Zaprijeti mu da \u0107e\u0161 mu uzeti poslovnu sposobnost i strpati ga u dom. Zastra\u0161i ga. On osje\u0107a da te mo\u017ee \u017ederati i zato ti to radi. Ili se nametni ili bje\u017ei. Za supruga snimi te situacije jer te o\u010dito ne\u0107e razumjeti dok ne \u010duje na svoje u\u0161i&#8221;, napisala je.<\/p>\n\n\n\n<h3 class=\"wp-block-heading\">Treba li pozvati stru\u010dnjake? Treba!<\/h3>\n\n\n\n<p>&#8220;Ne bi bilo lo\u0161e da ga odvedete lije\u010dniku! Neurologu i psihijatru, naravno. Treba vidjeti je li bio takav i prije. A drugo, ignoriraj, ne slu\u0161aj \u0161to ti govori. Nema tebi on \u0161to re\u0107i gdje \u0107e\u0161 i \u0161to \u0107e\u0161!&#8221; zaklju\u010dila je tre\u0107a komentatorica koja bi u pri\u010du uklju\u010dila i stru\u010dnjake. I doista, oni bi mogli odgonetnuti razloge takvog neprihvatljivog pona\u0161anja. <\/p>\n\n\n\n<p>Uz to, autorica ovog potresnog pisma mora misliti i na svoj brak te u\u010diniti sve da joj nerazumno pona\u0161anje svekra ne razori obitelj. Zbog toga bi trebala otvoreno razgovarati sa suprugom o svojim osje\u0107ajima i iskustvima s njegovim ocem. Ne bi valjalo odbaciti i odlazak do bra\u010dnog terapeuta ili psihologa kako bi zajedno radili na rje\u0161avanju problema. Terapeut mo\u017ee pomo\u0107i u razumijevanju situacije i pru\u017eiti alate za bolju komunikaciju s obitelji. A vi, \u0161to biste vi u\u010dinili na mjestu o\u010dajne snahe?<\/p>\n<div id=\"mojev-3120060914\" class=\"mojev-kraj-teksta mojev-entity-placement\" style=\"margin-bottom: 20px;margin-left: auto;margin-right: auto;text-align: center;\"><div class=\"mojev-adlabel\">oglas<\/div><div style=\"height: 250px;\"><script async src=\"https:\/\/pagead2.googlesyndication.com\/pagead\/js\/adsbygoogle.js?client=ca-pub-8106111766207173\"\r\n     crossorigin=\"anonymous\"><\/script>\r\n<!-- Display-1 -->\r\n<ins class=\"adsbygoogle\"\r\n     style=\"display:block\"\r\n     data-ad-client=\"ca-pub-8106111766207173\"\r\n     data-ad-slot=\"1465712950\"\r\n     data-ad-format=\"auto\"\r\n     data-full-width-responsive=\"true\"><\/ins>\r\n<script>\r\n     (adsbygoogle = window.adsbygoogle || []).push({});\r\n<\/script><\/div><\/div>","protected":false},"excerpt":{"rendered":"<p>Mlada majka strahuje za vlastito psihi\u010dko zdravlje i radije bi oti\u0161la u podstanare, nego trpjela takve uvrede. No suprug je taj koji je smiruje i govori joj da ni svekar ne\u0107e \u017eivjeti vje\u010dno te da je glupo da zbog njega pla\u0107aju podstanarski stan. <\/p>\n","protected":false},"author":1,"featured_media":85240,"comment_status":"closed","ping_status":"closed","sticky":false,"template":"","format":"standard","meta":{"footnotes":""},"categories":[3552],"tags":[3437,1450,3374,3279],"class_list":["post-115377","post","type-post","status-publish","format-standard","has-post-thumbnail","hentry","category-povjerljivo","tag-obiteljski-odnosi","tag-obiteljsko-nasilje","tag-snahe","tag-svekar"],"_links":{"self":[{"href":"https:\/\/www.mojevrijeme.hr\/magazin\/wp-json\/wp\/v2\/posts\/115377","targetHints":{"allow":["GET"]}}],"collection":[{"href":"https:\/\/www.mojevrijeme.hr\/magazin\/wp-json\/wp\/v2\/posts"}],"about":[{"href":"https:\/\/www.mojevrijeme.hr\/magazin\/wp-json\/wp\/v2\/types\/post"}],"author":[{"embeddable":true,"href":"https:\/\/www.mojevrijeme.hr\/magazin\/wp-json\/wp\/v2\/users\/1"}],"replies":[{"embeddable":true,"href":"https:\/\/www.mojevrijeme.hr\/magazin\/wp-json\/wp\/v2\/comments?post=115377"}],"version-history":[{"count":0,"href":"https:\/\/www.mojevrijeme.hr\/magazin\/wp-json\/wp\/v2\/posts\/115377\/revisions"}],"wp:featuredmedia":[{"embeddable":true,"href":"https:\/\/www.mojevrijeme.hr\/magazin\/wp-json\/wp\/v2\/media\/85240"}],"wp:attachment":[{"href":"https:\/\/www.mojevrijeme.hr\/magazin\/wp-json\/wp\/v2\/media?parent=115377"}],"wp:term":[{"taxonomy":"category","embeddable":true,"href":"https:\/\/www.mojevrijeme.hr\/magazin\/wp-json\/wp\/v2\/categories?post=115377"},{"taxonomy":"post_tag","embeddable":true,"href":"https:\/\/www.mojevrijeme.hr\/magazin\/wp-json\/wp\/v2\/tags?post=115377"}],"curies":[{"name":"wp","href":"https:\/\/api.w.org\/{rel}","templated":true}]}}