{"id":115496,"date":"2024-09-11T11:41:48","date_gmt":"2024-09-11T09:41:48","guid":{"rendered":"https:\/\/www.mojevrijeme.hr\/magazin\/?p=115496"},"modified":"2024-09-11T11:42:56","modified_gmt":"2024-09-11T09:42:56","slug":"dio-umirovljenika-bi-mogao-biti-rasterecen-poreza-na-mirovine","status":"publish","type":"post","link":"https:\/\/www.mojevrijeme.hr\/magazin\/2024\/09\/dio-umirovljenika-bi-mogao-biti-rasterecen-poreza-na-mirovine\/","title":{"rendered":"Dio umirovljenika bi mogao biti rastere\u0107en poreza na mirovine"},"content":{"rendered":"\n<p>Hrvatska stranka umirovljenika (HSU) podr\u017eala je sedmi paket Vladinih mjera u sklopu kojeg je i najnoviji jednokratni dodatak umirovljenicima. Istaknuli su da \u0107e to jednokratno pomo\u0107i, iako nisu sigurni da pove\u0107anje cijena energenata ne\u0107e utjecati na porast tro\u0161kova \u017eivota.\u00a0<\/p>\n\n\n\n<p>Predsjednik stranke <strong>Veselko Gabri\u010devi\u0107<\/strong> je objavio i da Vlada razmatra prijedlog Hrvatske stranke umirovljenika da se ne oporezuju mirovine &#8220;koje iznose vi\u0161e od 1.000 eura (sada je granica 560 eura), kao i mirovine iz rada s punim radnim sta\u017eem&#8221;.<\/p>\n\n\n\n<p>HSU, kazao je, ne\u0107e sudjelovati u prosvjedu umirovljenika kojeg stranka Blok umirovljenici zajedno organizira na sredi\u0161njem zagreba\u010dkom trgu za 1. listopada. Kako je Gabri\u010devi\u0107 objasnio, HSU je dio vladaju\u0107e koalicije i zala\u017ee se da se problemi umirovljenika rje\u0161avaju kroz institucije hrvatske dr\u017eave. <\/p><div id=\"mojev-1585926751\" class=\"mojev-u-tekstu mojev-entity-placement\" style=\"margin-left: auto;margin-right: auto;text-align: center;\"><div class=\"mojev-adlabel\">oglas<\/div><div style=\"height: 250px;\"><script async src=\"https:\/\/pagead2.googlesyndication.com\/pagead\/js\/adsbygoogle.js?client=ca-pub-8106111766207173\"\r\n     crossorigin=\"anonymous\"><\/script>\r\n<!-- Prikazni 1 u tekstu -->\r\n<ins class=\"adsbygoogle\"\r\n     style=\"display:block\"\r\n     data-ad-client=\"ca-pub-8106111766207173\"\r\n     data-ad-slot=\"8535551207\"\r\n     data-ad-format=\"auto\"\r\n     data-full-width-responsive=\"true\"><\/ins>\r\n<script>\r\n     (adsbygoogle = window.adsbygoogle || []).push({});\r\n<\/script><\/div><\/div><br style=\"clear: both; display: block; float: none;\"\/>\n\n\n\n<p>Na upit o utjecaju novog poreza na nekretnine na umirovljenike, odgovorio je da bi bilo po\u0161teno da neki pla\u0107aju porez. &#8220;Imate ljude koji imaju nekretninu na moru koja je vrlo respektabilna. Ja znam nekih mojih poznanika koji imaju po \u0161est apartmana na moru. Sad ne bi bilo po\u0161teno da mu tih \u0161est apartmana ne bude oporezovano&#8221;, kazao je predsjednik HSU-a.<\/p>\n<div id=\"mojev-485162067\" class=\"mojev-kraj-teksta mojev-entity-placement\" style=\"margin-bottom: 20px;margin-left: auto;margin-right: auto;text-align: center;\"><div class=\"mojev-adlabel\">oglas<\/div><div style=\"height: 250px;\"><script async src=\"https:\/\/pagead2.googlesyndication.com\/pagead\/js\/adsbygoogle.js?client=ca-pub-8106111766207173\"\r\n     crossorigin=\"anonymous\"><\/script>\r\n<!-- Display-1 -->\r\n<ins class=\"adsbygoogle\"\r\n     style=\"display:block\"\r\n     data-ad-client=\"ca-pub-8106111766207173\"\r\n     data-ad-slot=\"1465712950\"\r\n     data-ad-format=\"auto\"\r\n     data-full-width-responsive=\"true\"><\/ins>\r\n<script>\r\n     (adsbygoogle = window.adsbygoogle || []).push({});\r\n<\/script><\/div><\/div>","protected":false},"excerpt":{"rendered":"<p>Hrvatska straka umirovljenika zadovoljna je Vladinim mjerama, iako je zabrinuta zbog najave porasta cijene energenata. Ipak, iz stranke najavljuju da bi dio umirovljenika mogao biti rastere\u0107en poreza na mirovine. <\/p>\n","protected":false},"author":1,"featured_media":91083,"comment_status":"closed","ping_status":"closed","sticky":false,"template":"","format":"standard","meta":{"footnotes":""},"categories":[9],"tags":[111,3045,573,2584],"class_list":["post-115496","post","type-post","status-publish","format-standard","has-post-thumbnail","hentry","category-vijesti","tag-hrvatska-stranka-umirovljenika","tag-porez-na-nekretnine","tag-porezi","tag-veselko-gabricevic"],"_links":{"self":[{"href":"https:\/\/www.mojevrijeme.hr\/magazin\/wp-json\/wp\/v2\/posts\/115496","targetHints":{"allow":["GET"]}}],"collection":[{"href":"https:\/\/www.mojevrijeme.hr\/magazin\/wp-json\/wp\/v2\/posts"}],"about":[{"href":"https:\/\/www.mojevrijeme.hr\/magazin\/wp-json\/wp\/v2\/types\/post"}],"author":[{"embeddable":true,"href":"https:\/\/www.mojevrijeme.hr\/magazin\/wp-json\/wp\/v2\/users\/1"}],"replies":[{"embeddable":true,"href":"https:\/\/www.mojevrijeme.hr\/magazin\/wp-json\/wp\/v2\/comments?post=115496"}],"version-history":[{"count":0,"href":"https:\/\/www.mojevrijeme.hr\/magazin\/wp-json\/wp\/v2\/posts\/115496\/revisions"}],"wp:featuredmedia":[{"embeddable":true,"href":"https:\/\/www.mojevrijeme.hr\/magazin\/wp-json\/wp\/v2\/media\/91083"}],"wp:attachment":[{"href":"https:\/\/www.mojevrijeme.hr\/magazin\/wp-json\/wp\/v2\/media?parent=115496"}],"wp:term":[{"taxonomy":"category","embeddable":true,"href":"https:\/\/www.mojevrijeme.hr\/magazin\/wp-json\/wp\/v2\/categories?post=115496"},{"taxonomy":"post_tag","embeddable":true,"href":"https:\/\/www.mojevrijeme.hr\/magazin\/wp-json\/wp\/v2\/tags?post=115496"}],"curies":[{"name":"wp","href":"https:\/\/api.w.org\/{rel}","templated":true}]}}