{"id":115562,"date":"2024-09-13T06:01:43","date_gmt":"2024-09-13T04:01:43","guid":{"rendered":"https:\/\/www.mojevrijeme.hr\/magazin\/?p=115562"},"modified":"2024-09-13T06:01:48","modified_gmt":"2024-09-13T04:01:48","slug":"friski-umirovljenici-ispricali-sto-su-prvo-napravili-u-mirovini","status":"publish","type":"post","link":"https:\/\/www.mojevrijeme.hr\/magazin\/2024\/09\/friski-umirovljenici-ispricali-sto-su-prvo-napravili-u-mirovini\/","title":{"rendered":"Fri\u0161ki umirovljenici ispri\u010dali \u0161to su prvo napravili u mirovini"},"content":{"rendered":"\n<p>Umirovljeni\u010dki dani donose priliku za nove aktivnosti, ali mnogi svjedo\u010de da im je bilo jednako va\u017eno zastati i pogledati u sebe, te povezati izgubljene kon\u010di\u0107e \u017eivota.<\/p>\n\n\n\n<h3 class=\"wp-block-heading\">&#8220;Isklju\u010dila sam alarm&#8221;<\/h3>\n\n\n\n<p>Na platformi <em>Quora<\/em>, jedna je novope\u010dena umirovljenica opisala kako su se njezine navike promijenile s dolaskom mirovine. &#8220;Isklju\u010dila sam alarm. Vi\u0161e nisam provjeravala vremensku prognozu. Spustila sam rolete jer sam godinama ustajala prije sunca, a sada se sunce dizalo prije mene. Poslovnu odje\u0107u, poput haljina i \u0161tikli, spremila sam u ormar. Dogodio mi se i koji dan da sam cijeli dan ostala u pid\u017eami. Samo u\u017eivam i ako \u017eelim dugo ostati budna ili oti\u0107i rano u krevet, svejedno mi je jer ne moram razmi\u0161ljati o ranom ustajanju za posao.&#8221;<\/p>\n\n\n\n<h3 class=\"wp-block-heading\">Pogled u sebe<\/h3>\n\n\n\n<p>Potom se nadovezao umirovljenik koji je podijelio svoja razmi\u0161ljanja o duhovnoj dimenziji mirovine. &#8220;\u010cim sam zakora\u010dio u mirovinu, ispunio sam si dugogodi\u0161nju \u017eelju i krenuo na dugo, daleko putovanje. Kad sam se vratio, po\u010deo sam redovito i\u0107i u duge \u0161etnje i to posve sam, kako bih dublje istra\u017eio sebe. \u010cesto mislimo da se dobro poznajemo, ali vrijeme koje provedemo u samo\u0107i donosi novi pogled na na\u0161e postupke i odluke koje smo donijeli. u \u017eivotu S vremenom sam shvatio da sam neke stvari mogao poslo\u017eiti druga\u010dije ili bolje.&#8221;<\/p><div id=\"mojev-334057910\" class=\"mojev-u-tekstu mojev-entity-placement\" style=\"margin-left: auto;margin-right: auto;text-align: center;\"><div class=\"mojev-adlabel\">oglas<\/div><div style=\"height: 250px;\"><script async src=\"https:\/\/pagead2.googlesyndication.com\/pagead\/js\/adsbygoogle.js?client=ca-pub-8106111766207173\"\r\n     crossorigin=\"anonymous\"><\/script>\r\n<!-- Prikazni 1 u tekstu -->\r\n<ins class=\"adsbygoogle\"\r\n     style=\"display:block\"\r\n     data-ad-client=\"ca-pub-8106111766207173\"\r\n     data-ad-slot=\"8535551207\"\r\n     data-ad-format=\"auto\"\r\n     data-full-width-responsive=\"true\"><\/ins>\r\n<script>\r\n     (adsbygoogle = window.adsbygoogle || []).push({});\r\n<\/script><\/div><\/div><br style=\"clear: both; display: block; float: none;\"\/>\n\n\n\n<h3 class=\"wp-block-heading\">Zacijeliti rane<\/h3>\n\n\n\n<p>Jedna je novope\u010dena umirovljenica napisala: &#8220;Sjela sam na kau\u010d i duboko udahnula. Posljednjih nekoliko godina na poslu za mene je bilo mu\u010denje i mrzila sam svoje \u0161efove. Objeru\u010dke sam do\u010dekala mirovinu kako bih se oslobodila stresa. Posvetila sam se sebi i svom du\u0161evnom zdravlju kako bi zacijelila rane, a za to mi je trebalo vrijeme kad nisam radila ni\u0161ta drugo. Sada volontiram u skloni\u0161tu za napu\u0161tene pse. Ovaj vikend idem na glamurozno kampiranje s de\u010dkom. Zbog financija si ne priu\u0161tim veliki luksuz, ali zato radim ono \u0161to \u017eelim.&#8221;<\/p>\n\n\n\n<h3 class=\"wp-block-heading\">Prona\u0107i sebe<\/h3>\n\n\n\n<p>Jo\u0161 je jedna \u017eena govorila da je prve dane u mirovini iskoristila kako bi povezala izgubljene konce svog \u017eivota i opet ih vratila u svoje ruke. &#8220;Opustila sam se, mo\u017eda to zvu\u010di kao da sam postala lijena, ali nisam. Samo sam se nastajala vratiti sebi. Ustajala sam kad sam se potpuno odmorila, recimo u sedam ujutro umjesto u \u010detiri. Vje\u017ebala sam, provodila vrijeme sa suprugom, vrtlarila, ponovno se povezivala s ljudima \u010dije dru\u0161tvo volim, pisala sam knjige i promovirala ih. I da, uspjela sam ponovno prona\u0107i sebe.&#8221;<\/p>\n\n\n\n<h3 class=\"wp-block-heading\">Zbogom gu\u017evama u prometu<\/h3>\n\n\n\n<p>Jedan je mu\u0161karac najprije osvijestio kakvih se okova oslobodio. &#8220;Vi\u0161e nisam morao provoditi vrijeme u mra\u010dnom uredu pod budnim okom polusposobnog menad\u017eera. Najbolji dio dana vi\u0161e nisam morao provoditi na poslu u kojem vi\u0161e nisam u\u017eivao. A najbolje od svega, vi\u0161e nisam morao satima stajati u gu\u017evama na putu do posla.&#8221;<\/p>\n\n\n\n<h3 class=\"wp-block-heading\">S majkom na putovanje<\/h3>\n\n\n\n<p>Da je \u017eivot dobar kad ga mo\u017eemo provoditi prema svom rasporedu, a ne prema tu\u0111em, pisala je jo\u0161 jedna dama koja se nedavno umirovila. &#8220;Prvo \u0161to sam napravila, a to je bilo ve\u0107 sljede\u0107i dan, je da sam sa svojom 89-godi\u0161njom majkom krenula na dugo putovanje, po\u010dev\u0161i od Osla. Godinama mi je govorila: &#8220;Ako ikada u \u017eivotu bude\u0161 imala vremena, voljela bih da me odvede\u0161 u zemlje Skandinavije i Finsku.&#8221;<\/p>\n\n\n\n<h3 class=\"wp-block-heading\">Doru\u010dak, pa natrag u krevet!<\/h3>\n\n\n\n<p>I na kraju jedno svjedo\u010denje o prvim umirovljeni\u010dkim danima s dozom humora: &#8220;Po\u010deo sam raditi gluposti za koje nikad nisam imao vremena ili mogu\u0107nosti jer sam po cijele dane visio na poslu. Ostajem budan do tri ujutro jer gledam stare filmove. \u017ditarice sam po\u010deo jesti za ve\u010deru, umjesto, kao nekad, za doru\u010dak. A \u0161to mi je najdra\u017ee od svega? Ujutro se vratiti u krevet.&#8221;<\/p>\n\n\n\n<p>Podijelite i vi s nama \u0161to ste radili u prvim umirovljeni\u010dkim danima.<\/p>\n\n\n\n<div id=\"crveno\"><\/p>\n\n\n\n<h3 class=\"wp-block-heading\">Zanima nas va\u0161a pri\u010da<\/h3>\n\n\n\n<p>\u017delite li i vi, posve anonimno, podijeliti svoje iskustvo i vi\u0111enje ove teme s nama i na\u0161im \u010ditateljima, mo\u017eete to u\u010diniti putem web obrasca <a rel=\"noreferrer noopener\" href=\"https:\/\/www.mojevrijeme.hr\/magazin\/povjerljivo\/\" target=\"_blank\">Povjerljivo<\/a>. Napi\u0161ite svoju pri\u010du!<\/p>\n\n\n\n<p><\/div>\n<div id=\"mojev-3997943643\" class=\"mojev-kraj-teksta mojev-entity-placement\" style=\"margin-bottom: 20px;margin-left: auto;margin-right: auto;text-align: center;\"><div class=\"mojev-adlabel\">oglas<\/div><div style=\"height: 250px;\"><script async src=\"https:\/\/pagead2.googlesyndication.com\/pagead\/js\/adsbygoogle.js?client=ca-pub-8106111766207173\"\r\n     crossorigin=\"anonymous\"><\/script>\r\n<!-- Display-1 -->\r\n<ins class=\"adsbygoogle\"\r\n     style=\"display:block\"\r\n     data-ad-client=\"ca-pub-8106111766207173\"\r\n     data-ad-slot=\"1465712950\"\r\n     data-ad-format=\"auto\"\r\n     data-full-width-responsive=\"true\"><\/ins>\r\n<script>\r\n     (adsbygoogle = window.adsbygoogle || []).push({});\r\n<\/script><\/div><\/div>","protected":false},"excerpt":{"rendered":"<p>I dok su mnogi prvih dana u mirovini &#8216;sretni kao mala djeca&#8217;, nisu rijetkost ni ljudi koji ostanu u blagom \u0161oku i ne znaju \u0161to bi sami sa sobom. Pro\u010ditajte kako su ovu \u017eivotnu prekretnicu do\u017eivjeli i \u0161to su prvo napravili &#8216;fri\u0161ki umirovljenici&#8217; s raznih strana svijeta.<\/p>\n","protected":false},"author":17,"featured_media":115647,"comment_status":"closed","ping_status":"closed","sticky":false,"template":"","format":"standard","meta":{"footnotes":""},"categories":[2],"tags":[957,35],"class_list":["post-115562","post","type-post","status-publish","format-standard","has-post-thumbnail","hentry","category-mozaik","tag-mirovina","tag-sreca"],"_links":{"self":[{"href":"https:\/\/www.mojevrijeme.hr\/magazin\/wp-json\/wp\/v2\/posts\/115562","targetHints":{"allow":["GET"]}}],"collection":[{"href":"https:\/\/www.mojevrijeme.hr\/magazin\/wp-json\/wp\/v2\/posts"}],"about":[{"href":"https:\/\/www.mojevrijeme.hr\/magazin\/wp-json\/wp\/v2\/types\/post"}],"author":[{"embeddable":true,"href":"https:\/\/www.mojevrijeme.hr\/magazin\/wp-json\/wp\/v2\/users\/17"}],"replies":[{"embeddable":true,"href":"https:\/\/www.mojevrijeme.hr\/magazin\/wp-json\/wp\/v2\/comments?post=115562"}],"version-history":[{"count":0,"href":"https:\/\/www.mojevrijeme.hr\/magazin\/wp-json\/wp\/v2\/posts\/115562\/revisions"}],"wp:featuredmedia":[{"embeddable":true,"href":"https:\/\/www.mojevrijeme.hr\/magazin\/wp-json\/wp\/v2\/media\/115647"}],"wp:attachment":[{"href":"https:\/\/www.mojevrijeme.hr\/magazin\/wp-json\/wp\/v2\/media?parent=115562"}],"wp:term":[{"taxonomy":"category","embeddable":true,"href":"https:\/\/www.mojevrijeme.hr\/magazin\/wp-json\/wp\/v2\/categories?post=115562"},{"taxonomy":"post_tag","embeddable":true,"href":"https:\/\/www.mojevrijeme.hr\/magazin\/wp-json\/wp\/v2\/tags?post=115562"}],"curies":[{"name":"wp","href":"https:\/\/api.w.org\/{rel}","templated":true}]}}