{"id":115933,"date":"2024-09-16T16:12:10","date_gmt":"2024-09-16T14:12:10","guid":{"rendered":"https:\/\/www.mojevrijeme.hr\/magazin\/?p=115933"},"modified":"2024-09-16T16:12:53","modified_gmt":"2024-09-16T14:12:53","slug":"tata-je-imao-dvije-zene-tajne-koje-su-ljudi-saznali-nakon-smrti-voljenih","status":"publish","type":"post","link":"https:\/\/www.mojevrijeme.hr\/magazin\/2024\/09\/tata-je-imao-dvije-zene-tajne-koje-su-ljudi-saznali-nakon-smrti-voljenih\/","title":{"rendered":"&#8216;Tata je imao dvije \u017eene&#8217;: Tajne koje su ljudi saznali nakon smrti voljenih"},"content":{"rendered":"\n<p>Ljudi tek nakon smrti bli\u017enjih otkrivaju nepoznate ro\u0111ake, slo\u017eene odnose ili tajne koje su oblikovale njihove \u017eivote, \u0161to se dogodilo i \u017eeni koja je o tome svjedo\u010dila na platformi <em>Quora<\/em>. &#8220;Roditelji su mi bili pokojni kad sam slu\u010dajno saznala da imam polusestru koja je samo pet mjeseci starija od mene. Ve\u0107 sam bila u ozbiljnim godinama kad sam se po\u010dela baviti genealogijom i napravila na\u0161e obiteljsko stablo. Objavila sam ga javno na internetu i dobila <em>e-mail<\/em> od djevojke koja me pitala za\u0161to sam njezinog oca stavila na svoje stablo.&#8221;<\/p>\n\n\n\n<p>&#8220;Tada sam saznala sam da je moj otac bio o\u017eenjen mamom te djevojke i da je ju je varao s mojom mamom dok je bila trudna. Onda i je i moja mama ostala trudna i tata je oti\u0161ao od svoje trudne \u017eene i o\u017eenio moju mamu. Otac je nesretno poginuo kad sam imala sedam godina, a zatim je poginula i moja majka, tako\u0111er u nesre\u0107i, kad sam imala samo deset godina. Tada smo moji brat, sestra i ja oti\u0161li \u017eivjeti kod bake i djeda s o\u010deve strane. Nevjerojatno je da ni oni nikada nisu spominjali prvu \u017eenu mog oca niti drugu unuku.&#8221;<\/p>\n\n\n\n<h3 class=\"wp-block-heading\">Baka \u0161utjela kao zalivena<\/h3>\n\n\n\n<p>Nadovezala se na ovu pri\u010du i \u017eena koja se iznenadila nakon smrti djeda. &#8220;Obiteljsku tajnu saznala sam slu\u010dajno. Moja baka, koju smo mi unuci zvali Nana, bila je druga \u017eena mom djedu jer je njegova prva ljubav, Rosa, umrla tijekom epidemije \u0161panjolske gripe 1918. godine. Djed je tada ostao sam s vrlo malim djetetom, mojom tetom. Nakon \u0161to se ponovno o\u017eenio, za moju baku Nanu, ona je posvojila tetku i nikada to vi\u0161e nisu spominjali. Moja teta je umrla u srednjim godinama, prije bake, i nikada nije saznala da nije bila njezina biolo\u0161ka k\u0107i!&#8221;<\/p><div id=\"mojev-102005792\" class=\"mojev-u-tekstu mojev-entity-placement\" style=\"margin-left: auto;margin-right: auto;text-align: center;\"><div class=\"mojev-adlabel\">oglas<\/div><div style=\"height: 250px;\"><script async src=\"https:\/\/pagead2.googlesyndication.com\/pagead\/js\/adsbygoogle.js?client=ca-pub-8106111766207173\"\r\n     crossorigin=\"anonymous\"><\/script>\r\n<!-- Prikazni 1 u tekstu -->\r\n<ins class=\"adsbygoogle\"\r\n     style=\"display:block\"\r\n     data-ad-client=\"ca-pub-8106111766207173\"\r\n     data-ad-slot=\"8535551207\"\r\n     data-ad-format=\"auto\"\r\n     data-full-width-responsive=\"true\"><\/ins>\r\n<script>\r\n     (adsbygoogle = window.adsbygoogle || []).push({});\r\n<\/script><\/div><\/div><br style=\"clear: both; display: block; float: none;\"\/>\n\n\n\n<p>&#8220;Kada sam imala oko 10 godina, djed je iznenada preminuo od mo\u017edanog udara. Budu\u0107i da Nana nije vozila, oti\u0161la je o\u010distiti njegov auto kako bismo ga prodali, a ja sam bila s njom. U pretincu je prona\u0161la sliku Rose, pa\u017eljivo spremljenu u kuvertu. Jasno je bilo da ju je uvijek dr\u017eao blizu sebe. Mojoj baki je to jako te\u0161ko palo, a ja se pitam kakva li je to filmska romansa morala biti!&#8221;<\/p>\n\n\n\n<h3 class=\"wp-block-heading\">Strah u kostima<\/h3>\n\n\n\n<p>Svjedo\u010denje jedne ameri\u010dke crnkinje o majci koja je preminula 2003. godine ste\u017ee oko srca, jer jasno pokazuje da je majka svoju sama\u010dku starost pro\u017eivjela u te\u0161kom strahu. <\/p>\n\n\n\n<p>&#8220;Moja majka je preminula u dobi za koju sam mislila da ima 73 godine. Budu\u0107i da sam jedino dijete, nakon njezine smrti morala sam se pobrinuti za njezine osobne stvari. Moj o\u010duh je ve\u0107 odavno bio nestao iz njezina \u017eivota i \u017eivjela je sama. Srce mi je bilo slomljeno, ali znala sam da njezine stvari moram rje\u0161avati hladne glave, kao zadatak koji treba obaviti. Imala sam ograni\u010deno vrijeme da sve sredim prije nego \u0161to se vratim ku\u0107i i to u drugu dr\u017eavu.&#8221;<\/p>\n\n\n\n<p>&#8220;Dok sam \u010distila mamine stvari, bila sam ozbiljno iznena\u0111ena kad sam otkrila da su njezin datum ro\u0111enja, broj socijalnog osiguranja, pa \u010dak i njezino ime bili druga\u010diji od onog u \u0161to sam cijeli \u017eivot vjerovala. Tada sam shvatila da postoji mnogo toga \u0161to nikada nisam saznala o svojoj majci. Dok sam praznila njezine ormare i odvajala stvari koje \u0107e oti\u0107i obitelji i one koje \u0107e i\u0107i u caritas, prona\u0161la sam nevjerojatne stvari.&#8221;<\/p>\n\n\n\n<p>&#8220;Najprije sam naletjela na revolver s bisernom dr\u0161kom kalibra .22 (napunjen) koji je bio ispod madraca na strani kreveta gdje je ona spavala. To me totalno iznenadilo! Pravi revolver opto\u010den biserima! Potom sam u njezinom ormaru u spava\u0107oj sobi, na gornjoj polici, prona\u0161la sa\u010dmaricu kalibra 12 i pi\u0161tolj kalibra .45. Napunjene.&#8221;<\/p>\n\n\n\n<p>&#8220;U gostinskoj sobi prona\u0161la sam dvije pu\u0161ke; jedna je bila Winchester. Obje su bile napunjene streljivom! Izme\u0111u zavjese i zida u dnevnoj sobi, blizu ulaznih vrata, bila je te\u0161ka policijska palica, lako dostupna, ja \u010dak nisam znala \u0161to je to i morala sam pitati mu\u017ea.&#8221;<\/p>\n\n\n\n<p>&#8220;To nije sve. U kuhinji, iznad jednog od ormari\u0107a, bio je te\u0161ki mesarski sjeka\u010d za meso. Mnogo streljiva u raznim ladicama. Ogroman no\u017e izme\u0111u toaleta i kade. I prili\u010dna koli\u010dina novca skrivenog na raznim mjestima.&#8221;<\/p>\n\n\n\n<p>&#8220;Kad su obitelj tetki, ujaka i daljih ro\u0111aka doputovali na sprovod, imala sam mnogo pitanja za njih, ali mnoga su ostala neodgovorena. Jedino \u0161to su mi rekli (\u0161to sam ve\u0107 znala) je da su mnogi crnci migrirali sa juga na sjeverne dr\u017eave jer su tamo uvjeti \u010desto bili bolji. Mnogi su ljudi putem iznova izgradili svoj identitet. Moj ujak se na\u0161alio da je moja majka mo\u017eda bila dio crna\u010dke mafije. Nasmijala sam se, ali kiselo.&#8221;<\/p>\n\n\n\n<p>&#8220;S obzirom na to da je podru\u010dje u ameri\u010dkoj dr\u017eavi u kojoj je moja majka \u017eivjela bilo opasno i uz dosta kriminala, sje\u0107am se da sam mamu jednom pitala je li se ikad bojala \u017eivjeti sama i je li u strahu da bi joj netko jedne no\u0107i mogao provaliti dok spava. Mama mi je odgovorila: &#8216;Du\u0161o, ne brini za svoju mamu! Ako itko ikada provali ovdje, iza\u0107i \u0107e puno, puno br\u017ee nego \u0161to je u\u0161ao&#8230; ako dobije priliku!&#8217; Tako dakle! Moja majka bila je ratnica! Postoje mnoge stvari o njoj koje nikada ne\u0107u saznati. Mo\u017eda je to i dobro. Nisam sigurna.&#8221;<\/p>\n\n\n\n<p>\u0160to ste vi saznali nakon smrti voljenih? Napi\u0161ite nam svoju pri\u010du.<\/p>\n\n\n\n<div id=\"crveno\"><\/p>\n\n\n\n<h3 class=\"wp-block-heading\">Zanima nas va\u0161a pri\u010da<\/h3>\n\n\n\n<p>\u017delite li i vi, posve anonimno, podijeliti svoje iskustvo i vi\u0111enje ove teme s nama i na\u0161im \u010ditateljima, mo\u017eete to u\u010diniti putem web obrasca <a rel=\"noreferrer noopener\" href=\"https:\/\/www.mojevrijeme.hr\/magazin\/povjerljivo\/\" target=\"_blank\">Povjerljivo<\/a>. Napi\u0161ite svoju pri\u010du!<\/p>\n\n\n\n<p><\/div>\n<div id=\"mojev-2780316759\" class=\"mojev-kraj-teksta mojev-entity-placement\" style=\"margin-bottom: 20px;margin-left: auto;margin-right: auto;text-align: center;\"><div class=\"mojev-adlabel\">oglas<\/div><div style=\"height: 250px;\"><script async src=\"https:\/\/pagead2.googlesyndication.com\/pagead\/js\/adsbygoogle.js?client=ca-pub-8106111766207173\"\r\n     crossorigin=\"anonymous\"><\/script>\r\n<!-- Display-1 -->\r\n<ins class=\"adsbygoogle\"\r\n     style=\"display:block\"\r\n     data-ad-client=\"ca-pub-8106111766207173\"\r\n     data-ad-slot=\"1465712950\"\r\n     data-ad-format=\"auto\"\r\n     data-full-width-responsive=\"true\"><\/ins>\r\n<script>\r\n     (adsbygoogle = window.adsbygoogle || []).push({});\r\n<\/script><\/div><\/div>","protected":false},"excerpt":{"rendered":"<p>Nerijetko se doga\u0111a da duboke obiteljske tajne na vidjelo iza\u0111u tek nakon smrti voljenih. Kada pregledavamo njihove osobne stvari ili nai\u0111emo na neo\u010dekivane informacije, otkrivamo da su skrivali dijelove pro\u0161losti. Pro\u010ditajte nekoliko pri\u010da o ljudima koji su saznali nevjerojatne stvari.<\/p>\n","protected":false},"author":17,"featured_media":115966,"comment_status":"closed","ping_status":"closed","sticky":false,"template":"","format":"standard","meta":{"footnotes":""},"categories":[3552],"tags":[198,916],"class_list":["post-115933","post","type-post","status-publish","format-standard","has-post-thumbnail","hentry","category-povjerljivo","tag-obitelj","tag-tajne"],"_links":{"self":[{"href":"https:\/\/www.mojevrijeme.hr\/magazin\/wp-json\/wp\/v2\/posts\/115933","targetHints":{"allow":["GET"]}}],"collection":[{"href":"https:\/\/www.mojevrijeme.hr\/magazin\/wp-json\/wp\/v2\/posts"}],"about":[{"href":"https:\/\/www.mojevrijeme.hr\/magazin\/wp-json\/wp\/v2\/types\/post"}],"author":[{"embeddable":true,"href":"https:\/\/www.mojevrijeme.hr\/magazin\/wp-json\/wp\/v2\/users\/17"}],"replies":[{"embeddable":true,"href":"https:\/\/www.mojevrijeme.hr\/magazin\/wp-json\/wp\/v2\/comments?post=115933"}],"version-history":[{"count":0,"href":"https:\/\/www.mojevrijeme.hr\/magazin\/wp-json\/wp\/v2\/posts\/115933\/revisions"}],"wp:featuredmedia":[{"embeddable":true,"href":"https:\/\/www.mojevrijeme.hr\/magazin\/wp-json\/wp\/v2\/media\/115966"}],"wp:attachment":[{"href":"https:\/\/www.mojevrijeme.hr\/magazin\/wp-json\/wp\/v2\/media?parent=115933"}],"wp:term":[{"taxonomy":"category","embeddable":true,"href":"https:\/\/www.mojevrijeme.hr\/magazin\/wp-json\/wp\/v2\/categories?post=115933"},{"taxonomy":"post_tag","embeddable":true,"href":"https:\/\/www.mojevrijeme.hr\/magazin\/wp-json\/wp\/v2\/tags?post=115933"}],"curies":[{"name":"wp","href":"https:\/\/api.w.org\/{rel}","templated":true}]}}