{"id":116068,"date":"2024-09-17T12:21:34","date_gmt":"2024-09-17T10:21:34","guid":{"rendered":"https:\/\/www.mojevrijeme.hr\/magazin\/?p=116068"},"modified":"2024-09-17T12:22:14","modified_gmt":"2024-09-17T10:22:14","slug":"su-zove-na-prosvjed-mirovine-na-najmanje-60-posto-place-varaju-nas-lazu-i-potkradaju","status":"publish","type":"post","link":"https:\/\/www.mojevrijeme.hr\/magazin\/2024\/09\/su-zove-na-prosvjed-mirovine-na-najmanje-60-posto-place-varaju-nas-lazu-i-potkradaju\/","title":{"rendered":"SU zove na prosvjed: Mirovine na najmanje 60 posto pla\u0107e!"},"content":{"rendered":"\n<p>Stranka umirovljenika pozvala je sve \u010dlanove i umirovljenike na prosvjed koji bi se trebao odr\u017eati u podne za zagreba\u010dkom Trgu bana Jela\u010di\u0107a 1. listopada u organizacije Bloka umirovljenici zajedno.<\/p>\n\n\n\n<p>Naime, taj dan je i Me\u0111unarodni dan starijih osoba, odlu\u010dili su Ujedinjeni narodi 1990. godine. Njime se promi\u010de va\u017enost osiguravanja svih neophodnih potreba starijeg stanovni\u0161tva, spre\u010davanja izoliranosti i marginalizacije, te op\u0107enito va\u017enost pobolj\u0161anja kvalitete njihovog \u017eivota.<\/p>\n\n\n\n<p>&#8220;Pozivamo Ministarstvo rada, mirovinskog sustava, obitelji i socijalne politike, kao i HZMO-a da pre\u0111u s rije\u010di na djela i da pro\u0161logodi\u0161nje obe\u0107anje da \u0107e oja\u010dati me\u0111ugeneracijsku solidarnost i unaprijediti polo\u017eaj umirovljenika i starijih osoba &#8211; uistinu po\u010dnu i ostvarivati. I to mjerljivo, kroz rast \u017eivotnog standarda starijih osoba, a ne samo obe\u0107anjima&#8221;, pripo\u0107ili su iz Stranke umirovljenika.<\/p><div id=\"mojev-3885564980\" class=\"mojev-u-tekstu mojev-entity-placement\" style=\"margin-left: auto;margin-right: auto;text-align: center;\"><div class=\"mojev-adlabel\">oglas<\/div><div style=\"height: 250px;\"><script async src=\"https:\/\/pagead2.googlesyndication.com\/pagead\/js\/adsbygoogle.js?client=ca-pub-8106111766207173\"\r\n     crossorigin=\"anonymous\"><\/script>\r\n<!-- Prikazni 1 u tekstu -->\r\n<ins class=\"adsbygoogle\"\r\n     style=\"display:block\"\r\n     data-ad-client=\"ca-pub-8106111766207173\"\r\n     data-ad-slot=\"8535551207\"\r\n     data-ad-format=\"auto\"\r\n     data-full-width-responsive=\"true\"><\/ins>\r\n<script>\r\n     (adsbygoogle = window.adsbygoogle || []).push({});\r\n<\/script><\/div><\/div><br style=\"clear: both; display: block; float: none;\"\/>\n\n\n\n<p>Predsjednik ove neparlamentarne stranke, <strong>Lazar Gruji\u0107<\/strong>, poru\u010duje gra\u0111anima da pokazivanjem snage, broj\u010dano i kroz jasne stavove, i te kako mogu natjerati vladaju\u0107e da se prosje\u010dna mirovina podigne sa 40 na najmanje 60 posto prosje\u010dne pla\u0107e. &#8220;Oni to mogu ali ne \u017eele u\u010diniti, iako je HDZ to obe\u0107ao 2016. godine, a od tada nas ve\u0107 tre\u0107i mandat i dalje samo varaju, la\u017eu i potkradaju&#8221;, ka\u017ee Gruji\u0107.<\/p>\n\n\n\n<p>Stranka umirovljenika, uz to, ne\u0107e podr\u017eati HDZ-ovog kandidata <strong>Dragana Primorca<\/strong> na skorim predsjedni\u010dkim izborima. &#8220;Imali ste priliku, gospodine Primorac, i danas pokazati da nema sile koja \u0107e Vas zaustaviti, ali niste: pre\u0161utjeli ste nepravdu koju je HDZ u\u010dinio i koju i dalje \u010dini umirovljenicima. Jo\u0161 2016. godine obe\u0107ao je HDZ umirovljenicima da \u0107e pove\u0107ati mirovine na 60 posto prosje\u010dne pla\u0107e, no ni\u0161ta nije u\u010dinjeno po tom pitanju. I nema nikakve naznake da \u0107e se to u\u010diniti dok je HDZ na vlasti&#8221;, poru\u010dili su mu.<\/p>\n<div id=\"mojev-3683369353\" class=\"mojev-kraj-teksta mojev-entity-placement\" style=\"margin-bottom: 20px;margin-left: auto;margin-right: auto;text-align: center;\"><div class=\"mojev-adlabel\">oglas<\/div><div style=\"height: 250px;\"><script async src=\"https:\/\/pagead2.googlesyndication.com\/pagead\/js\/adsbygoogle.js?client=ca-pub-8106111766207173\"\r\n     crossorigin=\"anonymous\"><\/script>\r\n<!-- Display-1 -->\r\n<ins class=\"adsbygoogle\"\r\n     style=\"display:block\"\r\n     data-ad-client=\"ca-pub-8106111766207173\"\r\n     data-ad-slot=\"1465712950\"\r\n     data-ad-format=\"auto\"\r\n     data-full-width-responsive=\"true\"><\/ins>\r\n<script>\r\n     (adsbygoogle = window.adsbygoogle || []).push({});\r\n<\/script><\/div><\/div>","protected":false},"excerpt":{"rendered":"<p>Oni to mogu ali ne \u017eele u\u010diniti, iako je HDZ to obe\u0107ao 2016. godine, a od tada nas ve\u0107 tre\u0107i mandat i dalje samo varaju, la\u017eu i potkradaju, ka\u017ee predsjednik SU-a Lazar Gruji\u0107.<\/p>\n","protected":false},"author":1,"featured_media":116076,"comment_status":"closed","ping_status":"closed","sticky":false,"template":"","format":"standard","meta":{"footnotes":""},"categories":[9],"tags":[687,264],"class_list":["post-116068","post","type-post","status-publish","format-standard","has-post-thumbnail","hentry","category-vijesti","tag-prosvjedi","tag-stranka-umirovljenika"],"_links":{"self":[{"href":"https:\/\/www.mojevrijeme.hr\/magazin\/wp-json\/wp\/v2\/posts\/116068","targetHints":{"allow":["GET"]}}],"collection":[{"href":"https:\/\/www.mojevrijeme.hr\/magazin\/wp-json\/wp\/v2\/posts"}],"about":[{"href":"https:\/\/www.mojevrijeme.hr\/magazin\/wp-json\/wp\/v2\/types\/post"}],"author":[{"embeddable":true,"href":"https:\/\/www.mojevrijeme.hr\/magazin\/wp-json\/wp\/v2\/users\/1"}],"replies":[{"embeddable":true,"href":"https:\/\/www.mojevrijeme.hr\/magazin\/wp-json\/wp\/v2\/comments?post=116068"}],"version-history":[{"count":0,"href":"https:\/\/www.mojevrijeme.hr\/magazin\/wp-json\/wp\/v2\/posts\/116068\/revisions"}],"wp:featuredmedia":[{"embeddable":true,"href":"https:\/\/www.mojevrijeme.hr\/magazin\/wp-json\/wp\/v2\/media\/116076"}],"wp:attachment":[{"href":"https:\/\/www.mojevrijeme.hr\/magazin\/wp-json\/wp\/v2\/media?parent=116068"}],"wp:term":[{"taxonomy":"category","embeddable":true,"href":"https:\/\/www.mojevrijeme.hr\/magazin\/wp-json\/wp\/v2\/categories?post=116068"},{"taxonomy":"post_tag","embeddable":true,"href":"https:\/\/www.mojevrijeme.hr\/magazin\/wp-json\/wp\/v2\/tags?post=116068"}],"curies":[{"name":"wp","href":"https:\/\/api.w.org\/{rel}","templated":true}]}}