{"id":116130,"date":"2024-09-18T09:23:34","date_gmt":"2024-09-18T07:23:34","guid":{"rendered":"https:\/\/www.mojevrijeme.hr\/magazin\/?p=116130"},"modified":"2024-09-18T09:25:10","modified_gmt":"2024-09-18T07:25:10","slug":"lijecnica-napisala-upute-za-nepristojne-pacijente-platite-participaciju","status":"publish","type":"post","link":"https:\/\/www.mojevrijeme.hr\/magazin\/2024\/09\/lijecnica-napisala-upute-za-nepristojne-pacijente-platite-participaciju\/","title":{"rendered":"Lije\u010dnica napisala upute za nepristojne pacijente: Platite participaciju!"},"content":{"rendered":"\n<p>Rad u lije\u010dni\u010dkoj ordinaciji izazovan je, a ponekad i neugodan zbog pona\u0161anja kojeg pacijenti \u010desto puta i nisu svjesni Zbog toga je jedna lije\u010dnica na vratima svoje ordinacije napisala kratke upute pacijentima, kako bi pregled bio \u0161to efikasniji, a komunikacija izme\u0111u lije\u010dnika i pacijenta ugodnija. <\/p>\n\n\n\n<p>&#8220;Radim kao lije\u010dnica obiteljske medicine nekoliko godina i \u010desto svjedo\u010dim neprimjerenom pona\u0161anju koje ometa i druge pacijente. Iako pacijenti toga nisu svjesni, \u010desto se dovode u opasnost kada ne slijede lije\u010dni\u010dke upute&#8221;, ka\u017ee ova lije\u010dnica za <em>NY.com<\/em> i nudi nekoliko savjeta. <\/p>\n\n\n\n<p>&#8220;Nemojte kasniti. Ako kasnite 15 minuta, zakazat \u0107emo vam novi termin. Ako trebate platiti participaciju, nemojte re\u0107i da ste zaboravili nov\u010danik kod ku\u0107e. Ako ne platite participaciju, dobit \u0107ete drugi termin&#8221;, prvo je pravilo njene ordinacije. <\/p><div id=\"mojev-1546015853\" class=\"mojev-u-tekstu mojev-entity-placement\" style=\"margin-left: auto;margin-right: auto;text-align: center;\"><div class=\"mojev-adlabel\">oglas<\/div><div style=\"height: 250px;\"><script async src=\"https:\/\/pagead2.googlesyndication.com\/pagead\/js\/adsbygoogle.js?client=ca-pub-8106111766207173\"\r\n     crossorigin=\"anonymous\"><\/script>\r\n<!-- Prikazni 1 u tekstu -->\r\n<ins class=\"adsbygoogle\"\r\n     style=\"display:block\"\r\n     data-ad-client=\"ca-pub-8106111766207173\"\r\n     data-ad-slot=\"8535551207\"\r\n     data-ad-format=\"auto\"\r\n     data-full-width-responsive=\"true\"><\/ins>\r\n<script>\r\n     (adsbygoogle = window.adsbygoogle || []).push({});\r\n<\/script><\/div><\/div><br style=\"clear: both; display: block; float: none;\"\/>\n\n\n\n<p>&#8220;Isklju\u010dite ili uti\u0161ajte telefon. Nemojte primati pozive tijekom pregleda. Tako tro\u0161ite lije\u010dnikovo vrijeme. Imamo \u010dekaonicu punu ljudi koji tako\u0111er trebaju lije\u010dni\u010dku pomo\u0107. Uz to, ako trebate pratnju, dovedite samo jednu osobu sa sobom na pregled. Ovo je pravilo bez iznimke, osim ako pacijentu trebaju dvije osobe za pomo\u0107. Nemojte dovoditi djecu. Ne, ne\u0107emo \u010duvati va\u0161u djecu. Na\u0161a ordinacija je vrlo prometna i ne mo\u017eemo preuzeti odgovornost za njih&#8221;, nastavlja sa strogim pravilima. <\/p>\n\n\n\n<p>Potom savjetuje pacijentima da uzimaju lijekove prema uputama koje su dobili od lije\u010dnika i ljekarnika te da nikada ne udvostru\u010duju dozu, budu\u0107i da to ne poma\u017ee, a mo\u017ee i na\u0161tetiti. Uz to, strogo zabranjuje diranje opreme u ordinaciji. &#8220;Jako je skupa i te\u0161ko ju je zamijeniti&#8221;, napominje.<\/p>\n\n\n\n<p>&#8220;Postavljati pitanja o va\u0161em lije\u010denju ili planiranim zahvatima je u redu, ali nemojte pitati o tu\u0111em zdravlju ili bolesti. Nemojte tra\u017eiti od lije\u010dnika da vam propi\u0161e lijek koji nije vezan za va\u0161u bolest. I posebno, nemojte lije\u010dniku postavljati zdravstvena pitanja izvan radnog vremena. On tako\u0111er ima privatan \u017eivot, ba\u0161 kao i vi&#8221;, zaklju\u010duje.<\/p>\n<div id=\"mojev-3872781246\" class=\"mojev-kraj-teksta mojev-entity-placement\" style=\"margin-bottom: 20px;margin-left: auto;margin-right: auto;text-align: center;\"><div class=\"mojev-adlabel\">oglas<\/div><div style=\"height: 250px;\"><script async src=\"https:\/\/pagead2.googlesyndication.com\/pagead\/js\/adsbygoogle.js?client=ca-pub-8106111766207173\"\r\n     crossorigin=\"anonymous\"><\/script>\r\n<!-- Display-1 -->\r\n<ins class=\"adsbygoogle\"\r\n     style=\"display:block\"\r\n     data-ad-client=\"ca-pub-8106111766207173\"\r\n     data-ad-slot=\"1465712950\"\r\n     data-ad-format=\"auto\"\r\n     data-full-width-responsive=\"true\"><\/ins>\r\n<script>\r\n     (adsbygoogle = window.adsbygoogle || []).push({});\r\n<\/script><\/div><\/div>","protected":false},"excerpt":{"rendered":"<p>Posebno je nezadovoljna kad je pacijenti nazivaju izvan radnog vremena i ometaju njen obiteljski \u017eivot.<\/p>\n","protected":false},"author":1,"featured_media":116137,"comment_status":"closed","ping_status":"closed","sticky":false,"template":"","format":"standard","meta":{"footnotes":""},"categories":[2],"tags":[613,567],"class_list":["post-116130","post","type-post","status-publish","format-standard","has-post-thumbnail","hentry","category-mozaik","tag-bonton","tag-lijecnicki-pregled"],"_links":{"self":[{"href":"https:\/\/www.mojevrijeme.hr\/magazin\/wp-json\/wp\/v2\/posts\/116130","targetHints":{"allow":["GET"]}}],"collection":[{"href":"https:\/\/www.mojevrijeme.hr\/magazin\/wp-json\/wp\/v2\/posts"}],"about":[{"href":"https:\/\/www.mojevrijeme.hr\/magazin\/wp-json\/wp\/v2\/types\/post"}],"author":[{"embeddable":true,"href":"https:\/\/www.mojevrijeme.hr\/magazin\/wp-json\/wp\/v2\/users\/1"}],"replies":[{"embeddable":true,"href":"https:\/\/www.mojevrijeme.hr\/magazin\/wp-json\/wp\/v2\/comments?post=116130"}],"version-history":[{"count":0,"href":"https:\/\/www.mojevrijeme.hr\/magazin\/wp-json\/wp\/v2\/posts\/116130\/revisions"}],"wp:featuredmedia":[{"embeddable":true,"href":"https:\/\/www.mojevrijeme.hr\/magazin\/wp-json\/wp\/v2\/media\/116137"}],"wp:attachment":[{"href":"https:\/\/www.mojevrijeme.hr\/magazin\/wp-json\/wp\/v2\/media?parent=116130"}],"wp:term":[{"taxonomy":"category","embeddable":true,"href":"https:\/\/www.mojevrijeme.hr\/magazin\/wp-json\/wp\/v2\/categories?post=116130"},{"taxonomy":"post_tag","embeddable":true,"href":"https:\/\/www.mojevrijeme.hr\/magazin\/wp-json\/wp\/v2\/tags?post=116130"}],"curies":[{"name":"wp","href":"https:\/\/api.w.org\/{rel}","templated":true}]}}