{"id":116584,"date":"2024-09-23T14:15:45","date_gmt":"2024-09-23T12:15:45","guid":{"rendered":"https:\/\/www.mojevrijeme.hr\/magazin\/?p=116584"},"modified":"2024-09-23T14:15:49","modified_gmt":"2024-09-23T12:15:49","slug":"ruza-ljubi-desetljece-mladeg-iliju-kaze-malo-malo-pa-cmok","status":"publish","type":"post","link":"https:\/\/www.mojevrijeme.hr\/magazin\/2024\/09\/ruza-ljubi-desetljece-mladeg-iliju-kaze-malo-malo-pa-cmok\/","title":{"rendered":"Ru\u017ea ljubi desetlje\u0107e mla\u0111eg Iliju, ka\u017ee: &#8216;Malo, malo pa cmok!&#8217;"},"content":{"rendered":"\n<p>&#8220;Ru\u017ea se ljubi onako kako meni treba&#8221;, kazao je <strong>Ilija Strini\u0107<\/strong> (56) iz Gra\u010daca, farmer 17. sezone RTL-ovog ruralnog zbiljokaza &#8220;Ljubav je na selu&#8221;. Za <strong>Ru\u017eu Adelborg<\/strong> (66) iz Malm\u00f6a ovo je druga godina sudjelovanja u popularnoj emisiji, a pro\u0161le se godine strastveno ljubila s farmerom <strong>Brankom Jurkovi\u0107em<\/strong>. <\/p>\n\n\n\n<p>Podsjetimo se, jak\u0161i\u0107ki brkati zavodnik joj je slomio srce odmah nakon \u0161to mu je produkcija dovela njegovu tihu patnju &#8211; <strong>Smilju Livan\u010di\u0107<\/strong> iz Pakraca. Ru\u017ea pak ne krije da je zaljubljive prirode pa joj je Ilija odmah na inicijalnoj zabavi prirastao srcu. &#8220;Malo, malo pa cmok&#8221;, kratko je komentirala novu romansu. <\/p>\n\n\n\n<p>&#8220;Prva moja ljubav bila je s 15 godina. On je bio moj mu\u017e, s 15 godina sam se udala i s nepunih 16 godina postala sam mama tako da mladost nisam imala nego sam bila, dijete, mama i \u017eena. Tako da za mene nije bilo vremena. Danas imam svo vrijeme u \u017eivotu i danas mogu misliti samo na sebe. Djeca su odrasla, imaju svoje obitelji, svoj \u017eivot i oni meni \u017eele sre\u0107u u \u017eivotu i da ja samo u\u017eivam&#8221;, rekla je za\u00a0<a href=\"https:\/\/www.rtl.hr\/tv-emisije\/ljubav-je-na-selu\/ruza-za-rtlhr-o-prvoj-ljubavi-udala-sam-se-za-njega-s-15-godina-a-rodila-s-nepunih-16.html\" target=\"_blank\" rel=\"noreferrer noopener\">RTL<\/a>.<\/p><div id=\"mojev-3458428708\" class=\"mojev-u-tekstu mojev-entity-placement\" style=\"margin-left: auto;margin-right: auto;text-align: center;\"><div class=\"mojev-adlabel\">oglas<\/div><div style=\"height: 250px;\"><script async src=\"https:\/\/pagead2.googlesyndication.com\/pagead\/js\/adsbygoogle.js?client=ca-pub-8106111766207173\"\r\n     crossorigin=\"anonymous\"><\/script>\r\n<!-- Prikazni 1 u tekstu -->\r\n<ins class=\"adsbygoogle\"\r\n     style=\"display:block\"\r\n     data-ad-client=\"ca-pub-8106111766207173\"\r\n     data-ad-slot=\"8535551207\"\r\n     data-ad-format=\"auto\"\r\n     data-full-width-responsive=\"true\"><\/ins>\r\n<script>\r\n     (adsbygoogle = window.adsbygoogle || []).push({});\r\n<\/script><\/div><\/div><br style=\"clear: both; display: block; float: none;\"\/>\n\n\n\n<p>O svom savr\u0161enom mu\u0161karcu kratko je dodala: &#8220;Danas u ovim mojim godinama je savr\u0161eni mu\u0161karac koji je slobodan, koji nema obaveza, da mo\u017eemo u\u017eivati zajedno, putovati, doru\u010dkovati, le\u0107i nave\u010der zajedno, da nema nekih problema, da \u017eivimo u harmoniji, da ona po\u0161tuje moju djecu, ja njegovu i to je to.&#8221; je li Ilija njen savr\u0161eni mu\u0161karac, iako je desetlje\u0107e mla\u0111i, ostaje nam za vidjeti.<\/p>\n<div id=\"mojev-3580335198\" class=\"mojev-kraj-teksta mojev-entity-placement\" style=\"margin-bottom: 20px;margin-left: auto;margin-right: auto;text-align: center;\"><div class=\"mojev-adlabel\">oglas<\/div><div style=\"height: 250px;\"><script async src=\"https:\/\/pagead2.googlesyndication.com\/pagead\/js\/adsbygoogle.js?client=ca-pub-8106111766207173\"\r\n     crossorigin=\"anonymous\"><\/script>\r\n<!-- Display-1 -->\r\n<ins class=\"adsbygoogle\"\r\n     style=\"display:block\"\r\n     data-ad-client=\"ca-pub-8106111766207173\"\r\n     data-ad-slot=\"1465712950\"\r\n     data-ad-format=\"auto\"\r\n     data-full-width-responsive=\"true\"><\/ins>\r\n<script>\r\n     (adsbygoogle = window.adsbygoogle || []).push({});\r\n<\/script><\/div><\/div>","protected":false},"excerpt":{"rendered":"<p>Ve\u0107 na prvom susretu planula je iskra izme\u0111u Ru\u017ee i Ilije. Ho\u0107e li Ru\u017ea Malm\u00f6 zamijeniti Gra\u010dacem, pita se mnogi obo\u017eavatelj popularnog ruralnog zbiljokaza.<\/p>\n","protected":false},"author":1,"featured_media":116586,"comment_status":"closed","ping_status":"closed","sticky":false,"template":"","format":"standard","meta":{"footnotes":""},"categories":[84],"tags":[3760,4240,3054,4239],"class_list":["post-116584","post","type-post","status-publish","format-standard","has-post-thumbnail","hentry","category-show","tag-branko-jurkovic","tag-ilija-strinic","tag-ljubav-je-na-selu","tag-ruza-adelborg"],"_links":{"self":[{"href":"https:\/\/www.mojevrijeme.hr\/magazin\/wp-json\/wp\/v2\/posts\/116584","targetHints":{"allow":["GET"]}}],"collection":[{"href":"https:\/\/www.mojevrijeme.hr\/magazin\/wp-json\/wp\/v2\/posts"}],"about":[{"href":"https:\/\/www.mojevrijeme.hr\/magazin\/wp-json\/wp\/v2\/types\/post"}],"author":[{"embeddable":true,"href":"https:\/\/www.mojevrijeme.hr\/magazin\/wp-json\/wp\/v2\/users\/1"}],"replies":[{"embeddable":true,"href":"https:\/\/www.mojevrijeme.hr\/magazin\/wp-json\/wp\/v2\/comments?post=116584"}],"version-history":[{"count":0,"href":"https:\/\/www.mojevrijeme.hr\/magazin\/wp-json\/wp\/v2\/posts\/116584\/revisions"}],"wp:featuredmedia":[{"embeddable":true,"href":"https:\/\/www.mojevrijeme.hr\/magazin\/wp-json\/wp\/v2\/media\/116586"}],"wp:attachment":[{"href":"https:\/\/www.mojevrijeme.hr\/magazin\/wp-json\/wp\/v2\/media?parent=116584"}],"wp:term":[{"taxonomy":"category","embeddable":true,"href":"https:\/\/www.mojevrijeme.hr\/magazin\/wp-json\/wp\/v2\/categories?post=116584"},{"taxonomy":"post_tag","embeddable":true,"href":"https:\/\/www.mojevrijeme.hr\/magazin\/wp-json\/wp\/v2\/tags?post=116584"}],"curies":[{"name":"wp","href":"https:\/\/api.w.org\/{rel}","templated":true}]}}