{"id":116668,"date":"2024-09-24T12:43:30","date_gmt":"2024-09-24T10:43:30","guid":{"rendered":"https:\/\/www.mojevrijeme.hr\/magazin\/?p=116668"},"modified":"2024-09-24T12:43:34","modified_gmt":"2024-09-24T10:43:34","slug":"buz-zbog-novog-poreza-nekretnine-na-jadranu-ce-pokupovati-stranci","status":"publish","type":"post","link":"https:\/\/www.mojevrijeme.hr\/magazin\/2024\/09\/buz-zbog-novog-poreza-nekretnine-na-jadranu-ce-pokupovati-stranci\/","title":{"rendered":"BUZ: Zbog novog poreza nekretnine na Jadranu \u0107e pokupovati stranci"},"content":{"rendered":"\n<p>Stranka Blok umirovljenici zajedno (BUZ) oglasila se nakon najave uvo\u0111enja poreza na nekretnine. Smatraju da se Vlada na taj potez odlu\u010dila pod pritiskom Europske unije. Tvrde kako &#8220;nema nikakve dvojbe da je Vlada pod pritiskom Europske komisije (EK) odlu\u010dila uvesti porez na nekretnine, iako svjesna kako je u Hrvatskoj postotak ku\u0107a i stanova u privatnom vlasni\u0161tvu daleko ve\u0107i nego u drugim \u010dlanicama EU-a&#8221;.<\/p>\n\n\n\n<p>&#8220;Na\u0161i su ljudi, \u0161to tradicionalno \u0161to zbog \u010duvanja vrijednosti svoje imovine, desetlje\u0107ima &#8216;\u0161tedjeli&#8217; u nekretninama pa \u0107e sada mnogima taj teret te\u0161ko pasti na ionako mala primanja. Koliko je nelogi\u010dnosti u &#8216;stambenoj&#8217; poreznoj politici vidi se iz jednostavnog primjera u kojem dvije osobe imaju vrijednost od npr. 100.000 eura, jedan u novcu a drugi u &#8216;vi\u0161ku&#8217; sto stambenih kvadrata, odnosno stanu. Ovaj sa 100.000 eura na ra\u010dunu \u0107e ulo\u017eiti u dr\u017eavne obveznice i zaraditi par tisu\u0107a eura na \u0161to nikome ne\u0107e platiti nikakav porez, a onaj koji je &#8216;\u0161tedio&#8217; u kvadratima stana \u0107e morati platiti porez i do 1.000 eura&#8221;, priop\u0107ili su i zapitali se \u2013 gdje je tu logika.<\/p>\n\n\n\n<h3 class=\"wp-block-heading\">Mnogi \u0107e prodati vi\u0161ak kvadrata<\/h3>\n\n\n\n<p>Smatraju da \u0107e novi porez prisiliti mnoge da &#8220;vi\u0161ak&#8221; kvadrata prodaju, a da bi kupci uglavnom mogli biti stranci koji zatim stanove i vikendice po Jadranskoj obali komercijalno iskoriste bez da plate i jedan jedini cent, prenosi <a href=\"https:\/\/n1info.hr\/vijesti\/blok-umirovljenici-zajedno-protiv-poreza-na-nekretnine\/\" target=\"_blank\" rel=\"noreferrer noopener\">N1<\/a>.<\/p><div id=\"mojev-2970703220\" class=\"mojev-u-tekstu mojev-entity-placement\" style=\"margin-left: auto;margin-right: auto;text-align: center;\"><div class=\"mojev-adlabel\">oglas<\/div><div style=\"height: 250px;\"><script async src=\"https:\/\/pagead2.googlesyndication.com\/pagead\/js\/adsbygoogle.js?client=ca-pub-8106111766207173\"\r\n     crossorigin=\"anonymous\"><\/script>\r\n<!-- Prikazni 1 u tekstu -->\r\n<ins class=\"adsbygoogle\"\r\n     style=\"display:block\"\r\n     data-ad-client=\"ca-pub-8106111766207173\"\r\n     data-ad-slot=\"8535551207\"\r\n     data-ad-format=\"auto\"\r\n     data-full-width-responsive=\"true\"><\/ins>\r\n<script>\r\n     (adsbygoogle = window.adsbygoogle || []).push({});\r\n<\/script><\/div><\/div><br style=\"clear: both; display: block; float: none;\"\/>\n\n\n\n<p>&#8220;To Vlada naravno ne vidi mada se radi o vi\u0161e od 200 tisu\u0107a objekata. Iz usta ministra financija lijepo zvu\u010di i namjera Vlade da smanji porez na dohodak, no propustio je kazati da \u0107e to za radnike zna\u010diti nekoliko eura ve\u0107u pla\u0107u, ali za odabrane i nekoliko desetaka puta vi\u0161e&#8221;, dodaju iz BUZ-a.<\/p>\n\n\n\n<p>Napominju da je Vlada novom poreznom reformom pove\u0107ala cenzus za oporezivanje mirovina sa 560 eura na &#8220;enormnih&#8221; 600 eura te dodaju da je nelogi\u010dno davati pomo\u0107 umirovljenicima s mirovinama do 840 eura, a u isto vrijeme oporezivati sve mirovine iznad 600 eura. &#8220;Kakva je to pomo\u0107 kada se nekome sa mirovinom od 840 eura u listopadu isplati jednokratna &#8216;pomo\u0107&#8217; u visini 60 eura da bi mu se na ime poreza kroz naredna tri mjeseca uzelo 80 eura&#8221;, pitaju se.<\/p>\n\n\n\n<p>Smatraju da je trebalo podi\u0107i cenzus za neoporezivi dio do iznosa sa kojima se ostvaruje pravo na pomo\u0107, odnosno 840 eura. &#8220;Vlada ni kroz prethodna dva mandata nije pokazivala empatiju ili razumijevanje prema potrebitima, da bi ve\u0107 na po\u010detku tre\u0107eg mandata pokazala nevjerojatnu bahatost i be\u0161\u0107utnost&#8221;, navode iz BUZ-a dodaju\u0107i da je imenovan dr\u017eavni tajnik u Ministarstvu rada, mirovinskog sustava i socijalne politike iz redova HSU-a, kao osoba bez &#8220;znanja i obrazovanja uz neto pla\u0107u ve\u0107u od 4000 eura&#8221;, pi\u0161e <a href=\"https:\/\/n1info.hr\/vijesti\/blok-umirovljenici-zajedno-protiv-poreza-na-nekretnine\/\" target=\"_blank\" rel=\"noreferrer noopener\">N1<\/a>.<\/p>\n<div id=\"mojev-4127285174\" class=\"mojev-kraj-teksta mojev-entity-placement\" style=\"margin-bottom: 20px;margin-left: auto;margin-right: auto;text-align: center;\"><div class=\"mojev-adlabel\">oglas<\/div><div style=\"height: 250px;\"><script async src=\"https:\/\/pagead2.googlesyndication.com\/pagead\/js\/adsbygoogle.js?client=ca-pub-8106111766207173\"\r\n     crossorigin=\"anonymous\"><\/script>\r\n<!-- Display-1 -->\r\n<ins class=\"adsbygoogle\"\r\n     style=\"display:block\"\r\n     data-ad-client=\"ca-pub-8106111766207173\"\r\n     data-ad-slot=\"1465712950\"\r\n     data-ad-format=\"auto\"\r\n     data-full-width-responsive=\"true\"><\/ins>\r\n<script>\r\n     (adsbygoogle = window.adsbygoogle || []).push({});\r\n<\/script><\/div><\/div>","protected":false},"excerpt":{"rendered":"<p>Vlada ni kroz prethodna dva mandata nije pokazivala empatiju ili razumijevanje prema potrebitima, da bi ve\u0107 na po\u010detku tre\u0107eg mandata pokazala nevjerojatnu bahatost i be\u0161\u0107utnost, smatraju u BUZ-u.<\/p>\n","protected":false},"author":1,"featured_media":75444,"comment_status":"closed","ping_status":"closed","sticky":false,"template":"","format":"standard","meta":{"footnotes":""},"categories":[9],"tags":[403,889],"class_list":["post-116668","post","type-post","status-publish","format-standard","has-post-thumbnail","hentry","category-vijesti","tag-blok-umirovljenici-zajedno","tag-porezna-reforma"],"_links":{"self":[{"href":"https:\/\/www.mojevrijeme.hr\/magazin\/wp-json\/wp\/v2\/posts\/116668","targetHints":{"allow":["GET"]}}],"collection":[{"href":"https:\/\/www.mojevrijeme.hr\/magazin\/wp-json\/wp\/v2\/posts"}],"about":[{"href":"https:\/\/www.mojevrijeme.hr\/magazin\/wp-json\/wp\/v2\/types\/post"}],"author":[{"embeddable":true,"href":"https:\/\/www.mojevrijeme.hr\/magazin\/wp-json\/wp\/v2\/users\/1"}],"replies":[{"embeddable":true,"href":"https:\/\/www.mojevrijeme.hr\/magazin\/wp-json\/wp\/v2\/comments?post=116668"}],"version-history":[{"count":0,"href":"https:\/\/www.mojevrijeme.hr\/magazin\/wp-json\/wp\/v2\/posts\/116668\/revisions"}],"wp:featuredmedia":[{"embeddable":true,"href":"https:\/\/www.mojevrijeme.hr\/magazin\/wp-json\/wp\/v2\/media\/75444"}],"wp:attachment":[{"href":"https:\/\/www.mojevrijeme.hr\/magazin\/wp-json\/wp\/v2\/media?parent=116668"}],"wp:term":[{"taxonomy":"category","embeddable":true,"href":"https:\/\/www.mojevrijeme.hr\/magazin\/wp-json\/wp\/v2\/categories?post=116668"},{"taxonomy":"post_tag","embeddable":true,"href":"https:\/\/www.mojevrijeme.hr\/magazin\/wp-json\/wp\/v2\/tags?post=116668"}],"curies":[{"name":"wp","href":"https:\/\/api.w.org\/{rel}","templated":true}]}}