{"id":116709,"date":"2024-09-24T22:42:31","date_gmt":"2024-09-24T20:42:31","guid":{"rendered":"https:\/\/www.mojevrijeme.hr\/magazin\/?p=116709"},"modified":"2024-09-24T22:42:34","modified_gmt":"2024-09-24T20:42:34","slug":"ruza-ilija-je-senzualan-odvest-cu-ga-u-spavacu-sobu-uskoro","status":"publish","type":"post","link":"https:\/\/www.mojevrijeme.hr\/magazin\/2024\/09\/ruza-ilija-je-senzualan-odvest-cu-ga-u-spavacu-sobu-uskoro\/","title":{"rendered":"Ru\u017ea: &#8216;Ilija je senzualan, odvest \u0107u ga u spava\u0107u sobu uskoro&#8217;"},"content":{"rendered":"\n<p>&#8220;Ilija se ljubi ba\u0161 kako mi odgovara. Senzualno&#8221;, kazala je <strong>Ru\u017ea Adelborg<\/strong> (66) iz Malm\u00f6a o svom farmeru <strong>Iliji Strini\u0107u<\/strong> (56) iz Gra\u010daca. Naime, dvojac je kliknuo na samom po\u010detku snimanja RTL-ovog ruralnog zbiljokaza &#8220;Ljubav je na selu&#8221;. Dapa\u010de, Ru\u017ea je potvrdila kako se zgodnom Iliji namjerava prepustiti u potpunosti.<\/p>\n\n\n\n<p>&#8220;Ban\u010dili smo do tri ujutro. Nema veze \u0161to nisam spavala, ali nisam mamurna. Uvijek svje\u017ee izgledam kad se ustanem. Osje\u0107am se perfektno&#8221;, kazala je. &#8220;Da, ljubakamo se. Planiram ga odvesti u svoju spava\u0107u sobu za tjedan ili dva. Bit \u0107e \u0161to \u0107e biti. Dalje nastavljamo zajedni\u010dki \u017eivot\u201c, kazala je Ru\u017ea. &#8220;\u0160to se ti\u010de sobe i kreveta, sve \u0107emo rije\u0161iti idu\u0107i vikend\u201c, prisna\u017eio je ponosni farmer.<\/p>\n\n\n\n<p>Podsjetimo, nisu svi odu\u0161evljeni romansom koja se je dogodila izme\u0111u vitalne Ru\u017ee i vragolastog Li\u010danina bosanskih korijena. Nezadovoljstvo ne kriju njegove druge djevojke koje se osje\u0107aju zanemareno i zapu\u0161teno.<\/p><div id=\"mojev-1268882023\" class=\"mojev-u-tekstu mojev-entity-placement\" style=\"margin-left: auto;margin-right: auto;text-align: center;\"><div class=\"mojev-adlabel\">oglas<\/div><div style=\"height: 250px;\"><script async src=\"https:\/\/pagead2.googlesyndication.com\/pagead\/js\/adsbygoogle.js?client=ca-pub-8106111766207173\"\r\n     crossorigin=\"anonymous\"><\/script>\r\n<!-- Prikazni 1 u tekstu -->\r\n<ins class=\"adsbygoogle\"\r\n     style=\"display:block\"\r\n     data-ad-client=\"ca-pub-8106111766207173\"\r\n     data-ad-slot=\"8535551207\"\r\n     data-ad-format=\"auto\"\r\n     data-full-width-responsive=\"true\"><\/ins>\r\n<script>\r\n     (adsbygoogle = window.adsbygoogle || []).push({});\r\n<\/script><\/div><\/div><br style=\"clear: both; display: block; float: none;\"\/>\n\n\n\n<p>&#8220;To ljubakanje za stolom i nabijanje Iliji u me\u0111uno\u017eje mi ba\u0161 nije sjelo. Nemamo 15 godina, to su zreli ljudi&#8221;, kazala je&nbsp;<strong>Marija<\/strong>&nbsp;(62). &#8220;Protiv sam ljubakanja i pona\u0161anja kao da su balavci. Tako se mogu pona\u0161ati u sobi. To nije za dru\u0161tvo. Mislim da nije lijepo&#8221;, kazala je zlatna djevojka&nbsp;<strong>Mirjana<\/strong>&nbsp;(61). &#8220;Boli nju briga s kim \u0107e se ljubakati. Ja si to ne dopu\u0161tam&#8221;, zaklju\u010dila je <strong>Jelica <\/strong>(63). Vi\u0161e pro\u010ditajte na <a href=\"https:\/\/www.mojevrijeme.hr\/magazin\/2024\/09\/marija-nije-mi-sjelo-ruzino-guranje-iliji-u-medunozje-i-to-ljubakanje\/\" data-type=\"post\" data-id=\"116672\">ovoj poveznici<\/a>.<\/p>\n<div id=\"mojev-1878904492\" class=\"mojev-kraj-teksta mojev-entity-placement\" style=\"margin-bottom: 20px;margin-left: auto;margin-right: auto;text-align: center;\"><div class=\"mojev-adlabel\">oglas<\/div><div style=\"height: 250px;\"><script async src=\"https:\/\/pagead2.googlesyndication.com\/pagead\/js\/adsbygoogle.js?client=ca-pub-8106111766207173\"\r\n     crossorigin=\"anonymous\"><\/script>\r\n<!-- Display-1 -->\r\n<ins class=\"adsbygoogle\"\r\n     style=\"display:block\"\r\n     data-ad-client=\"ca-pub-8106111766207173\"\r\n     data-ad-slot=\"1465712950\"\r\n     data-ad-format=\"auto\"\r\n     data-full-width-responsive=\"true\"><\/ins>\r\n<script>\r\n     (adsbygoogle = window.adsbygoogle || []).push({});\r\n<\/script><\/div><\/div>","protected":false},"excerpt":{"rendered":"<p>Kemija izme\u0111u Ru\u017ee i Ilije iz dana u dan sve ja\u010da. Pored Ru\u017ee, ka\u017ee stasiti farmer, druge djevojke nemaju izgleda. Iako svoju ljubav jo\u0161 nisu konzumirali, spremni su i na taj korak.<\/p>\n","protected":false},"author":1,"featured_media":116710,"comment_status":"closed","ping_status":"closed","sticky":false,"template":"","format":"standard","meta":{"footnotes":""},"categories":[84],"tags":[4240,3054,4239],"class_list":["post-116709","post","type-post","status-publish","format-standard","has-post-thumbnail","hentry","category-show","tag-ilija-strinic","tag-ljubav-je-na-selu","tag-ruza-adelborg"],"_links":{"self":[{"href":"https:\/\/www.mojevrijeme.hr\/magazin\/wp-json\/wp\/v2\/posts\/116709","targetHints":{"allow":["GET"]}}],"collection":[{"href":"https:\/\/www.mojevrijeme.hr\/magazin\/wp-json\/wp\/v2\/posts"}],"about":[{"href":"https:\/\/www.mojevrijeme.hr\/magazin\/wp-json\/wp\/v2\/types\/post"}],"author":[{"embeddable":true,"href":"https:\/\/www.mojevrijeme.hr\/magazin\/wp-json\/wp\/v2\/users\/1"}],"replies":[{"embeddable":true,"href":"https:\/\/www.mojevrijeme.hr\/magazin\/wp-json\/wp\/v2\/comments?post=116709"}],"version-history":[{"count":0,"href":"https:\/\/www.mojevrijeme.hr\/magazin\/wp-json\/wp\/v2\/posts\/116709\/revisions"}],"wp:featuredmedia":[{"embeddable":true,"href":"https:\/\/www.mojevrijeme.hr\/magazin\/wp-json\/wp\/v2\/media\/116710"}],"wp:attachment":[{"href":"https:\/\/www.mojevrijeme.hr\/magazin\/wp-json\/wp\/v2\/media?parent=116709"}],"wp:term":[{"taxonomy":"category","embeddable":true,"href":"https:\/\/www.mojevrijeme.hr\/magazin\/wp-json\/wp\/v2\/categories?post=116709"},{"taxonomy":"post_tag","embeddable":true,"href":"https:\/\/www.mojevrijeme.hr\/magazin\/wp-json\/wp\/v2\/tags?post=116709"}],"curies":[{"name":"wp","href":"https:\/\/api.w.org\/{rel}","templated":true}]}}