{"id":116768,"date":"2024-09-25T19:21:35","date_gmt":"2024-09-25T17:21:35","guid":{"rendered":"https:\/\/www.mojevrijeme.hr\/magazin\/?p=116768"},"modified":"2024-09-25T19:21:38","modified_gmt":"2024-09-25T17:21:38","slug":"kci-je-ostavio-muz-sad-s-unukom-visi-kod-nas-ne-mozemo-vise-kako-joj-reci","status":"publish","type":"post","link":"https:\/\/www.mojevrijeme.hr\/magazin\/2024\/09\/kci-je-ostavio-muz-sad-s-unukom-visi-kod-nas-ne-mozemo-vise-kako-joj-reci\/","title":{"rendered":"K\u0107i je ostavio mu\u017e, sad s unukom visi kod nas. Ne mo\u017eemo vi\u0161e, kako joj re\u0107i?"},"content":{"rendered":"\n<p>Roditelji koji ne \u017eele povrijediti k\u0107i i pru\u017eaju joj pomo\u0107 nakon razvoda, iako im njezine danono\u0107ne posjete ve\u0107 nagrizaju mentalno i fizi\u010dko zdravlje, obratili su se za pomo\u0107 \u017eivotnoj savjetnici koja odgovara javno za <em>The Guardian<\/em>.<\/p>\n\n\n\n<p>Tako ova majka, koja se bori s unutarnjim sukobima, pi\u0161e: &#8220;Na\u0161u je k\u0107er napustio suprug, a ostavio joj je i njihovo sedmogodi\u0161nje dijete. Od tada svaki dan s unukom dolazi kod nas i tvrdi da ne mo\u017ee biti sama. \u010cesto ostaje i preko no\u0107i. Za mene i mog supruga to je u\u017easno iscrpljuju\u0107e. Uop\u0107e vi\u0161e nemamo mira ni vremena za sebe. U kasnim smo \u0161ezdesetima i to nam nikako ne odgovara.&#8221;<\/p>\n\n\n\n<p>&#8220;Jako volimo svoju k\u0107er i unuka i \u017eelimo im pru\u017eiti podr\u0161ku koliko god je u na\u0161oj mo\u0107i, ali ovo je pre\u0161lo sve granice. Posljednji put kad sam s njom razgovarala s k\u0107eri o tome, nije me ni poku\u0161ala razumjeti. To je shvatila kao da je ne volimo i da je odbacujemo. Trebam va\u0161u pomo\u0107.&#8221;<\/p><div id=\"mojev-556453850\" class=\"mojev-u-tekstu mojev-entity-placement\" style=\"margin-left: auto;margin-right: auto;text-align: center;\"><div class=\"mojev-adlabel\">oglas<\/div><div style=\"height: 250px;\"><script async src=\"https:\/\/pagead2.googlesyndication.com\/pagead\/js\/adsbygoogle.js?client=ca-pub-8106111766207173\"\r\n     crossorigin=\"anonymous\"><\/script>\r\n<!-- Prikazni 1 u tekstu -->\r\n<ins class=\"adsbygoogle\"\r\n     style=\"display:block\"\r\n     data-ad-client=\"ca-pub-8106111766207173\"\r\n     data-ad-slot=\"8535551207\"\r\n     data-ad-format=\"auto\"\r\n     data-full-width-responsive=\"true\"><\/ins>\r\n<script>\r\n     (adsbygoogle = window.adsbygoogle || []).push({});\r\n<\/script><\/div><\/div><br style=\"clear: both; display: block; float: none;\"\/>\n\n\n\n<h3 class=\"wp-block-heading\">I ranjene \u017eivotinje se sakriju<\/h3>\n\n\n\n<p>Odgovor \u017eivotne savjetnice, ina\u010de i profesorice etike<strong> Eleanor Gordon-Smith<\/strong>, glasi<strong>:<\/strong> &#8220;Jedna stvar koja mi upada u o\u010di iz va\u0161eg pisma jest to, da se va\u0161a k\u0107i mora osje\u0107ati jako ugodno s vama kad kod vas \u017eeli biti u najte\u017eim trenucima u \u017eivotu. Znate da se i ranjene \u017eivotinje ponekad sakriju. dakle, sli\u010dno kao i \u017eivotinje koje se povuku kad su povrije\u0111ene, va\u0161a k\u0107i nalazi uto\u010di\u0161te u va\u0161em domu, \u0161to je odraz va\u0161eg odnosa, karaktera i roditeljstva te potvrda koliko se uz vas osje\u0107a sigurno.&#8221;<\/p>\n\n\n\n<p>&#8220;Pitam se ho\u0107e li dio ovog problema s vremenom ipak izlije\u010diti sam <strong>dr. Vrijeme<\/strong>. Shvatite da je ona do\u017eivjela \u0161ok koji poga\u0111a samu sr\u017e njezinog identiteta: do ju\u010der je bila supruga, dijete je imalo dva roditelja koja su dijelila odgovornost, jo\u0161 ju\u010der je planirala obiteljski \u017eivot. Trebat \u0107e joj vremena kako bi usvojila nove identitete: razvedena \u017eena, samohrana majka, planerica potpuno druga\u010dije budu\u0107nosti.&#8221;<\/p>\n\n\n\n<p>&#8220;Ima mi smisla da se sada \u017eeli vratiti identitetu koji najdulje poznaje i s kojim je najsigurnija: identitetu va\u0161eg djeteta. I sada, kad se mora suo\u010diti s odgojem vlastitog djeteta na potpuno druga\u010diji na\u010din nego \u0161to je planirala, mo\u017eda \u017eeli ponovno prona\u0107i svoj vlastiti obrazac za ljubav i obitelj. Kad joj uskoro ti novi identiteti i promjene postanu manje \u0161okantni, mo\u017eda \u0107e se prirodno opet odvojiti od vas. Sasvim je razumljivo, me\u0111utim, da \u017eelite malo ubrzati taj prijelaz.&#8221;<\/p>\n\n\n\n<h3 class=\"wp-block-heading\">Preure\u0111ujte s njom<\/h3>\n\n\n\n<p>&#8220;Jedna mala strategija mogla bi biti da joj pomognete da malo preuredi svoj dom kako je ondje ne bi sve podsje\u0107alo na njega. Po\u010distite s njom taj prostor, preuredite ga malo, izbacite ne\u0161to i dodajte neki novi komad namje\u0161taja, ukratko, u\u010dinite da se tamo osje\u0107a kao da je to sada njezino malo gnijezdo. Kad bude mogla provoditi vi\u0161e vremena tamo, mogli biste predlo\u017eiti da je posje\u0107ujete kod nje. Tako mo\u017eete povu\u0107i granice oko provo\u0111enja zajedni\u010dkog vremena.&#8221;<\/p>\n\n\n\n<p>&#8220;Mo\u017eete li uklju\u010diti i druge bliske ljude u tim za podr\u0161ku? U trenucima, neposredno nakon krize, okre\u0107emo se odnosima koji su nam maksimalno poznati i minimalno zahtjevni. No, to obi\u010dno bude vrlo mali broj ljudi. Mo\u017eete li s nekim podijeliti teret tako \u0161to \u0107ete ga neprimjetno zamoliti da joj bude oslonac? Na taj na\u010din \u0107e si dalje osje\u0107ati podr\u0161ku, ali ne\u0107ete vi nositi sav teret. To mo\u017eete u\u010diniti tako da pozovete obiteljskog prijatelja ili vi\u0161e njih\u00a0da navrate dok kod vas dok je ona tamo. Mo\u017eete joj prona\u0107i i profesionalnu pomo\u0107, ili ako va\u0161 odnos to dopu\u0161ta, pove\u017eite je opet s njezinim prijateljima.&#8221;<\/p>\n\n\n\n<h3 class=\"wp-block-heading\">Nije vrijeme za kritike<\/h3>\n\n\n\n<p>&#8220;Mo\u017eda biste tako\u0111er mogli dodatno naglasiti da ste joj bezuvjetna podr\u0161ka, kako bi, kad po\u017eelite malo vremena za sebe, to manje nalikovalo zastra\u0161uju\u0107em odbijanju. Male naznake napu\u0161tanja ili \u010dak kritike sada bi ona mogla do\u017eivjeti jako dramati\u010dno. Stoga jo\u0161 uvijek nije pravi trenutak za kritiziranje, koliko god kritike bile opravdane.&#8221;<\/p>\n\n\n\n<p>&#8220;Ako se vratila identitetu va\u0161eg djeteta, mo\u017eda \u0107ete se privremeno i vi morati malo vratiti da biste je tamo sreli. To je kao da se vra\u0107ate uvjeravanjima kojima ste se slu\u017eili kad ste je prvi put u\u010dili da se po\u010dne spavati sama u svojoj sobi: To \u0161to nisam s tobom u sobici ne zna\u010di da sam oti\u0161la, volim te i ujutro \u0107emo opet biti zajedno.&#8221;<\/p>\n\n\n\n<p>Je li ovo dobar odgovor preoptere\u0107enim roditeljima? \u0160to biste vi u\u010dinili na njihovom mjestu? Napi\u0161ite nam svoje mi\u0161ljenje.<\/p>\n\n\n\n<div id=\"crveno\"><\/p>\n\n\n\n<h3 class=\"wp-block-heading\">Zanima nas va\u0161a pri\u010da<\/h3>\n\n\n\n<p>\u017delite li i vi, posve anonimno, podijeliti svoje iskustvo i vi\u0111enje ove teme s nama i na\u0161im \u010ditateljima, mo\u017eete to u\u010diniti putem web obrasca <a rel=\"noreferrer noopener\" href=\"https:\/\/www.mojevrijeme.hr\/magazin\/povjerljivo\/\" target=\"_blank\">Povjerljivo<\/a>. Napi\u0161ite svoju pri\u010du!<\/p>\n\n\n\n<p><\/div>\n<div id=\"mojev-3492427383\" class=\"mojev-kraj-teksta mojev-entity-placement\" style=\"margin-bottom: 20px;margin-left: auto;margin-right: auto;text-align: center;\"><div class=\"mojev-adlabel\">oglas<\/div><div style=\"height: 250px;\"><script async src=\"https:\/\/pagead2.googlesyndication.com\/pagead\/js\/adsbygoogle.js?client=ca-pub-8106111766207173\"\r\n     crossorigin=\"anonymous\"><\/script>\r\n<!-- Display-1 -->\r\n<ins class=\"adsbygoogle\"\r\n     style=\"display:block\"\r\n     data-ad-client=\"ca-pub-8106111766207173\"\r\n     data-ad-slot=\"1465712950\"\r\n     data-ad-format=\"auto\"\r\n     data-full-width-responsive=\"true\"><\/ins>\r\n<script>\r\n     (adsbygoogle = window.adsbygoogle || []).push({});\r\n<\/script><\/div><\/div>","protected":false},"excerpt":{"rendered":"<p>Kad odrasla djeca prolaze kroz te\u0161ke \u017eivotne promjene poput razvoda, \u010desto tra\u017ee bezuvjetnu i svesrdnu podr\u0161ku roditelja. To mo\u017ee biti izazovno, osobito kada roditelji, koji su ve\u0107 u zreloj dobi, pru\u017eaju pomo\u0107 nau\u0161trb svojih granica i potreba za odmorom i privatno\u0161\u0107u.<\/p>\n","protected":false},"author":17,"featured_media":116812,"comment_status":"closed","ping_status":"closed","sticky":false,"template":"","format":"standard","meta":{"footnotes":""},"categories":[2],"tags":[252,3532],"class_list":["post-116768","post","type-post","status-publish","format-standard","has-post-thumbnail","hentry","category-mozaik","tag-razvod","tag-roditelji-i-djeca"],"_links":{"self":[{"href":"https:\/\/www.mojevrijeme.hr\/magazin\/wp-json\/wp\/v2\/posts\/116768","targetHints":{"allow":["GET"]}}],"collection":[{"href":"https:\/\/www.mojevrijeme.hr\/magazin\/wp-json\/wp\/v2\/posts"}],"about":[{"href":"https:\/\/www.mojevrijeme.hr\/magazin\/wp-json\/wp\/v2\/types\/post"}],"author":[{"embeddable":true,"href":"https:\/\/www.mojevrijeme.hr\/magazin\/wp-json\/wp\/v2\/users\/17"}],"replies":[{"embeddable":true,"href":"https:\/\/www.mojevrijeme.hr\/magazin\/wp-json\/wp\/v2\/comments?post=116768"}],"version-history":[{"count":1,"href":"https:\/\/www.mojevrijeme.hr\/magazin\/wp-json\/wp\/v2\/posts\/116768\/revisions"}],"predecessor-version":[{"id":136839,"href":"https:\/\/www.mojevrijeme.hr\/magazin\/wp-json\/wp\/v2\/posts\/116768\/revisions\/136839"}],"wp:featuredmedia":[{"embeddable":true,"href":"https:\/\/www.mojevrijeme.hr\/magazin\/wp-json\/wp\/v2\/media\/116812"}],"wp:attachment":[{"href":"https:\/\/www.mojevrijeme.hr\/magazin\/wp-json\/wp\/v2\/media?parent=116768"}],"wp:term":[{"taxonomy":"category","embeddable":true,"href":"https:\/\/www.mojevrijeme.hr\/magazin\/wp-json\/wp\/v2\/categories?post=116768"},{"taxonomy":"post_tag","embeddable":true,"href":"https:\/\/www.mojevrijeme.hr\/magazin\/wp-json\/wp\/v2\/tags?post=116768"}],"curies":[{"name":"wp","href":"https:\/\/api.w.org\/{rel}","templated":true}]}}