{"id":117455,"date":"2024-10-01T18:55:24","date_gmt":"2024-10-01T16:55:24","guid":{"rendered":"https:\/\/www.mojevrijeme.hr\/magazin\/?p=117455"},"modified":"2024-10-01T18:55:48","modified_gmt":"2024-10-01T16:55:48","slug":"plenkovic-prosjek-mirovina-za-40-i-vise-godina-staza-je-visi-od-900-eura","status":"publish","type":"post","link":"https:\/\/www.mojevrijeme.hr\/magazin\/2024\/10\/plenkovic-prosjek-mirovina-za-40-i-vise-godina-staza-je-visi-od-900-eura\/","title":{"rendered":"Plenkovi\u0107: Prosjek mirovina za 40 i vi\u0161e godina sta\u017ea je vi\u0161i od 900 eura"},"content":{"rendered":"\n<p>Potpisan je novi Sporazum osnivanju Nacionalnog vije\u0107a za umirovljenike i starije osobe u Banskim dvorima. Rije\u010d je o tijelu koje u izravnom dijalogu spaja klju\u010dne umirovljeni\u010dke udruge i Vladu RH. Premijer <strong>Andrej Plenkovi\u0107<\/strong> (HDZ) kazao je da je to tre\u0107i Sporazum koji je on potpisao, za svaki mandat po jedan. <\/p>\n\n\n\n<p>&#8220;Glavni cilj je usmjerenost pove\u0107anju mirovina kako bi bile adekvatnije i kako bi na\u0161i sugra\u0111ani kvalitetnije \u017eivjeli&#8221;, kazao je dodav\u0161i da to uklju\u010duje cjelovitu skrb za umirovljenike i starije osobe, uklju\u010duju\u0107i zdravstvenu i socijalnu.<\/p>\n\n\n\n<p>Plenkovi\u0107 je izjavio i da su njegove garniture, vo\u0111ene na\u010delom me\u0111ugeneracijske solidarnosti, uvijek nastojale unaprijediti polo\u017eaj umirovljenika. Istaknuo je da prosje\u010dna sveukupna mirovina za kolovoz iznosi 620 eura, \u0161to je 73,3 posto vi\u0161e nego 2016., najni\u017ea mirovina 394 eura, 89 posto vi\u0161e nego 2016., dok prosje\u010dna ukupna, tzv. ZOMO mirovina iznosi 571 euro, 72 posto vi\u0161e nego 2016. godine.<\/p><div id=\"mojev-3561853092\" class=\"mojev-u-tekstu mojev-entity-placement\" style=\"margin-left: auto;margin-right: auto;text-align: center;\"><div class=\"mojev-adlabel\">oglas<\/div><div style=\"height: 250px;\"><script async src=\"https:\/\/pagead2.googlesyndication.com\/pagead\/js\/adsbygoogle.js?client=ca-pub-8106111766207173\"\r\n     crossorigin=\"anonymous\"><\/script>\r\n<!-- Prikazni 1 u tekstu -->\r\n<ins class=\"adsbygoogle\"\r\n     style=\"display:block\"\r\n     data-ad-client=\"ca-pub-8106111766207173\"\r\n     data-ad-slot=\"8535551207\"\r\n     data-ad-format=\"auto\"\r\n     data-full-width-responsive=\"true\"><\/ins>\r\n<script>\r\n     (adsbygoogle = window.adsbygoogle || []).push({});\r\n<\/script><\/div><\/div><br style=\"clear: both; display: block; float: none;\"\/>\n\n\n\n<p>Prosje\u010dna starosna mirovina za 40 i vi\u0161e godina mirovinskoga sta\u017ea iznosi vi\u0161e od 900 eura, izvijestio je Plenkovi\u0107, a u njegovu mandatu je osigurana i nacionalna naknada kao pomo\u0107 osobama koje nisu ostvarile mirovinu. To je samo mali dio popisa uspjeha koje je Plenkovi\u0107 danas u Banskim dvorima predstavio javnosti prilikom potpisivanja dokumenta koji \u0107e osigurati pregovore umirovljenika i izvr\u0161ne vlasti.<\/p>\n\n\n\n<p>Predsjednica Matice umirovljenika Hrvatske <strong>Vi\u0161nja Fortuna<\/strong> istaknula je kako je suradnja s Vladom i nadle\u017enim ministarstvima jako dobra te izrazila uvjerenje da \u0107e, iako je jo\u0161 mnogo posla pred njima, i nadalje biti takva. <\/p>\n\n\n\n<p>Predsjednica Sindikata umirovljenika Hrvatske J<strong>asna A. Petrovi\u0107<\/strong> bila je ne\u0161to suzdr\u017eanija pa je u svome obra\u0107anju istaknula da je Republika Hrvatska jedina dr\u017eava u okru\u017eenju novostvorenih dr\u017eava koja je osnovala tijelo poput Nacionalnog vije\u0107a za umirovljenike i starije osobe. &#8220;Na taj na\u010din imamo mogu\u0107nost direktnog dijaloga i to po\u0161tujemo&#8221;, kazala je.<\/p>\n<div id=\"mojev-944712682\" class=\"mojev-kraj-teksta mojev-entity-placement\" style=\"margin-bottom: 20px;margin-left: auto;margin-right: auto;text-align: center;\"><div class=\"mojev-adlabel\">oglas<\/div><div style=\"height: 250px;\"><script async src=\"https:\/\/pagead2.googlesyndication.com\/pagead\/js\/adsbygoogle.js?client=ca-pub-8106111766207173\"\r\n     crossorigin=\"anonymous\"><\/script>\r\n<!-- Display-1 -->\r\n<ins class=\"adsbygoogle\"\r\n     style=\"display:block\"\r\n     data-ad-client=\"ca-pub-8106111766207173\"\r\n     data-ad-slot=\"1465712950\"\r\n     data-ad-format=\"auto\"\r\n     data-full-width-responsive=\"true\"><\/ins>\r\n<script>\r\n     (adsbygoogle = window.adsbygoogle || []).push({});\r\n<\/script><\/div><\/div>","protected":false},"excerpt":{"rendered":"<p>U Banskim dvorima je potpisan Sporazum o osnivanju jo\u0161 jednog Nacionalnog vije\u0107a za umirovljenike i starije osobe. Potpisali su ga predsjednice SUH-a i MUH-a, Jasna Petrovi\u0107 i Vi\u0161nja Fortuna, te premijer Andrej Plenkovi\u0107. <\/p>\n","protected":false},"author":1,"featured_media":116353,"comment_status":"closed","ping_status":"closed","sticky":false,"template":"","format":"standard","meta":{"footnotes":""},"categories":[9],"tags":[888,684,18,1623,167,1221],"class_list":["post-117455","post","type-post","status-publish","format-standard","has-post-thumbnail","hentry","category-vijesti","tag-andrej-plenkovic","tag-jasna-petrovic","tag-mirovine","tag-nacionalno-vijece","tag-sindikat-umirovljenika","tag-visnja-fortuna"],"_links":{"self":[{"href":"https:\/\/www.mojevrijeme.hr\/magazin\/wp-json\/wp\/v2\/posts\/117455","targetHints":{"allow":["GET"]}}],"collection":[{"href":"https:\/\/www.mojevrijeme.hr\/magazin\/wp-json\/wp\/v2\/posts"}],"about":[{"href":"https:\/\/www.mojevrijeme.hr\/magazin\/wp-json\/wp\/v2\/types\/post"}],"author":[{"embeddable":true,"href":"https:\/\/www.mojevrijeme.hr\/magazin\/wp-json\/wp\/v2\/users\/1"}],"replies":[{"embeddable":true,"href":"https:\/\/www.mojevrijeme.hr\/magazin\/wp-json\/wp\/v2\/comments?post=117455"}],"version-history":[{"count":0,"href":"https:\/\/www.mojevrijeme.hr\/magazin\/wp-json\/wp\/v2\/posts\/117455\/revisions"}],"wp:featuredmedia":[{"embeddable":true,"href":"https:\/\/www.mojevrijeme.hr\/magazin\/wp-json\/wp\/v2\/media\/116353"}],"wp:attachment":[{"href":"https:\/\/www.mojevrijeme.hr\/magazin\/wp-json\/wp\/v2\/media?parent=117455"}],"wp:term":[{"taxonomy":"category","embeddable":true,"href":"https:\/\/www.mojevrijeme.hr\/magazin\/wp-json\/wp\/v2\/categories?post=117455"},{"taxonomy":"post_tag","embeddable":true,"href":"https:\/\/www.mojevrijeme.hr\/magazin\/wp-json\/wp\/v2\/tags?post=117455"}],"curies":[{"name":"wp","href":"https:\/\/api.w.org\/{rel}","templated":true}]}}