{"id":117584,"date":"2024-10-03T12:37:03","date_gmt":"2024-10-03T10:37:03","guid":{"rendered":"https:\/\/www.mojevrijeme.hr\/magazin\/?p=117584"},"modified":"2024-10-03T15:57:19","modified_gmt":"2024-10-03T13:57:19","slug":"tereza-lezi-u-bolnici-nije-mi-do-proslave-86-rodendana","status":"publish","type":"post","link":"https:\/\/www.mojevrijeme.hr\/magazin\/2024\/10\/tereza-lezi-u-bolnici-nije-mi-do-proslave-86-rodendana\/","title":{"rendered":"Tereza le\u017ei u bolnici: Nije mi do proslave 86. ro\u0111endana"},"content":{"rendered":"\n<p>Pjeva\u010dica <strong>Tereza Kesovija<\/strong> danas je napunila 86 godina. Na\u017ealost, ro\u0111endan ne\u0107e mo\u0107i proslaviti jer se nalazi u bolnici. &#8220;Ja sam u bolnici. \u017dao mi je, nisam u stanju vam obja\u0161njavati \u0161to mi se dogodilo. Pala sam, jako sam se udarila,&#8221; rekla je za <a href=\"https:\/\/net.hr\/hot\/zvijezde\/tereza-kesovija-rodendan-provodi-u-bolnici-pala-sam-jako-sam-se-udarila-a3ee1a26-815b-11ef-8bfc-161963e332f6\" target=\"_blank\" rel=\"noreferrer noopener\">Net.hr.<\/a> Dodala je kako joj trenuta\u010dno nije va\u017eno gdje se nalazi te da o ro\u0111endanima i slavlju ne razmi\u0161lja.<\/p>\n\n\n\n<p><a href=\"https:\/\/net.hr\/hot\/zvijezde\/tereza-kesovija-zabrinula-pratitelje-pazi-se-visokih-temperatura-fe810616-3f56-11ef-bba3-72780b90502a\"><\/a><a href=\"https:\/\/net.hr\/hot\/zvijezde\/tereza-kesovija-zabrinula-pratitelje-pazi-se-visokih-temperatura-fe810616-3f56-11ef-bba3-72780b90502a\"><\/a>&#8220;Tako mi je svejedno gdje sam. Danas jesam, sutra nisam. Majku nisam ni upoznala, rodila me i brzo umrla. Meni je slavljenje ro\u0111endana smije\u0161no,&#8221; zaklju\u010dila je.<\/p>\n\n\n\n<p><a href=\"https:\/\/www.jutarnji.hr\/scena\/domace-zvijezde\/tereza-kesovija-na-86-rodendan-zavrsila-u-bolnici-saznali-smo-sto-se-dogodilo-lijecnike-je-brinula-visoka-temperatura-15508439\" target=\"_blank\" rel=\"noreferrer noopener\">Jutarnji list<\/a> je pak od neimenovane Terezine prijateljice doznao da na\u0161a proslavljena pjeva\u010dice ve\u0107 nekoliko dana imala povi\u0161enu temperaturu zbog koje je oslabila te da je zbog slabosti pala i poprili\u010dno se ozlijedila. &#8220;No u bolnicu je nismo odvezli zbog pada nego zbog temperature koja se nikako nije spu\u0161tala. Nakon pretraga lije\u010dnici su ustanovili kako je temperatura nastala zbog jake upale, a ono \u0161to je sada najva\u017enije jest da je Tereza u najboljim mogu\u0107im rukama, da uzima antibiotike i ostale lijekove i da se svi nadamo da \u0107e uskoro biti bolje&#8221;, kazala je. <\/p><div id=\"mojev-4178754001\" class=\"mojev-u-tekstu mojev-entity-placement\" style=\"margin-left: auto;margin-right: auto;text-align: center;\"><div class=\"mojev-adlabel\">oglas<\/div><div style=\"height: 250px;\"><script async src=\"https:\/\/pagead2.googlesyndication.com\/pagead\/js\/adsbygoogle.js?client=ca-pub-8106111766207173\"\r\n     crossorigin=\"anonymous\"><\/script>\r\n<!-- Prikazni 1 u tekstu -->\r\n<ins class=\"adsbygoogle\"\r\n     style=\"display:block\"\r\n     data-ad-client=\"ca-pub-8106111766207173\"\r\n     data-ad-slot=\"8535551207\"\r\n     data-ad-format=\"auto\"\r\n     data-full-width-responsive=\"true\"><\/ins>\r\n<script>\r\n     (adsbygoogle = window.adsbygoogle || []).push({});\r\n<\/script><\/div><\/div><br style=\"clear: both; display: block; float: none;\"\/>\n\n\n\n<p>&#8220;\u0160to se ro\u0111endana ti\u010de, kad ozdravi i otpuste je iz bolnice, bit \u0107e vremena i za slavlje&#8221;, kazala je Jutarnjem Terezina najbolja prijateljica, koja je sve vrijeme uz na\u0161u veliku glazbenu divu.<\/p>\n\n\n\n<p>Podsjetimo, pjeva\u010dica se nije dobro osje\u0107ala ni pro\u0161le godine, nakon \u010dega je bila preba\u010dena u bolnicu zbog posljedica infarkta. Njezino zdravstveno stanje zabrinulo je njezinu mnogobrojnu publiku, no Tereza o zdravstvenim problemima ne voli govoriti.<\/p>\n\n\n\n<p>I prije dvije godine u listopadu bila je hospitalizirana zbog bolova u nozi. \u201cIza\u0161la sam, jo\u0161 nisam ku\u0107i, ali \u0107u uskoro biti. Da skupim ove prnje oko sebe i idem. Pozdravi mi moj dragi Split!\u201d rekla je Tereza za tada za Radio Dalmaciju. Na lije\u010denje se prijavila tek kada je bol postala ve\u0107 nepodno\u0161ljiva i kada zbog nje vi\u0161e nije uspijevala zaspati. Mu\u010dila ju je tada upala potko\u017enog tkiva na desnoj nozi. Lije\u010dnici su joj prepisali lijekove i le\u017eanje na na\u010din da joj desna noga bude u povi\u0161enom polo\u017eaju.<\/p>\n<div id=\"mojev-2433265601\" class=\"mojev-kraj-teksta mojev-entity-placement\" style=\"margin-bottom: 20px;margin-left: auto;margin-right: auto;text-align: center;\"><div class=\"mojev-adlabel\">oglas<\/div><div style=\"height: 250px;\"><script async src=\"https:\/\/pagead2.googlesyndication.com\/pagead\/js\/adsbygoogle.js?client=ca-pub-8106111766207173\"\r\n     crossorigin=\"anonymous\"><\/script>\r\n<!-- Display-1 -->\r\n<ins class=\"adsbygoogle\"\r\n     style=\"display:block\"\r\n     data-ad-client=\"ca-pub-8106111766207173\"\r\n     data-ad-slot=\"1465712950\"\r\n     data-ad-format=\"auto\"\r\n     data-full-width-responsive=\"true\"><\/ins>\r\n<script>\r\n     (adsbygoogle = window.adsbygoogle || []).push({});\r\n<\/script><\/div><\/div>","protected":false},"excerpt":{"rendered":"<p>Miljenica nacije posljednjih nekoliko godina ro\u0111endane do\u010dekuje u bolnici. Ionako, ka\u017ee, za njih ne haje. Njeni obo\u017eavatelji \u017eele joj \u0161to br\u017ei oporavak i povratak na pozornicu. <\/p>\n","protected":false},"author":1,"featured_media":33496,"comment_status":"closed","ping_status":"closed","sticky":false,"template":"","format":"standard","meta":{"footnotes":""},"categories":[84],"tags":[680,21],"class_list":["post-117584","post","type-post","status-publish","format-standard","has-post-thumbnail","hentry","category-show","tag-bolesti","tag-tereza-kesovija"],"_links":{"self":[{"href":"https:\/\/www.mojevrijeme.hr\/magazin\/wp-json\/wp\/v2\/posts\/117584","targetHints":{"allow":["GET"]}}],"collection":[{"href":"https:\/\/www.mojevrijeme.hr\/magazin\/wp-json\/wp\/v2\/posts"}],"about":[{"href":"https:\/\/www.mojevrijeme.hr\/magazin\/wp-json\/wp\/v2\/types\/post"}],"author":[{"embeddable":true,"href":"https:\/\/www.mojevrijeme.hr\/magazin\/wp-json\/wp\/v2\/users\/1"}],"replies":[{"embeddable":true,"href":"https:\/\/www.mojevrijeme.hr\/magazin\/wp-json\/wp\/v2\/comments?post=117584"}],"version-history":[{"count":0,"href":"https:\/\/www.mojevrijeme.hr\/magazin\/wp-json\/wp\/v2\/posts\/117584\/revisions"}],"wp:featuredmedia":[{"embeddable":true,"href":"https:\/\/www.mojevrijeme.hr\/magazin\/wp-json\/wp\/v2\/media\/33496"}],"wp:attachment":[{"href":"https:\/\/www.mojevrijeme.hr\/magazin\/wp-json\/wp\/v2\/media?parent=117584"}],"wp:term":[{"taxonomy":"category","embeddable":true,"href":"https:\/\/www.mojevrijeme.hr\/magazin\/wp-json\/wp\/v2\/categories?post=117584"},{"taxonomy":"post_tag","embeddable":true,"href":"https:\/\/www.mojevrijeme.hr\/magazin\/wp-json\/wp\/v2\/tags?post=117584"}],"curies":[{"name":"wp","href":"https:\/\/api.w.org\/{rel}","templated":true}]}}