{"id":117653,"date":"2024-10-04T08:17:13","date_gmt":"2024-10-04T06:17:13","guid":{"rendered":"https:\/\/www.mojevrijeme.hr\/magazin\/?p=117653"},"modified":"2024-10-04T08:20:28","modified_gmt":"2024-10-04T06:20:28","slug":"buz-trazi-ostavku-ministra-piletica-stedi-na-mirovinama-i-sirotinji","status":"publish","type":"post","link":"https:\/\/www.mojevrijeme.hr\/magazin\/2024\/10\/buz-trazi-ostavku-ministra-piletica-stedi-na-mirovinama-i-sirotinji\/","title":{"rendered":"BUZ tra\u017ei ostavku ministra Pileti\u0107a: \u0160tedi na umirovljenicima i sirotinji"},"content":{"rendered":"\n<p>Stranka Blok umirovljenici zajedno tra\u017ei ostavku HDZ-ovog ministra rada, mirovinskog sustava i socijalne politike Marina Pileti\u0107a. Izme\u0111u ostalog, u priop\u0107enju navode da se u vremenu nikada ve\u0107ega siroma\u0161tva, posebno umirovljenika, Pileti\u0107evo ministarstvo javno hvali kako su u odnosu na sva druga ministarstva &#8220;u\u0161tedjeli&#8221; najvi\u0161e novca. <\/p>\n\n\n\n<p>Podsjetimo, Ministarstvo rada i mirovinskog sustava u\u0161tedjelo je 288 milijuna eura, a prati ga Ministarstvo financija 257 milijuna eura. Planirana u\u0161teda radi obuzdavanja deficita za sva ministarstva bila je na razini 1,5 milijarde eura, no ukupno je za tre\u0107inu manja.<\/p>\n\n\n\n<p>&#8220;Da stvar bude jo\u0161 bizarnija ministar Primorac nagla\u0161ava kako se u prora\u010dunu dogodio i rast prihoda od 1,8 milijardi eura \u0161to je zbrojeno samo sa &#8216;u\u0161tedom&#8217; ministra Pileti\u0107a vi\u0161e od 2 milijarde eura odnosno daleko vi\u0161e od 1,5 milijardi koliko je potrebno da se doslovno odmah prosje\u010dne mirovine podinu na 60 posto prosje\u010dne pla\u0107e&#8221;, pi\u0161e u priop\u0107enju. <\/p><div id=\"mojev-4143739046\" class=\"mojev-u-tekstu mojev-entity-placement\" style=\"margin-left: auto;margin-right: auto;text-align: center;\"><div class=\"mojev-adlabel\">oglas<\/div><div style=\"height: 250px;\"><script async src=\"https:\/\/pagead2.googlesyndication.com\/pagead\/js\/adsbygoogle.js?client=ca-pub-8106111766207173\"\r\n     crossorigin=\"anonymous\"><\/script>\r\n<!-- Prikazni 1 u tekstu -->\r\n<ins class=\"adsbygoogle\"\r\n     style=\"display:block\"\r\n     data-ad-client=\"ca-pub-8106111766207173\"\r\n     data-ad-slot=\"8535551207\"\r\n     data-ad-format=\"auto\"\r\n     data-full-width-responsive=\"true\"><\/ins>\r\n<script>\r\n     (adsbygoogle = window.adsbygoogle || []).push({});\r\n<\/script><\/div><\/div><br style=\"clear: both; display: block; float: none;\"\/>\n\n\n\n<p>&#8220;Uz podizanje mirovina sasvim je dovoljno novca u prora\u010dunu i da se mnogima bez odugovla\u010denja isplate svi inkluzivni dodaci, posebno osobama sa invaliditetom koje radi sporosti administracije odnosno birokracije nerijetko i doslovno umru prije no \u0161to do\u010dekaju pomo\u0107 na koju su imali pravo&#8221;, navode iz ove umirovljeni\u010dke stranke. <\/p>\n\n\n\n<p>&#8220;Ova &#8216;\u0161tednja&#8217; na hrvatskoj sirotinji je jo\u0161 jedan dokaz potpunog izostanka empatije prema najugro\u017eenijoj socijalnoj skupini odnosno umirovljenicima. Ova bizarnost je i jo\u0161 jedan dokaz vi\u0161e koji ide u prilog na\u0161oj tvrdnji da Vlada ne \u017eeli rje\u0161avati problem rastu\u0107eg siroma\u0161tva ve\u0107 upravo obrnuto, Vlada ga svojim postupcima svjesno i namjerno generira. Umjesto da Pileti\u0107evo ministarstvo vo\u0111eno empatijom i iskrenom namjerom da poma\u017ee potrebitima o\u010dekivano bude u &#8216;minusu&#8217;, pa i dvostruko ve\u0107em od &#8216;u\u0161tede&#8217; \u0161to bi obzirom na lo\u0161e mirovine i jo\u0161 goru ukupnu socijalnu sliku bilo razumljivo, on se hvali navodnim u\u0161tedama&#8221;, navodi se u priop\u0107enju.<\/p>\n\n\n\n<p>Zbog svega BUZ zahtijeva da odmah podnese neopozivu ostavku ili da bude smijenjen sa ministarske funkcije radi laganja, nesposobnosti, nebrige i izostanka empatije, zaklju\u010duje BUZ u svom priop\u0107enju kojeg potpisuje \u0161ef ove neparlamentarne stranke <strong>Milivoj \u0160pika<\/strong>. Rije\u010d je o stranci koja je, uz podr\u0161ku nekoliko oporbenih stranaka, organizirala <a href=\"https:\/\/www.mojevrijeme.hr\/magazin\/2024\/10\/odrzan-prosvjed-trazimo-novi-izracun-mirovina-i-priznavanje-godina-studiranja-u-staz\/\" data-type=\"post\" data-id=\"117340\">veliki prosvjed<\/a> umirovljenika u Zagrebu, a dala je i podr\u0161ku Zoranu Milanovi\u0107u u poku\u0161aju osvajanja jo\u0161 jednog predsjedni\u010dkog mandata.<\/p>\n<div id=\"mojev-244542888\" class=\"mojev-kraj-teksta mojev-entity-placement\" style=\"margin-bottom: 20px;margin-left: auto;margin-right: auto;text-align: center;\"><div class=\"mojev-adlabel\">oglas<\/div><div style=\"height: 250px;\"><script async src=\"https:\/\/pagead2.googlesyndication.com\/pagead\/js\/adsbygoogle.js?client=ca-pub-8106111766207173\"\r\n     crossorigin=\"anonymous\"><\/script>\r\n<!-- Display-1 -->\r\n<ins class=\"adsbygoogle\"\r\n     style=\"display:block\"\r\n     data-ad-client=\"ca-pub-8106111766207173\"\r\n     data-ad-slot=\"1465712950\"\r\n     data-ad-format=\"auto\"\r\n     data-full-width-responsive=\"true\"><\/ins>\r\n<script>\r\n     (adsbygoogle = window.adsbygoogle || []).push({});\r\n<\/script><\/div><\/div>","protected":false},"excerpt":{"rendered":"<p>Od svih ministarstava, najvi\u0161e je u\u0161tedjelo Ministarstvo rada i mirovinskog sustava &#8211; 288 milijuna eura te Ministarstvo financija &#8211;  257 milijuna eura. Planirana u\u0161teda za sva ministarstva bila je na razini 1,5 milijarde eura, no ukupno je za tre\u0107inu manja.<\/p>\n","protected":false},"author":1,"featured_media":117348,"comment_status":"closed","ping_status":"closed","sticky":false,"template":"","format":"standard","meta":{"footnotes":""},"categories":[9],"tags":[403,3231,854],"class_list":["post-117653","post","type-post","status-publish","format-standard","has-post-thumbnail","hentry","category-vijesti","tag-blok-umirovljenici-zajedno","tag-marin-piletic","tag-milivoj-spika"],"_links":{"self":[{"href":"https:\/\/www.mojevrijeme.hr\/magazin\/wp-json\/wp\/v2\/posts\/117653","targetHints":{"allow":["GET"]}}],"collection":[{"href":"https:\/\/www.mojevrijeme.hr\/magazin\/wp-json\/wp\/v2\/posts"}],"about":[{"href":"https:\/\/www.mojevrijeme.hr\/magazin\/wp-json\/wp\/v2\/types\/post"}],"author":[{"embeddable":true,"href":"https:\/\/www.mojevrijeme.hr\/magazin\/wp-json\/wp\/v2\/users\/1"}],"replies":[{"embeddable":true,"href":"https:\/\/www.mojevrijeme.hr\/magazin\/wp-json\/wp\/v2\/comments?post=117653"}],"version-history":[{"count":0,"href":"https:\/\/www.mojevrijeme.hr\/magazin\/wp-json\/wp\/v2\/posts\/117653\/revisions"}],"wp:featuredmedia":[{"embeddable":true,"href":"https:\/\/www.mojevrijeme.hr\/magazin\/wp-json\/wp\/v2\/media\/117348"}],"wp:attachment":[{"href":"https:\/\/www.mojevrijeme.hr\/magazin\/wp-json\/wp\/v2\/media?parent=117653"}],"wp:term":[{"taxonomy":"category","embeddable":true,"href":"https:\/\/www.mojevrijeme.hr\/magazin\/wp-json\/wp\/v2\/categories?post=117653"},{"taxonomy":"post_tag","embeddable":true,"href":"https:\/\/www.mojevrijeme.hr\/magazin\/wp-json\/wp\/v2\/tags?post=117653"}],"curies":[{"name":"wp","href":"https:\/\/api.w.org\/{rel}","templated":true}]}}