{"id":117769,"date":"2024-10-06T15:35:21","date_gmt":"2024-10-06T13:35:21","guid":{"rendered":"https:\/\/www.mojevrijeme.hr\/magazin\/?p=117769"},"modified":"2024-10-06T15:39:23","modified_gmt":"2024-10-06T13:39:23","slug":"umirovljeni-branitelj-nemam-dovoljno-ni-za-lijekove-kako-da-kupim-drva","status":"publish","type":"post","link":"https:\/\/www.mojevrijeme.hr\/magazin\/2024\/10\/umirovljeni-branitelj-nemam-dovoljno-ni-za-lijekove-kako-da-kupim-drva\/","title":{"rendered":"&#8216;Borio sam se za Hrvatsku, a danas nemam ni za lijekove ni za drva&#8217;"},"content":{"rendered":"\n<p>U hrvatskoj javnosti \u010desto se \u010duje kako umirovljeni branitelji Domovinskog rata u\u017eivaju brojne privilegije i visoke mirovine, no mnogi od njih svjedo\u010de o suprotnom. Umjesto boljeg standarda, suo\u010davaju se s te\u0161kim \u017eivotnim uvjetima i ispodprosje\u010dnim mirovinama.<\/p>\n\n\n\n<p>Jedan od njih, <strong>Ivica Be\u0161irovi\u0107<\/strong> iz Karanca u Baranji, isti\u010de da je bio dragovoljac i da su mu mirovina od 406 eura i \u017eivotne okolnosti daleko od onoga \u0161to bi trebao imati nakon borbe za domovinu. &#8220;Nekidan sam bio u ljekarni u Belom Manastiru po lijekove za terapiju. 46,90 eura sam dao za njih i jo\u0161 sutra moram po jedan lijek koji ko\u0161ta 35 eura&#8221;, \u017eali se za <a href=\"https:\/\/n1info.hr\/vijesti\/muke-umirovljenog-branitelja-kupio-sam-lijekove-za-47-eura-trebam-jos-jedan-po-35-a-mirovina-mi-je-406-eura\/\" target=\"_blank\" rel=\"noreferrer noopener\">N1<\/a> televiziju.<\/p>\n\n\n\n<p>Alergi\u010dar je i dijabeti\u010dar, penicilin ne smije primati pa je osu\u0111en uvijek imati lijekove uza sebe. &#8220;Kad kupim osnovni set lijekova koje koristim, to je skoro 80 eura. Ta koli\u010dina lijekova dostatna mi je za tri tjedna, ne za cijeli mjesec. Pa ih &#8216;razvla\u010dim&#8217; nekako. Kad mi je malo bolje, ne popijem lijek da bih izgurao tih tjedan dana do idu\u0107e mirovine pa da opet kupim. Podstanar sam, pla\u0107am minimalnu stanarinu, ali pola mirovine mi ode na lijekove, stanarinu i re\u017eije. Ostane mi 200 eura mjese\u010dno. Pa ti \u017eivi s time, jedi, sna\u0111i se, idi nekamo&#8221;, ka\u017ee. Ponekad pomogne nekome odraditi ne\u0161to pa zaradi neki euro neki, ali samo onoliko koliko mu zdravlje dozvoljava.<\/p><div id=\"mojev-2346382197\" class=\"mojev-u-tekstu mojev-entity-placement\" style=\"margin-left: auto;margin-right: auto;text-align: center;\"><div class=\"mojev-adlabel\">oglas<\/div><div style=\"height: 250px;\"><script async src=\"https:\/\/pagead2.googlesyndication.com\/pagead\/js\/adsbygoogle.js?client=ca-pub-8106111766207173\"\r\n     crossorigin=\"anonymous\"><\/script>\r\n<!-- Prikazni 1 u tekstu -->\r\n<ins class=\"adsbygoogle\"\r\n     style=\"display:block\"\r\n     data-ad-client=\"ca-pub-8106111766207173\"\r\n     data-ad-slot=\"8535551207\"\r\n     data-ad-format=\"auto\"\r\n     data-full-width-responsive=\"true\"><\/ins>\r\n<script>\r\n     (adsbygoogle = window.adsbygoogle || []).push({});\r\n<\/script><\/div><\/div><br style=\"clear: both; display: block; float: none;\"\/>\n\n\n\n<p>Stradao je po\u010detkom rata pred policijskom postajom u \u010cepinu. &#8220;Nastradao sam na radnom mjestu, u uniformi, samo \u0161to to nije bilo na prvoj crti boji\u0161nice. Da jest, dobio bih status ratnog vojnog invalida. Glava mi je bila razbijena. Za\u0161ili su me na brzinu i poslali natrag. Kasnije sam tek osjetio probleme. Padao sam u nesvijest jer su ugru\u0161ci ostali u glavi i \u0161etali do mozga sve dok mi u Zagrebu to nisu o\u010distili&#8221;, ka\u017ee.<\/p>\n\n\n\n<p>Na prvim crtama boji\u0161nice oko Osijeka proveo je 1004 dana. Zato je ponajvi\u0161e i ogor\u010den mirovinom koju sada ima. &#8220;Osnovica najni\u017ee braniteljske mirovine je 339 eura. Na to se dobije dodatak za dane provedene u ratu, u borbenom sektoru. Trebate imati 100 dana u borbenom sektoru i 65 godina ili da ste osoba s inavliditetom da bi dobili braniteljsku mirovinu. Ja imam 1004 dana provedena u borbenom sektoru. Na to dobijem dodatak od 0,493 lipa po danu. I na tom su nas potkradali, za\u0161to nije moglo biti 50 lipa ili jedna kuna? Pa sad u eurima na tih 339 eura osnovne mirovine dobijem jo\u0161 dodatak od 70 eura. Dakle, 406 eura mi je mirovina. A samo lijekove koje moram piti pla\u0107am 80 eura&#8221;, govori s gor\u010dinom u glasu.<\/p>\n\n\n\n<p>On je najprije oti\u0161ao u invalidsku mirovinu, a tek kasnije prebacio se, jer je to omogu\u0107eno, na braniteljsku. Bilo je to jo\u0161 prije 2000. godine. &#8220;Oti\u0161ao sam kao policajac u invalidsku mirovinu koja je bila 904 kune, a samo stan i re\u017eije tada su me ko\u0161tali 1.000 kuna. I\u0161ao sam svugdje raditi, \u0161to god je trebalo&#8221;, govori za <a href=\"https:\/\/n1info.hr\/vijesti\/muke-umirovljenog-branitelja-kupio-sam-lijekove-za-47-eura-trebam-jos-jedan-po-35-a-mirovina-mi-je-406-eura\/\" target=\"_blank\" rel=\"noreferrer noopener\">N1<\/a>.<\/p>\n\n\n\n<p>Be\u0161irovi\u0107 nagla\u0161ava da je razlika izme\u0111u njihovih mirovina i saborskih ogromna, a dodatno se osje\u0107a izostanak podr\u0161ke dru\u0161tva i dr\u017eave. &#8220;Kako da si sad pred zimu kupim drva za ogrjev? Drva ovdje ko\u0161taju 65 do 70 eura metar, a rezanje je 10 eura. Ne mogu, dakle, pro\u0107i jeftinije od 75 eura po metru, a treba mi deset metara drva. Otkud mi novac za to&#8221;, zapitao se.<\/p>\n\n\n\n<div id=\"crveno\"><\/p>\n\n\n\n<h3 class=\"wp-block-heading\">Zanima nas va\u0161a pri\u010da<\/h3>\n\n\n\n<p>\u017delite li i vi, posve anonimno, podijeliti svoje iskustvo i vi\u0111enje ove teme s nama i na\u0161im \u010ditateljima, mo\u017eete to u\u010diniti putem web obrasca <a rel=\"noreferrer noopener\" href=\"https:\/\/www.mojevrijeme.hr\/magazin\/povjerljivo\/\" target=\"_blank\">Povjerljivo<\/a>. Napi\u0161ite svoju pri\u010du!<\/p>\n\n\n\n<p><\/div>\n<div id=\"mojev-2882996901\" class=\"mojev-kraj-teksta mojev-entity-placement\" style=\"margin-bottom: 20px;margin-left: auto;margin-right: auto;text-align: center;\"><div class=\"mojev-adlabel\">oglas<\/div><div style=\"height: 250px;\"><script async src=\"https:\/\/pagead2.googlesyndication.com\/pagead\/js\/adsbygoogle.js?client=ca-pub-8106111766207173\"\r\n     crossorigin=\"anonymous\"><\/script>\r\n<!-- Display-1 -->\r\n<ins class=\"adsbygoogle\"\r\n     style=\"display:block\"\r\n     data-ad-client=\"ca-pub-8106111766207173\"\r\n     data-ad-slot=\"1465712950\"\r\n     data-ad-format=\"auto\"\r\n     data-full-width-responsive=\"true\"><\/ins>\r\n<script>\r\n     (adsbygoogle = window.adsbygoogle || []).push({});\r\n<\/script><\/div><\/div>","protected":false},"excerpt":{"rendered":"<p>Be\u0161irovi\u0107 nagla\u0161ava da je razlika izme\u0111u njihovih mirovina i saborskih ogromna, a dodatno se osje\u0107a izostanak podr\u0161ke dru\u0161tva i dr\u017eave.<\/p>\n","protected":false},"author":1,"featured_media":117809,"comment_status":"closed","ping_status":"closed","sticky":false,"template":"","format":"standard","meta":{"footnotes":""},"categories":[9],"tags":[627,18,237],"class_list":["post-117769","post","type-post","status-publish","format-standard","has-post-thumbnail","hentry","category-vijesti","tag-branitelji","tag-mirovine","tag-siromastvo"],"_links":{"self":[{"href":"https:\/\/www.mojevrijeme.hr\/magazin\/wp-json\/wp\/v2\/posts\/117769","targetHints":{"allow":["GET"]}}],"collection":[{"href":"https:\/\/www.mojevrijeme.hr\/magazin\/wp-json\/wp\/v2\/posts"}],"about":[{"href":"https:\/\/www.mojevrijeme.hr\/magazin\/wp-json\/wp\/v2\/types\/post"}],"author":[{"embeddable":true,"href":"https:\/\/www.mojevrijeme.hr\/magazin\/wp-json\/wp\/v2\/users\/1"}],"replies":[{"embeddable":true,"href":"https:\/\/www.mojevrijeme.hr\/magazin\/wp-json\/wp\/v2\/comments?post=117769"}],"version-history":[{"count":0,"href":"https:\/\/www.mojevrijeme.hr\/magazin\/wp-json\/wp\/v2\/posts\/117769\/revisions"}],"wp:featuredmedia":[{"embeddable":true,"href":"https:\/\/www.mojevrijeme.hr\/magazin\/wp-json\/wp\/v2\/media\/117809"}],"wp:attachment":[{"href":"https:\/\/www.mojevrijeme.hr\/magazin\/wp-json\/wp\/v2\/media?parent=117769"}],"wp:term":[{"taxonomy":"category","embeddable":true,"href":"https:\/\/www.mojevrijeme.hr\/magazin\/wp-json\/wp\/v2\/categories?post=117769"},{"taxonomy":"post_tag","embeddable":true,"href":"https:\/\/www.mojevrijeme.hr\/magazin\/wp-json\/wp\/v2\/tags?post=117769"}],"curies":[{"name":"wp","href":"https:\/\/api.w.org\/{rel}","templated":true}]}}