{"id":118103,"date":"2024-10-11T11:19:54","date_gmt":"2024-10-11T09:19:54","guid":{"rendered":"https:\/\/www.mojevrijeme.hr\/magazin\/?p=118103"},"modified":"2024-10-11T19:36:22","modified_gmt":"2024-10-11T17:36:22","slug":"hdz-u-mirovine-ide-cetvrtina-budzeta-sdp-stedite-na-umirovljenicima","status":"publish","type":"post","link":"https:\/\/www.mojevrijeme.hr\/magazin\/2024\/10\/hdz-u-mirovine-ide-cetvrtina-budzeta-sdp-stedite-na-umirovljenicima\/","title":{"rendered":"HDZ: U mirovine ide \u010detvrtina bud\u017eeta, SDP: \u0160tedite na umirovljenicima"},"content":{"rendered":"\n<p>Tijekom saborske rasprave o prijedlogu rebalansa dr\u017eavnog prora\u010dune SDP-ovi zastupnici iznijeli su cijeli niz prigovora vladaju\u0107ima koje optu\u017euju da rebalansom \u0161tede na najranjivijim skupinama. Ka\u017eu u\u0161tede su najvi\u0161e zahvatile umirovljenike pa <strong>Sabina Glasovac<\/strong> (SDP) podsje\u0107a na zaostajanje mirovina za inflacijom koja kumulativno iznosi \u010dak 26 posto u posljednje \u010detiri godine.<\/p>\n\n\n\n<p>Glasovac je upozorila na pad udjela prosje\u010dne mirovine u prosje\u010dnoj pla\u0107i, \u010dak i kad gledamo deset godina unatrag, a tada je, prema njenim rije\u010dima, prora\u010dun bio u bitno lo\u0161ijoj situaciji. Dodala je da se nada da \u0107e u prijedlogu dr\u017eavnog prora\u010duna za 2025. godinu Vlada pokazati namjeru za solidarnijom Hrvatskom. Upozorava, svaka tre\u0107a osoba u zemlji starija od 65 godina je u siroma\u0161tvu.<\/p>\n\n\n\n<p>S druge strane, iz vladaju\u0107e stranke nastavljaju s porukama da za umirovljenike \u010dine sve \u0161to mogu. <strong>Majda Buri\u0107<\/strong> (HDZ) tako ka\u017ee da njena stranka umirovljenicima ne uzima ni\u0161ta. &#8220;Ako je itko i\u0161ta umirovljenicima uzeo onda je im je to uzeo SDP&#8221;, poru\u010dila je.<\/p><div id=\"mojev-3639238431\" class=\"mojev-u-tekstu mojev-entity-placement\" style=\"margin-left: auto;margin-right: auto;text-align: center;\"><div class=\"mojev-adlabel\">oglas<\/div><div style=\"height: 250px;\"><script async src=\"https:\/\/pagead2.googlesyndication.com\/pagead\/js\/adsbygoogle.js?client=ca-pub-8106111766207173\"\r\n     crossorigin=\"anonymous\"><\/script>\r\n<!-- Prikazni 1 u tekstu -->\r\n<ins class=\"adsbygoogle\"\r\n     style=\"display:block\"\r\n     data-ad-client=\"ca-pub-8106111766207173\"\r\n     data-ad-slot=\"8535551207\"\r\n     data-ad-format=\"auto\"\r\n     data-full-width-responsive=\"true\"><\/ins>\r\n<script>\r\n     (adsbygoogle = window.adsbygoogle || []).push({});\r\n<\/script><\/div><\/div><br style=\"clear: both; display: block; float: none;\"\/>\n\n\n\n<p>Podsjetila je da je SDP uzeo 4,5 milijardi kuna iz 2. mirovinskog stupa kako bi &#8220;krpali&#8221; prora\u010dunske rupe za 2015. godinu, a to su, rekla je, uzeli djelatnim vojnim osobama te osobama s&nbsp;invaliditetom.&nbsp;Buri\u0107 je kazala i da je SDP smanjivao i mirovine i mirovinska prava hrvatskim braniteljima iz Domovinskog rata. Navela je da se sada svaki \u010detvrti euro u dr\u017eavnom prora\u010dunu odnosi na mirovinski sustav i umirovljenike te rast mirovina i mirovinskih prava.<\/p>\n\n\n\n<h3 class=\"wp-block-heading\">Koliko je Ministarstvo mirovinskog sustava u\u0161tedjelo?<\/h3>\n\n\n\n<p>Ovih je dana objavljeno da je Ministarstvo mirovinskog sustava prikazalo velike u\u0161tede (288 milijuna eura) pa je stranka BUZ koji podupire predsjedni\u010dku kandidaturu Zorana Milanovi\u0107a zaklju\u010dila da Ministarstvo \u0161tedi na umirovljenicima i zatra\u017eila ostavku resornog ministra.<\/p>\n\n\n\n<p>Ministar Marin Pileti\u0107 odgovara da su se stavke za umirovljenike pove\u0107ale, a da takozvanu u\u0161tedu predstavljaju sredstva koja se nisu isplatila kroz inkluzivni dodatak, ali \u0107e biti ispla\u0107ena. Zapelo je, dodao je, oko 80.000 zahtjeva zbog nedovoljno vje\u0161taka i nedovoljnih kapaciteta. &#8220;Do kraja godine svi moraju dobiti rje\u0161enje. Svih 140.000 koji su primali doplatak za invalidninu ili osobnu njegu, zaostatke \u0107e dobiti s 1. sije\u010dnjem idu\u0107e godine&#8221;, ustvrdio je u programu N1.<\/p>\n<div id=\"mojev-2865548799\" class=\"mojev-kraj-teksta mojev-entity-placement\" style=\"margin-bottom: 20px;margin-left: auto;margin-right: auto;text-align: center;\"><div class=\"mojev-adlabel\">oglas<\/div><div style=\"height: 250px;\"><script async src=\"https:\/\/pagead2.googlesyndication.com\/pagead\/js\/adsbygoogle.js?client=ca-pub-8106111766207173\"\r\n     crossorigin=\"anonymous\"><\/script>\r\n<!-- Display-1 -->\r\n<ins class=\"adsbygoogle\"\r\n     style=\"display:block\"\r\n     data-ad-client=\"ca-pub-8106111766207173\"\r\n     data-ad-slot=\"1465712950\"\r\n     data-ad-format=\"auto\"\r\n     data-full-width-responsive=\"true\"><\/ins>\r\n<script>\r\n     (adsbygoogle = window.adsbygoogle || []).push({});\r\n<\/script><\/div><\/div>","protected":false},"excerpt":{"rendered":"<p>\u0160tedi li Vlada na umirovljenicima kao \u0161to se ovih dana mo\u017ee \u010duti iz vi\u0161e oporbenih izvora? \u010cetvrtina bud\u017eeta ide prema umirovljenicima, podsje\u0107aju vladaju\u0107i. No siroma\u0161tvo umirovljenika raste. <\/p>\n","protected":false},"author":1,"featured_media":117406,"comment_status":"closed","ping_status":"closed","sticky":false,"template":"","format":"standard","meta":{"footnotes":""},"categories":[9],"tags":[3231,18,4257,237],"class_list":["post-118103","post","type-post","status-publish","format-standard","has-post-thumbnail","hentry","category-vijesti","tag-marin-piletic","tag-mirovine","tag-sabina-glasovac","tag-siromastvo"],"_links":{"self":[{"href":"https:\/\/www.mojevrijeme.hr\/magazin\/wp-json\/wp\/v2\/posts\/118103","targetHints":{"allow":["GET"]}}],"collection":[{"href":"https:\/\/www.mojevrijeme.hr\/magazin\/wp-json\/wp\/v2\/posts"}],"about":[{"href":"https:\/\/www.mojevrijeme.hr\/magazin\/wp-json\/wp\/v2\/types\/post"}],"author":[{"embeddable":true,"href":"https:\/\/www.mojevrijeme.hr\/magazin\/wp-json\/wp\/v2\/users\/1"}],"replies":[{"embeddable":true,"href":"https:\/\/www.mojevrijeme.hr\/magazin\/wp-json\/wp\/v2\/comments?post=118103"}],"version-history":[{"count":0,"href":"https:\/\/www.mojevrijeme.hr\/magazin\/wp-json\/wp\/v2\/posts\/118103\/revisions"}],"wp:featuredmedia":[{"embeddable":true,"href":"https:\/\/www.mojevrijeme.hr\/magazin\/wp-json\/wp\/v2\/media\/117406"}],"wp:attachment":[{"href":"https:\/\/www.mojevrijeme.hr\/magazin\/wp-json\/wp\/v2\/media?parent=118103"}],"wp:term":[{"taxonomy":"category","embeddable":true,"href":"https:\/\/www.mojevrijeme.hr\/magazin\/wp-json\/wp\/v2\/categories?post=118103"},{"taxonomy":"post_tag","embeddable":true,"href":"https:\/\/www.mojevrijeme.hr\/magazin\/wp-json\/wp\/v2\/tags?post=118103"}],"curies":[{"name":"wp","href":"https:\/\/api.w.org\/{rel}","templated":true}]}}