{"id":118763,"date":"2024-10-21T10:02:10","date_gmt":"2024-10-21T08:02:10","guid":{"rendered":"https:\/\/www.mojevrijeme.hr\/magazin\/?p=118763"},"modified":"2024-10-21T10:32:19","modified_gmt":"2024-10-21T08:32:19","slug":"draga-ksenija-nismo-vjencani-strahujem-da-ce-me-njegova-djeca-baciti-na-cestu","status":"publish","type":"post","link":"https:\/\/www.mojevrijeme.hr\/magazin\/2024\/10\/draga-ksenija-nismo-vjencani-strahujem-da-ce-me-njegova-djeca-baciti-na-cestu\/","title":{"rendered":"Draga Ksenija: Nismo vjen\u010dani, strahujem da \u0107e me njegova djeca baciti na cestu"},"content":{"rendered":"\n<p><strong>Draga Ksenija<\/strong>,  vi\u0161e od dvadeset godina \u017eivim s partnerom koji je dosta stariji od mene i ve\u0107 je na\u010detog zdravlja. Nemamo zajedni\u010dke djece, a on ima sina i k\u0107er iz prethodnog braka. To su odrasli ljudi koji imaju svoju djecu. Nismo previ\u0161e uklju\u010deni u njihove \u017eivote. \u010cestitamo si blagdane i ro\u0111endane, vidimo jednom ili dva puta godi\u0161nje.<\/p>\n\n\n\n<p>Stan u kojem \u017eivimo formalno je njegov, iako smo ga zajedno kupili, renovirali i odr\u017eavali. Svjesna sam prolaznosti \u017eivota i sve me \u010de\u0161\u0107e brine \u0161to \u0107e se dogoditi sa mnom kada njega vi\u0161e ne bude. Ho\u0107e li me njegova djeca izbaciti iz jedinog doma koji imam? Osje\u0107am se kao da sam podstanarka u vlastitom stanu.<\/p>\n\n\n\n<p>On nikada ne na\u010dinje temu moje budu\u0107nosti, a ja nisam sigurna kako bi bilo najbolje zapo\u010deti taj razgovor. Znam da je vremena za to sve manje i da moram znati koje su mi opcije. Kako rije\u0161iti problem zbog kojeg lo\u0161e spavam? <em>Nenaspavana<\/em><\/p><div id=\"mojev-3956389208\" class=\"mojev-u-tekstu mojev-entity-placement\" style=\"margin-left: auto;margin-right: auto;text-align: center;\"><div class=\"mojev-adlabel\">oglas<\/div><div style=\"height: 250px;\"><script async src=\"https:\/\/pagead2.googlesyndication.com\/pagead\/js\/adsbygoogle.js?client=ca-pub-8106111766207173\"\r\n     crossorigin=\"anonymous\"><\/script>\r\n<!-- Prikazni 1 u tekstu -->\r\n<ins class=\"adsbygoogle\"\r\n     style=\"display:block\"\r\n     data-ad-client=\"ca-pub-8106111766207173\"\r\n     data-ad-slot=\"8535551207\"\r\n     data-ad-format=\"auto\"\r\n     data-full-width-responsive=\"true\"><\/ins>\r\n<script>\r\n     (adsbygoogle = window.adsbygoogle || []).push({});\r\n<\/script><\/div><\/div><br style=\"clear: both; display: block; float: none;\"\/>\n\n\n\n<h3 class=\"wp-block-heading\">Ksenijin odgovor: Normalna je briga za vlastitu budu\u0107nost<\/h3>\n\n\n\n<p><strong>Draga Nenaspavana<\/strong>, o\u010dito je da briga koju imate jako utje\u010de na kvalitetu va\u0161eg \u017eivota. Problem je tu i morate ga rije\u0161iti. Nisam pravnica pa \u0107u se suzdr\u017eati od dijeljenja pravnih savjeta. Njih mo\u017eete prona\u0107i u arhivi na\u0161eg portala. Ali, smirite se, stvari nisu tako crne kako vam se sada \u010dini.<\/p>\n\n\n\n<p>Koncentrirat \u0107u se na odnos s va\u0161im partnerom. Prirodno je da se brinete za svoju budu\u0107nost i nema ni\u0161ta sebi\u010dno u tome. S partnerom ste dva desetlje\u0107a pa vjerojatno izme\u0111u vas postoji ljubav i povjerenje. Vjerojatno je i on svjestan svojih godina i neumitne biologije, ali ga strah od smrti sprje\u010dava u planiranju i ure\u0111ivanju imovine. Mnogi ljudi bje\u017ee od tog posla pa iza sebe ostavljaju kaos i zava\u0111ene obitelji.<\/p>\n\n\n\n<p>Za\u0161to ne biste s njim podijelili osje\u0107aje kao \u0161to ste ih podijelili sa mnom? Ka\u017eite mu da se osje\u0107ate neza\u0161ti\u0107eno i tjeskobno. Podsjetite ga koliko vam zna\u010di to \u0161to ste zajedno svo ovo vrijeme i da \u017eelite biti spremni na sve \u0161to bi budu\u0107nost mogla donijeti. Ni trenutka nemojte pomisliti da ste pohlepni ili da nemate pravo na to. U kona\u010dnici, \u017eelite osigurati da ono \u0161to ste zajedno gradili i ulagali bude priznato i po\u0161tovano. Ako mu je stalo do vas, tu nema ni\u010dega \u0161to bi ga trebalo uznemiriti.<\/p>\n\n\n\n<p>I kao svaka mudra \u017eena, potra\u017eite dobrog odvjetnika koji \u0107e vas pravno posavjetovati kako najelegantnije rije\u0161iti problem koji imate i kako se osigurati za svaki mogu\u0107i scenarij. <em>Ksenija<\/em><\/p>\n\n\n\n<div id=\"crveno\"><\/p>\n\n\n\n<h3 class=\"wp-block-heading\">Pi\u0161ite Kseniji!<\/h3>\n\n\n\n<p>\u017delite li <strong>anonimno<\/strong> postaviti pitanje i posavjetovati se s na\u0161om kolumnisticom i \u017eivotnom savjetnicom Ksenijom Habunek ili samo ispri\u010dati svoju pri\u010du i vi\u0111enje ove teme, mo\u017eete to u\u010diniti putem internetskog obrasca klikom na <a href=\"https:\/\/www.mojevrijeme.hr\/magazin\/draga-ksenija\/\"><strong>ovu poveznicu<\/strong><\/a>.<\/p>\n\n\n\n<p>Ostala pitanja i Ksenijine odgovore potra\u017eite na <a href=\"https:\/\/www.mojevrijeme.hr\/magazin\/category\/povjerljivo\/draga-ksenija\/\"><strong>ovoj poveznici<\/strong><\/a>.<\/p>\n\n\n\n<p><\/div>\n<div id=\"mojev-3598655765\" class=\"mojev-kraj-teksta mojev-entity-placement\" style=\"margin-bottom: 20px;margin-left: auto;margin-right: auto;text-align: center;\"><div class=\"mojev-adlabel\">oglas<\/div><div style=\"height: 250px;\"><script async src=\"https:\/\/pagead2.googlesyndication.com\/pagead\/js\/adsbygoogle.js?client=ca-pub-8106111766207173\"\r\n     crossorigin=\"anonymous\"><\/script>\r\n<!-- Display-1 -->\r\n<ins class=\"adsbygoogle\"\r\n     style=\"display:block\"\r\n     data-ad-client=\"ca-pub-8106111766207173\"\r\n     data-ad-slot=\"1465712950\"\r\n     data-ad-format=\"auto\"\r\n     data-full-width-responsive=\"true\"><\/ins>\r\n<script>\r\n     (adsbygoogle = window.adsbygoogle || []).push({});\r\n<\/script><\/div><\/div>","protected":false},"excerpt":{"rendered":"<p>Iako su pred zakonom vanbra\u010dne zajednice izjedna\u010dene s brakom, \u010ditateljicu brine to \u0161to nije upisana u imovinu koju je stjecala s nevjen\u010danim suprugom. Na\u0161a \u017eivotna savjetnica Ksenija Habunek misli da stvari nisu tako crne, ali da se treba osigurati za svaki scenarij. <\/p>\n","protected":false},"author":1,"featured_media":118771,"comment_status":"closed","ping_status":"closed","sticky":false,"template":"","format":"standard","meta":{"footnotes":""},"categories":[4133],"tags":[918,3902],"class_list":["post-118763","post","type-post","status-publish","format-standard","has-post-thumbnail","hentry","category-draga-ksenija","tag-imovina","tag-izvanbracna-zajednica"],"_links":{"self":[{"href":"https:\/\/www.mojevrijeme.hr\/magazin\/wp-json\/wp\/v2\/posts\/118763","targetHints":{"allow":["GET"]}}],"collection":[{"href":"https:\/\/www.mojevrijeme.hr\/magazin\/wp-json\/wp\/v2\/posts"}],"about":[{"href":"https:\/\/www.mojevrijeme.hr\/magazin\/wp-json\/wp\/v2\/types\/post"}],"author":[{"embeddable":true,"href":"https:\/\/www.mojevrijeme.hr\/magazin\/wp-json\/wp\/v2\/users\/1"}],"replies":[{"embeddable":true,"href":"https:\/\/www.mojevrijeme.hr\/magazin\/wp-json\/wp\/v2\/comments?post=118763"}],"version-history":[{"count":0,"href":"https:\/\/www.mojevrijeme.hr\/magazin\/wp-json\/wp\/v2\/posts\/118763\/revisions"}],"wp:featuredmedia":[{"embeddable":true,"href":"https:\/\/www.mojevrijeme.hr\/magazin\/wp-json\/wp\/v2\/media\/118771"}],"wp:attachment":[{"href":"https:\/\/www.mojevrijeme.hr\/magazin\/wp-json\/wp\/v2\/media?parent=118763"}],"wp:term":[{"taxonomy":"category","embeddable":true,"href":"https:\/\/www.mojevrijeme.hr\/magazin\/wp-json\/wp\/v2\/categories?post=118763"},{"taxonomy":"post_tag","embeddable":true,"href":"https:\/\/www.mojevrijeme.hr\/magazin\/wp-json\/wp\/v2\/tags?post=118763"}],"curies":[{"name":"wp","href":"https:\/\/api.w.org\/{rel}","templated":true}]}}