{"id":119036,"date":"2024-10-24T14:25:41","date_gmt":"2024-10-24T12:25:41","guid":{"rendered":"https:\/\/www.mojevrijeme.hr\/magazin\/?p=119036"},"modified":"2024-10-24T14:28:13","modified_gmt":"2024-10-24T12:28:13","slug":"sdp-i-buz-najavili-novi-prosvjed-prvi-prosvjed-nije-postigao-zeljeni-efekt","status":"publish","type":"post","link":"https:\/\/www.mojevrijeme.hr\/magazin\/2024\/10\/sdp-i-buz-najavili-novi-prosvjed-prvi-prosvjed-nije-postigao-zeljeni-efekt\/","title":{"rendered":"SDP i BUZ najavili novi prosvjed: &#8216;Prvi nije postigao \u017eeljeni efekt&#8217;"},"content":{"rendered":"\n<p>Nezadovoljni odgovorima Vlade nakon zagreba\u010dkog listopadskog prosvjeda, predsjednik Bloka umirovljenici zajedno (BUZ) <strong>Milivoj \u0160pika<\/strong> i predsjednik Foruma seniora SDP-a <strong>Ivo Jelu\u0161i<\/strong>\u0107 najavili su novi prosvjed protiv siroma\u0161tva za 9. studenog u Rijeci, javlja <a href=\"https:\/\/vijesti.hrt.hr\/hrvatska\/sdp-i-buz-najavili-novi-prosvjed-traze-da-mirovine-budu-60-posto-place-11824823\" target=\"_blank\" rel=\"noreferrer noopener\">HRT<\/a>.<\/p>\n\n\n\n<p>BUZ i Forum seniora SDP-a na novi prosvjed su se odlu\u010dili jer, ka\u017eu, prvi prosvjed u Zagrebu nije postigao \u017eeljeni efekt. Tra\u017ee mirovine dostatne za dostojanstven \u017eivot i ne odustaju od glavnog zahtjeva da prosje\u010dna mirovina bude 60 posto prosje\u010dne pla\u0107e. Ona sada iznosi 42 posto.<\/p>\n\n\n\n<p>Tvrdnje iz Vlade da nikada mirovine nisu bile ve\u0107e samo su manipulacija brojkama i igra statisti\u010dkim podacima, ustvrdio je \u0160pika. &#8220;Vlada HDZ-a nije napravila apsolutno ni\u0161ta da bi se to dovelo do 60 posto prosje\u010dne pla\u0107e, ne samo to ve\u0107 smo do\u0161li do toga da je udio mirovine u prosje\u010dnoj pla\u0107i lo\u0161iji. To \u0161to oni ka\u017eu u ovom trenutku da je povoljniji, da nikada nije bilo bolje, da nikada mirovine nisu bile ve\u0107e, to je samo manipulacija sa brojkama i igra statisti\u010dki pokazateljima&#8221;, rekao je predsjednik BUZ-a Milivoj \u0160pika.<\/p><div id=\"mojev-2866538664\" class=\"mojev-u-tekstu mojev-entity-placement\" style=\"margin-left: auto;margin-right: auto;text-align: center;\"><div class=\"mojev-adlabel\">oglas<\/div><div style=\"height: 250px;\"><script async src=\"https:\/\/pagead2.googlesyndication.com\/pagead\/js\/adsbygoogle.js?client=ca-pub-8106111766207173\"\r\n     crossorigin=\"anonymous\"><\/script>\r\n<!-- Prikazni 1 u tekstu -->\r\n<ins class=\"adsbygoogle\"\r\n     style=\"display:block\"\r\n     data-ad-client=\"ca-pub-8106111766207173\"\r\n     data-ad-slot=\"8535551207\"\r\n     data-ad-format=\"auto\"\r\n     data-full-width-responsive=\"true\"><\/ins>\r\n<script>\r\n     (adsbygoogle = window.adsbygoogle || []).push({});\r\n<\/script><\/div><\/div><br style=\"clear: both; display: block; float: none;\"\/>\n\n\n\n<p>&#8220;Do takve statistike su do\u0161li tako da su u prosje\u010dnu mirovnu ura\u010dunali sve mirovne, i one po povla\u0161tenim propisima, kojih ima 90.000, i braniteljske mirovine, koji ima oko 95.000. Kada su to &#8216;izmije\u0161ali&#8217; s mirovinama iz radnog odnosa&#8221;, do\u0161li su do pove\u0107anog iznosa, ka\u017ee \u0160pika.<\/p>\n\n\n\n<figure class=\"wp-block-image size-large\"><img loading=\"lazy\" decoding=\"async\" width=\"740\" height=\"444\" src=\"https:\/\/www.mojevrijeme.hr\/magazin\/wp-content\/uploads\/2024\/10\/protiv_siromastva_18-740x444.jpg\" alt=\"Prosvjed 'Protiv siroma\u0161tva' odr\u017ean u Zagrebu 1. listopada 2024 u organizaciji stranke Blok umirovljenici zajedno.\" class=\"wp-image-117404\" srcset=\"https:\/\/www.mojevrijeme.hr\/magazin\/wp-content\/uploads\/2024\/10\/protiv_siromastva_18-740x444.jpg 740w, https:\/\/www.mojevrijeme.hr\/magazin\/wp-content\/uploads\/2024\/10\/protiv_siromastva_18-636x382.jpg 636w, https:\/\/www.mojevrijeme.hr\/magazin\/wp-content\/uploads\/2024\/10\/protiv_siromastva_18-768x461.jpg 768w, https:\/\/www.mojevrijeme.hr\/magazin\/wp-content\/uploads\/2024\/10\/protiv_siromastva_18-1536x922.jpg 1536w, https:\/\/www.mojevrijeme.hr\/magazin\/wp-content\/uploads\/2024\/10\/protiv_siromastva_18-1500x900.jpg 1500w, https:\/\/www.mojevrijeme.hr\/magazin\/wp-content\/uploads\/2024\/10\/protiv_siromastva_18-1600x960.jpg 1600w, https:\/\/www.mojevrijeme.hr\/magazin\/wp-content\/uploads\/2024\/10\/protiv_siromastva_18-590x354.jpg 590w, https:\/\/www.mojevrijeme.hr\/magazin\/wp-content\/uploads\/2024\/10\/protiv_siromastva_18-400x240.jpg 400w, https:\/\/www.mojevrijeme.hr\/magazin\/wp-content\/uploads\/2024\/10\/protiv_siromastva_18.jpg 2000w\" sizes=\"auto, (max-width: 740px) 100vw, 740px\" \/><figcaption class=\"wp-element-caption\">Ivo Jelu\u0161i\u0107 (foto: Sandro Bura)<\/figcaption><\/figure>\n\n\n\n<p>Jelu\u0161i\u0107 isti\u010de da Vlada ne prepoznaje, ne vidi i ne rje\u0161ava problem siroma\u0161tva jer su njezini \u010dlanovi zadovoljni tre\u0107im mandatom u udobnim foteljama. &#8220;Gledaju\u0107i svoje blagostanje, ne vide kako \u017eivi obitelj s malim primanjima, ni kako \u017eivi ve\u0107ina umirovljenika s malim mirovinama. Hajdemo im zato poku\u0161ati otvoriti o\u010di&#8221;, poru\u010duje Jelu\u0161i\u0107. Vlada mora mijenjati polo\u017eaj umirovljenika, a ne statistiku kojom fingira ve\u0107e mirovine. Vlada koja to ne \u017eeli mijenjati zaslu\u017euje da se nju promijeni, dodao je. <\/p>\n<div id=\"mojev-1295856615\" class=\"mojev-kraj-teksta mojev-entity-placement\" style=\"margin-bottom: 20px;margin-left: auto;margin-right: auto;text-align: center;\"><div class=\"mojev-adlabel\">oglas<\/div><div style=\"height: 250px;\"><script async src=\"https:\/\/pagead2.googlesyndication.com\/pagead\/js\/adsbygoogle.js?client=ca-pub-8106111766207173\"\r\n     crossorigin=\"anonymous\"><\/script>\r\n<!-- Display-1 -->\r\n<ins class=\"adsbygoogle\"\r\n     style=\"display:block\"\r\n     data-ad-client=\"ca-pub-8106111766207173\"\r\n     data-ad-slot=\"1465712950\"\r\n     data-ad-format=\"auto\"\r\n     data-full-width-responsive=\"true\"><\/ins>\r\n<script>\r\n     (adsbygoogle = window.adsbygoogle || []).push({});\r\n<\/script><\/div><\/div>","protected":false},"excerpt":{"rendered":"<p>\u010celnici BUZ-a i Foruma seniora SDP-a o\u010dekuju da \u0107e se prosvjedu u Rijeci priklju\u010diti umirovljenici i zaposleni s niskim primanjima, kao i ostali gra\u0111ani, udruge i sindikati, svi koji smatraju da treba pove\u0107ati mirovine.<\/p>\n","protected":false},"author":1,"featured_media":117348,"comment_status":"closed","ping_status":"closed","sticky":false,"template":"","format":"standard","meta":{"footnotes":""},"categories":[9],"tags":[403,854,687,825,3306],"class_list":["post-119036","post","type-post","status-publish","format-standard","has-post-thumbnail","hentry","category-vijesti","tag-blok-umirovljenici-zajedno","tag-milivoj-spika","tag-prosvjedi","tag-sdp","tag-umirovljenici-zajedno"],"_links":{"self":[{"href":"https:\/\/www.mojevrijeme.hr\/magazin\/wp-json\/wp\/v2\/posts\/119036","targetHints":{"allow":["GET"]}}],"collection":[{"href":"https:\/\/www.mojevrijeme.hr\/magazin\/wp-json\/wp\/v2\/posts"}],"about":[{"href":"https:\/\/www.mojevrijeme.hr\/magazin\/wp-json\/wp\/v2\/types\/post"}],"author":[{"embeddable":true,"href":"https:\/\/www.mojevrijeme.hr\/magazin\/wp-json\/wp\/v2\/users\/1"}],"replies":[{"embeddable":true,"href":"https:\/\/www.mojevrijeme.hr\/magazin\/wp-json\/wp\/v2\/comments?post=119036"}],"version-history":[{"count":0,"href":"https:\/\/www.mojevrijeme.hr\/magazin\/wp-json\/wp\/v2\/posts\/119036\/revisions"}],"wp:featuredmedia":[{"embeddable":true,"href":"https:\/\/www.mojevrijeme.hr\/magazin\/wp-json\/wp\/v2\/media\/117348"}],"wp:attachment":[{"href":"https:\/\/www.mojevrijeme.hr\/magazin\/wp-json\/wp\/v2\/media?parent=119036"}],"wp:term":[{"taxonomy":"category","embeddable":true,"href":"https:\/\/www.mojevrijeme.hr\/magazin\/wp-json\/wp\/v2\/categories?post=119036"},{"taxonomy":"post_tag","embeddable":true,"href":"https:\/\/www.mojevrijeme.hr\/magazin\/wp-json\/wp\/v2\/tags?post=119036"}],"curies":[{"name":"wp","href":"https:\/\/api.w.org\/{rel}","templated":true}]}}