{"id":119290,"date":"2024-10-29T08:54:24","date_gmt":"2024-10-29T07:54:24","guid":{"rendered":"https:\/\/www.mojevrijeme.hr\/magazin\/?p=119290"},"modified":"2024-10-30T10:51:28","modified_gmt":"2024-10-30T09:51:28","slug":"tuzio-hrvatsku-jer-nije-zelio-mirovinu-europski-sud-ga-je-odbio","status":"publish","type":"post","link":"https:\/\/www.mojevrijeme.hr\/magazin\/2024\/10\/tuzio-hrvatsku-jer-nije-zelio-mirovinu-europski-sud-ga-je-odbio\/","title":{"rendered":"Husi\u0107 nije \u017eelio mirovinu, tu\u017eio je Hrvatsku Europskom sudu za ljudska prava"},"content":{"rendered":"\n<p>Europski sud za ljudska prava donio je odluku u slu\u010daju Husi\u0107 protiv Hrvatske u prema kojoj zahtjev tu\u017eitelja &#8211; nije dopu\u0161ten. Naime, tu\u017eitelj Husi\u0107 tvrdio je da ga je dr\u017eava diskriminirala na temelju dobi i radnog sta\u017ea. <\/p>\n\n\n\n<p>Nakon \u0161to mu je u velja\u010di 2015. godine prestao radni odnos, Hrvatski zavod za zapo\u0161ljavanje (HZZ) i tada\u0161nje Ministarstvo rada i mirovinskog sustava nisu htjeli tu\u017eenika upisati u evidenciju nezaposlenih \u010dime bi tu\u017eitelju bilo omogu\u0107eno primanje naknade za nezaposlene dok tra\u017ei novi posao. Razlog odbijenice je taj \u0161to je tu\u017eitelj navr\u0161io 61 godinu \u017eivota i imao vi\u0161e od 41 godinu sta\u017ea \u010dime je stekao uvjete za starosnu mirovinu za dugogodi\u0161njeg osiguranika, objavio je Ured zastupnika RH pred Europskim sudom.<\/p>\n\n\n\n<p>Podnositelj je bezuspje\u0161no pred upravnim sudovima osporavao odluke upravnih tijela prigovaraju\u0107i da ne \u017eeli i\u0107i u mirovinu jer je mirovina za dugogodi\u0161njeg osiguranika za njega nepovoljnija u pogledu uvjeta i iznosa mirovine, te da umjesto toga \u017eeli raditi do navr\u0161enih 65 godina \u017eivota i na taj na\u010din ste\u0107i uvjete za redovitu starosnu mirovinu. Ustavni sud Republike Hrvatske odbacio je njegove ustavne tu\u017ebe.<\/p><div id=\"mojev-1811888104\" class=\"mojev-u-tekstu mojev-entity-placement\" style=\"margin-left: auto;margin-right: auto;text-align: center;\"><div class=\"mojev-adlabel\">oglas<\/div><div style=\"height: 250px;\"><script async src=\"https:\/\/pagead2.googlesyndication.com\/pagead\/js\/adsbygoogle.js?client=ca-pub-8106111766207173\"\r\n     crossorigin=\"anonymous\"><\/script>\r\n<!-- Prikazni 1 u tekstu -->\r\n<ins class=\"adsbygoogle\"\r\n     style=\"display:block\"\r\n     data-ad-client=\"ca-pub-8106111766207173\"\r\n     data-ad-slot=\"8535551207\"\r\n     data-ad-format=\"auto\"\r\n     data-full-width-responsive=\"true\"><\/ins>\r\n<script>\r\n     (adsbygoogle = window.adsbygoogle || []).push({});\r\n<\/script><\/div><\/div><br style=\"clear: both; display: block; float: none;\"\/>\n\n\n\n<p>Podnositelj je u me\u0111uvremenu, Hrvatskom zavodu za mirovinsko osiguranje podnio zahtjev za ostvarenje starosne mirovine za dugogodi\u0161njeg osiguranika, i taj zahtjev mu je odobren. Podnio je i tu\u017ebu protiv hrvatske pred Europskim sudom, no kako stoji u odluci od 24. listopada, nije dokazao da je bio podvrgnut razli\u010ditom postupanju u odnosu na druge osobe u analognoj situaciji.<\/p>\n\n\n\n<p>Pri tom je Europski sud prihvatio navode zastupnice Republike Hrvatske da se starosnom mirovinom za dugogodi\u0161njeg osiguranika, privilegiraju osobe koje imaju duga\u010dak radni sta\u017e, a zbog povlastica pri izra\u010dunu mirovine, iznos njihove mirovine se ne smanjuje unato\u010d \u010dinjenici da su oti\u0161li u mirovinu prije navr\u0161enih 65 godina \u017eivota. Ujedno, sud je prihvatio i navod da je u relevantnom razdoblju, na ime mirovine, podnositelj ostvario vi\u0161i iznos nego \u0161to bi ostvario na ime naknade za nezaposlene te da podnositelj nije bio prisiljen oti\u0107i u mirovinu ve\u0107 je mogao nastaviti tra\u017eiti novi posao. Odluka je kona\u010dna.<\/p>\n<div id=\"mojev-2234739016\" class=\"mojev-kraj-teksta mojev-entity-placement\" style=\"margin-bottom: 20px;margin-left: auto;margin-right: auto;text-align: center;\"><div class=\"mojev-adlabel\">oglas<\/div><div style=\"height: 250px;\"><script async src=\"https:\/\/pagead2.googlesyndication.com\/pagead\/js\/adsbygoogle.js?client=ca-pub-8106111766207173\"\r\n     crossorigin=\"anonymous\"><\/script>\r\n<!-- Display-1 -->\r\n<ins class=\"adsbygoogle\"\r\n     style=\"display:block\"\r\n     data-ad-client=\"ca-pub-8106111766207173\"\r\n     data-ad-slot=\"1465712950\"\r\n     data-ad-format=\"auto\"\r\n     data-full-width-responsive=\"true\"><\/ins>\r\n<script>\r\n     (adsbygoogle = window.adsbygoogle || []).push({});\r\n<\/script><\/div><\/div>","protected":false},"excerpt":{"rendered":"<p>Nije \u017eelio prihvatiti mirovinu za dugogodi\u0161njeg osiguranika, ve\u0107 je zahtijevao naknadu za nezaposlene do zavr\u0161etka 65 godina \u017eivota.<\/p>\n","protected":false},"author":1,"featured_media":99783,"comment_status":"closed","ping_status":"closed","sticky":false,"template":"","format":"standard","meta":{"footnotes":""},"categories":[9],"tags":[2706,4271,18],"class_list":["post-119290","post","type-post","status-publish","format-standard","has-post-thumbnail","hentry","category-vijesti","tag-dob-za-umirovljenje","tag-europski-sud","tag-mirovine"],"_links":{"self":[{"href":"https:\/\/www.mojevrijeme.hr\/magazin\/wp-json\/wp\/v2\/posts\/119290","targetHints":{"allow":["GET"]}}],"collection":[{"href":"https:\/\/www.mojevrijeme.hr\/magazin\/wp-json\/wp\/v2\/posts"}],"about":[{"href":"https:\/\/www.mojevrijeme.hr\/magazin\/wp-json\/wp\/v2\/types\/post"}],"author":[{"embeddable":true,"href":"https:\/\/www.mojevrijeme.hr\/magazin\/wp-json\/wp\/v2\/users\/1"}],"replies":[{"embeddable":true,"href":"https:\/\/www.mojevrijeme.hr\/magazin\/wp-json\/wp\/v2\/comments?post=119290"}],"version-history":[{"count":0,"href":"https:\/\/www.mojevrijeme.hr\/magazin\/wp-json\/wp\/v2\/posts\/119290\/revisions"}],"wp:featuredmedia":[{"embeddable":true,"href":"https:\/\/www.mojevrijeme.hr\/magazin\/wp-json\/wp\/v2\/media\/99783"}],"wp:attachment":[{"href":"https:\/\/www.mojevrijeme.hr\/magazin\/wp-json\/wp\/v2\/media?parent=119290"}],"wp:term":[{"taxonomy":"category","embeddable":true,"href":"https:\/\/www.mojevrijeme.hr\/magazin\/wp-json\/wp\/v2\/categories?post=119290"},{"taxonomy":"post_tag","embeddable":true,"href":"https:\/\/www.mojevrijeme.hr\/magazin\/wp-json\/wp\/v2\/tags?post=119290"}],"curies":[{"name":"wp","href":"https:\/\/api.w.org\/{rel}","templated":true}]}}