{"id":119858,"date":"2024-11-05T15:07:09","date_gmt":"2024-11-05T14:07:09","guid":{"rendered":"https:\/\/www.mojevrijeme.hr\/magazin\/?p=119858"},"modified":"2024-11-05T15:07:12","modified_gmt":"2024-11-05T14:07:12","slug":"rekorderi-umirovljenik-93-iz-birca-mirovinu-prima-vec-pune-74-godine","status":"publish","type":"post","link":"https:\/\/www.mojevrijeme.hr\/magazin\/2024\/11\/rekorderi-umirovljenik-93-iz-birca-mirovinu-prima-vec-pune-74-godine\/","title":{"rendered":"Rekorderi: Umirovljenik (93) iz Bir\u010da mirovinu prima ve\u0107 pune 74 godine"},"content":{"rendered":"\n<p>Sretna i dugovje\u010dna mirovina, bez obzira kolika bila, \u017eelja je mnogih, a prema podacima Fonda mirovinskog i invalidskog osiguranja RS, u mirovini u\u017eivaju i 22 osobe starije od sto godina.<\/p>\n\n\n\n<p>Kako su iz Fonda istaknuli za <a href=\"https:\/\/www.nezavisne.com\/novosti\/drustvo\/Medju-penzionerima-u-Srpskoj-ima-i-stogodisnjaka-evo-i-koliko\/866934\" target=\"_blank\" rel=\"noreferrer noopener\">Nezavisne novine<\/a>, od navedenog broja korisnika, deset je mu\u0161kog, a 12 korisnika \u017eenskog spola. Najstariji korisnik <strong>O.\u0110.<\/strong>, sa prebivali\u0161tem na podru\u010dju Bosanske Krajine, ima 104 godine i mirovinu prima od 1980. godine, odnosno 44 godine. U evidenciji su zabilje\u017eeni i drugi korisnici koji ve\u0107 desetlje\u0107ima primaju mirovinu.<\/p>\n\n\n\n<p>Prema du\u017eini kori\u0161tenja mirovine prednja\u010di 93-godi\u0161nji korisnik <strong>Z.M.<\/strong> sa podru\u010dja Bir\u010da, koji status korisnika obiteljske mirovine ima punih 74 godine tj. od 1950. godine, nakon smrti oca koji je osobnu mirovinu koristio pet godina. Potom slijedi 79-godi\u0161nji korisnik R.Z. s podru\u010dja Bosanske Krajine, koji je korisnik obiteljske mirovine od 1952. godine, tako\u0111er nakon smrti roditelja. U pogledu du\u017eine perioda kori\u0161tenja mirovine tre\u0107i po redu je korisnik <strong>V.D.<\/strong>, koji obiteljsku mirovinu koristi od 1958. godine. <\/p><div id=\"mojev-3611641323\" class=\"mojev-u-tekstu mojev-entity-placement\" style=\"margin-left: auto;margin-right: auto;text-align: center;\"><div class=\"mojev-adlabel\">oglas<\/div><div style=\"height: 250px;\"><script async src=\"https:\/\/pagead2.googlesyndication.com\/pagead\/js\/adsbygoogle.js?client=ca-pub-8106111766207173\"\r\n     crossorigin=\"anonymous\"><\/script>\r\n<!-- Prikazni 1 u tekstu -->\r\n<ins class=\"adsbygoogle\"\r\n     style=\"display:block\"\r\n     data-ad-client=\"ca-pub-8106111766207173\"\r\n     data-ad-slot=\"8535551207\"\r\n     data-ad-format=\"auto\"\r\n     data-full-width-responsive=\"true\"><\/ins>\r\n<script>\r\n     (adsbygoogle = window.adsbygoogle || []).push({});\r\n<\/script><\/div><\/div><br style=\"clear: both; display: block; float: none;\"\/>\n\n\n\n<p><strong>Ratko Trifunovi\u0107<\/strong>, predsjednik Udru\u017eenja umirovljenika Republike Srpske, u razgovoru za Nezavisne novine istaknuo je da upravo u Udru\u017eenju umirovljenika Banjaluka imaju jednog \u010dlana koji \u0107e idu\u0107eg mjeseca napuniti 104 godine, a koji \u017eivi u Karanovcu.<\/p>\n\n\n\n<p>&#8220;Delegacija umirovljenika, a bit \u0107u i ja uklju\u010den, i\u0107i \u0107e mu \u010destitati ro\u0111endan. Imali smo i jednog umirovljenika s vi\u0161e od 100 godina na Paprikovcu. Ina\u010de, ti koji su stariji imaju obi\u010dno manje mirovine pa im poma\u017eu udruge i op\u0107ine&#8221;, ka\u017ee Trifunovi\u0107.<\/p>\n<div id=\"mojev-569026659\" class=\"mojev-kraj-teksta mojev-entity-placement\" style=\"margin-bottom: 20px;margin-left: auto;margin-right: auto;text-align: center;\"><div class=\"mojev-adlabel\">oglas<\/div><div style=\"height: 250px;\"><script async src=\"https:\/\/pagead2.googlesyndication.com\/pagead\/js\/adsbygoogle.js?client=ca-pub-8106111766207173\"\r\n     crossorigin=\"anonymous\"><\/script>\r\n<!-- Display-1 -->\r\n<ins class=\"adsbygoogle\"\r\n     style=\"display:block\"\r\n     data-ad-client=\"ca-pub-8106111766207173\"\r\n     data-ad-slot=\"1465712950\"\r\n     data-ad-format=\"auto\"\r\n     data-full-width-responsive=\"true\"><\/ins>\r\n<script>\r\n     (adsbygoogle = window.adsbygoogle || []).push({});\r\n<\/script><\/div><\/div>","protected":false},"excerpt":{"rendered":"<p>Dug \u017eivot, a mirovina mala, tako bismo mogli opisati korisnike mirovina koji u njoj u\u017eivaju preko pedeset godina.<\/p>\n","protected":false},"author":1,"featured_media":119864,"comment_status":"closed","ping_status":"closed","sticky":false,"template":"","format":"standard","meta":{"footnotes":""},"categories":[9],"tags":[1080,64,18],"class_list":["post-119858","post","type-post","status-publish","format-standard","has-post-thumbnail","hentry","category-vijesti","tag-bosna-i-hercegovina","tag-dugovjecnost","tag-mirovine"],"_links":{"self":[{"href":"https:\/\/www.mojevrijeme.hr\/magazin\/wp-json\/wp\/v2\/posts\/119858","targetHints":{"allow":["GET"]}}],"collection":[{"href":"https:\/\/www.mojevrijeme.hr\/magazin\/wp-json\/wp\/v2\/posts"}],"about":[{"href":"https:\/\/www.mojevrijeme.hr\/magazin\/wp-json\/wp\/v2\/types\/post"}],"author":[{"embeddable":true,"href":"https:\/\/www.mojevrijeme.hr\/magazin\/wp-json\/wp\/v2\/users\/1"}],"replies":[{"embeddable":true,"href":"https:\/\/www.mojevrijeme.hr\/magazin\/wp-json\/wp\/v2\/comments?post=119858"}],"version-history":[{"count":0,"href":"https:\/\/www.mojevrijeme.hr\/magazin\/wp-json\/wp\/v2\/posts\/119858\/revisions"}],"wp:featuredmedia":[{"embeddable":true,"href":"https:\/\/www.mojevrijeme.hr\/magazin\/wp-json\/wp\/v2\/media\/119864"}],"wp:attachment":[{"href":"https:\/\/www.mojevrijeme.hr\/magazin\/wp-json\/wp\/v2\/media?parent=119858"}],"wp:term":[{"taxonomy":"category","embeddable":true,"href":"https:\/\/www.mojevrijeme.hr\/magazin\/wp-json\/wp\/v2\/categories?post=119858"},{"taxonomy":"post_tag","embeddable":true,"href":"https:\/\/www.mojevrijeme.hr\/magazin\/wp-json\/wp\/v2\/tags?post=119858"}],"curies":[{"name":"wp","href":"https:\/\/api.w.org\/{rel}","templated":true}]}}