{"id":12016,"date":"2018-01-23T08:09:53","date_gmt":"2018-01-23T07:09:53","guid":{"rendered":"http:\/\/www.mojevrijeme.hr\/magazin\/?p=12016"},"modified":"2018-01-23T08:13:31","modified_gmt":"2018-01-23T07:13:31","slug":"usamljenost-televizija-i-radio-su-stalno-upaljeni-tek-toliko-da-u-pozadini-cujem-neki-razgovor","status":"publish","type":"post","link":"https:\/\/www.mojevrijeme.hr\/magazin\/2018\/01\/usamljenost-televizija-i-radio-su-stalno-upaljeni-tek-toliko-da-u-pozadini-cujem-neki-razgovor\/","title":{"rendered":"Usamljenost: &#8216;Televizija i radio su stalno upaljeni, tek toliko da u pozadini \u010dujem neki razgovor&#8217;"},"content":{"rendered":"<p><em>Nedavno smo objavili vijest da je Velika Britanija osnovala <a href=\"http:\/\/www.mojevrijeme.hr\/magazin\/2018\/01\/velika-britanija-imenovala-ministricu-za-usamljenost\/\" target=\"_blank\" rel=\"noopener\">Ministarstvo usamljenosti<\/a> jer su usamljenost, pogotovo me\u0111u starijom populacijom, prepoznali kao jedan od najve\u0107ih dru\u0161tvenih i zdravstvenih problema. Na tu inicijativu sti\u017eu i prve reakcije, a portal <a href=\"http:\/\/www.independent.co.uk\/voices\/lonely-elderly-jo-cox-loneliness-government-social-care-solitary-a8164326.html\" target=\"_blank\" rel=\"noopener\">Independent<\/a> objavio je razmi\u0161ljanje 76-godi\u0161nje <strong>June McSparron<\/strong>. Evo \u0161to ona ka\u017ee:\u00a0<\/em><\/p>\n<p>Pre\u017eivjela sam smrt dva mu\u017ea i odgojila troje djece. Radila sam i kao vrlo mlada, \u010dak i u vrijeme kad je ve\u0107ina \u017eena ostajala kod ku\u0107e. Zbog svega toga mi je jako te\u0161ko nositi se s ti\u0161inom. Kad sam se jutros probudila, \u010dula sam vijest da je Vlada izabrala <strong>Tracey Crouch<\/strong> ministricom usamljenosti. Nadam se da \u0107e to biti dobro za starije osobe kao i izolirane grupe ljudi poput njegovatelja i nemo\u0107nih.<\/p>\n<p>Ljudi \u010desto brinu da \u0107e se za Bo\u017ei\u0107 osje\u0107ati usamljeno, no to je vrijeme u\u017eurbano, a obitelji i zajednica se trude doprijeti i do onih koji se nose s pote\u0161ko\u0107ama. Ostatak godine mo\u017ee biti jednako usamljen kao i blagdani, pogotovo sije\u010danj. Grozno vrijeme u prvom mjesecu zatvara ljude u njihove ku\u0107e. Kao da hladno\u0107a nije dovoljna, tu su jo\u0161 i ki\u0161a, snijeg i poledica zbog \u010dega plo\u010dnici za starije ljude postaju prava opasnost. Iako je opasnost od pada uvijek prisutna, vijesti o ljudima koji su ostali negdje zarobljeni zbog snje\u017enog nevremena i satima \u010dekali pomo\u0107, dodatno zabrinjavaju. Zbog toga mnogi stariji tjednima ne izlaze iz ku\u0107e.<\/p><div id=\"mojev-2438197208\" class=\"mojev-u-tekstu mojev-entity-placement\" style=\"margin-left: auto;margin-right: auto;text-align: center;\"><div class=\"mojev-adlabel\">oglas<\/div><div style=\"height: 250px;\"><script async src=\"https:\/\/pagead2.googlesyndication.com\/pagead\/js\/adsbygoogle.js?client=ca-pub-8106111766207173\"\r\n     crossorigin=\"anonymous\"><\/script>\r\n<!-- Prikazni 1 u tekstu -->\r\n<ins class=\"adsbygoogle\"\r\n     style=\"display:block\"\r\n     data-ad-client=\"ca-pub-8106111766207173\"\r\n     data-ad-slot=\"8535551207\"\r\n     data-ad-format=\"auto\"\r\n     data-full-width-responsive=\"true\"><\/ins>\r\n<script>\r\n     (adsbygoogle = window.adsbygoogle || []).push({});\r\n<\/script><\/div><\/div><br style=\"clear: both; display: block; float: none;\"\/>\n<p>Moja bliska prijateljica je u bolnici. I to na zatvorenom odjelu kako bi se sprije\u010dilo \u0161irenje bolesti. Tako smo obje osu\u0111ene da neko vrijeme budemo bez dru\u0161tva. Nadam se da \u0107e uskoro ipak do\u0107i ku\u0107i jer mnogo starijih ljudi to ne mo\u017ee jer se o njima nema tko brinuti kad napuste bolnicu. Nadam se da \u0107e Ministarstvo usamljenosti obaviti svoju zada\u0107u i pru\u017eiti pomo\u0107 onima koji je najvi\u0161e trebaju. Jako me frustrira kad vlada ne\u0161to obe\u0107a, no na kraju se ni\u0161ta ne dogodi ili postane jo\u0161 gore.<\/p>\n<p>Iako ja osobno puno kontaktiram sa svojom djecom i unucima, i meni se dogode dani koji prolaze u ti\u0161ini i samo\u0107i, pogotovo otkako mi je umro mu\u017e. Televizija i radio su stalno upaljeni, tek toliko da u pozadini \u010dujem neki razgovor. Nedavno sam otkrila udrugu &#8216;Javite se starijima&#8217;. Oni organiziraju \u010dajanke radi kojih imam volje urediti se i staviti ru\u017e na usne. Odem tamo pa se nasmijem s ljudima iste dobi kao i ja. Idem tamo redovito jednom mjese\u010dno. To ni\u0161ta ne ko\u0161ta, a pokupi me voza\u010d volonter i poslije vrati ku\u0107i.<\/p>\n<p>Preporuka za one usamljenije od mene \u2013 takve zabave mogu jako puno pomo\u0107i. Svaki mjesec vi\u0111ate iste ljude \u0161to zna\u010di da mo\u017eete uspostaviti i prisniji odnos te doista porazgovarati, umjesto da stalno upoznajete ljude iznova i nalazite zajedni\u010dke teme. To je puno bolje od obi\u010dnog odlaska u kafi\u0107 gdje su svi u\u017eurbani i nemaju vremena, pa nema neke \u0161anse da s nekim porazgovarate. Prije se nekoga moglo upoznati i u supermarketu, no danas je i to te\u0161ko kad svi stalno gledaju u svoje telefone. Ponekad je te\u0161ko na\u0107i \u010dovjeka kojeg biste samo i pozdravili.<\/p>\n<p>Mislim da bi se Ministarstvo usamljenosti trebalo spojiti s raznim udrugama koje organiziraju dru\u017eenja za starije. No to \u0107e i\u0107i sporo, svjesna sam. Kroni\u010dna usamljenost nije nastala za nekoliko dana, pa ne\u0107e za nekoliko dana mo\u0107i biti ni rije\u0161ena.<\/p>\n<div id=\"mojev-2721236782\" class=\"mojev-kraj-teksta mojev-entity-placement\" style=\"margin-bottom: 20px;margin-left: auto;margin-right: auto;text-align: center;\"><div class=\"mojev-adlabel\">oglas<\/div><div style=\"height: 250px;\"><script async src=\"https:\/\/pagead2.googlesyndication.com\/pagead\/js\/adsbygoogle.js?client=ca-pub-8106111766207173\"\r\n     crossorigin=\"anonymous\"><\/script>\r\n<!-- Display-1 -->\r\n<ins class=\"adsbygoogle\"\r\n     style=\"display:block\"\r\n     data-ad-client=\"ca-pub-8106111766207173\"\r\n     data-ad-slot=\"1465712950\"\r\n     data-ad-format=\"auto\"\r\n     data-full-width-responsive=\"true\"><\/ins>\r\n<script>\r\n     (adsbygoogle = window.adsbygoogle || []).push({});\r\n<\/script><\/div><\/div>","protected":false},"excerpt":{"rendered":"<p>Usamljenost je jedan od najve\u0107ih problema koji prati stariju populaciju pa su neke zemlje ve\u0107 poduzele korake u tom smjeru. Kako doista izgleda usamljenost iz perspektive starije osobe i \u0161to se mo\u017ee poduzeti a da samovanje ne bude tako te\u0161ko, ispri\u010dala je 76-godi\u0161nja June. <\/p>\n","protected":false},"author":4,"featured_media":4978,"comment_status":"closed","ping_status":"closed","sticky":false,"template":"","format":"standard","meta":{"footnotes":""},"categories":[85],"tags":[401,80,423],"class_list":["post-12016","post","type-post","status-publish","format-standard","has-post-thumbnail","hentry","category-aktivno-starenje","tag-drustveni-zivot","tag-starenje","tag-usamljenost"],"_links":{"self":[{"href":"https:\/\/www.mojevrijeme.hr\/magazin\/wp-json\/wp\/v2\/posts\/12016","targetHints":{"allow":["GET"]}}],"collection":[{"href":"https:\/\/www.mojevrijeme.hr\/magazin\/wp-json\/wp\/v2\/posts"}],"about":[{"href":"https:\/\/www.mojevrijeme.hr\/magazin\/wp-json\/wp\/v2\/types\/post"}],"author":[{"embeddable":true,"href":"https:\/\/www.mojevrijeme.hr\/magazin\/wp-json\/wp\/v2\/users\/4"}],"replies":[{"embeddable":true,"href":"https:\/\/www.mojevrijeme.hr\/magazin\/wp-json\/wp\/v2\/comments?post=12016"}],"version-history":[{"count":0,"href":"https:\/\/www.mojevrijeme.hr\/magazin\/wp-json\/wp\/v2\/posts\/12016\/revisions"}],"wp:featuredmedia":[{"embeddable":true,"href":"https:\/\/www.mojevrijeme.hr\/magazin\/wp-json\/wp\/v2\/media\/4978"}],"wp:attachment":[{"href":"https:\/\/www.mojevrijeme.hr\/magazin\/wp-json\/wp\/v2\/media?parent=12016"}],"wp:term":[{"taxonomy":"category","embeddable":true,"href":"https:\/\/www.mojevrijeme.hr\/magazin\/wp-json\/wp\/v2\/categories?post=12016"},{"taxonomy":"post_tag","embeddable":true,"href":"https:\/\/www.mojevrijeme.hr\/magazin\/wp-json\/wp\/v2\/tags?post=12016"}],"curies":[{"name":"wp","href":"https:\/\/api.w.org\/{rel}","templated":true}]}}